{"id":34417,"date":"2017-12-03T21:59:33","date_gmt":"2017-12-04T00:59:33","guid":{"rendered":"http:\/\/caririemacao.com\/1\/?p=34417"},"modified":"2017-12-03T21:59:33","modified_gmt":"2017-12-04T00:59:33","slug":"temer-diz-que-brasil-vai-fechar-2017-no-positivo","status":"publish","type":"post","link":"https:\/\/www.caririemacao.com\/1\/2017\/12\/03\/temer-diz-que-brasil-vai-fechar-2017-no-positivo\/","title":{"rendered":"Temer diz que Brasil vai fechar 2017 \u201cno positivo\u201d"},"content":{"rendered":"<p>O presidente Michel Temer divulgou um v\u00eddeo nas redes sociais para comentar o crescimento do Produto Interno Bruto (PIB), divulgado nesta sexta-feira (1\u00ba). O presidente afirmou que o Brasil vai fechar 2017 sem recess\u00e3o e com crescimento.<\/p>\n<p>\u201cOs n\u00fameros mostram que recuperamos os investimentos. \u00c9 o primeiro resultado positivo depois de mais de tr\u00eas anos. E por que isto \u00e9 importante? Porque quando os empres\u00e1rios investem, a economia aquece e surgem os empregos. Vamos fechar 2017 no positivo, deixando para tr\u00e1s a recess\u00e3o. \u00c9 uma grande vit\u00f3ria\u201d, disse o presidente.<\/p>\n<p>Ele tamb\u00e9m atribuiu a queda da infla\u00e7\u00e3o e dos juros, al\u00e9m do crescimento da economia, \u00e0s reformas que o governo tem feito no pa\u00eds. Temer aproveitou e defendeu, mais uma vez, a aprova\u00e7\u00e3o da reforma da Previd\u00eancia, considerada priorit\u00e1ria pelo governo.<\/p>\n<p>\u201c\u00c9 uma reforma para o povo porque combate privil\u00e9gios e mant\u00e9m os direitos de quem j\u00e1 se aposentou ou mesmo de quem j\u00e1 tem condi\u00e7\u00f5es para aposentar-se. N\u00e3o muda nada para o trabalhador rural, nem para os mais pobres, nem para os que dependem da assist\u00eancia social\u201d, disse.<\/p>\n<p>Temer, seus ministros e aliados no Congresso Nacional t\u00eam se reunido frequentemente para tratar do assunto. O governo precisa reunir 308 votos para aprovar a reforma da Previd\u00eancia na C\u00e2mara. \u201cTrabalho para convencer os companheiros do Congresso Nacional, que muito tem auxiliado o governo, a votar essa mat\u00e9ria pelo bem de todos\u201d, completou.<\/p>\n<p><strong>Veja o\u00a0v\u00eddeo<\/strong><\/p>\n<div style=\"width: 400px;\" class=\"wp-video\"><video class=\"wp-video-shortcode\" id=\"video-34417-1\" width=\"400\" height=\"224\" preload=\"metadata\" controls=\"controls\"><source type=\"video\/mp4\" src=\"http:\/\/caririemacao.com\/1\/wp-content\/uploads\/2017\/12\/Temer.mp4?_=1\" \/><a href=\"http:\/\/caririemacao.com\/1\/wp-content\/uploads\/2017\/12\/Temer.mp4\">http:\/\/caririemacao.com\/1\/wp-content\/uploads\/2017\/12\/Temer.mp4<\/a><\/video><\/div>\n<p><strong>CARIRI EM A\u00c7\u00c3O<\/strong><\/p>\n<p><em>Com \u00a0Blog do Gordinho\/Foto: Google\u00a0\u00a0 <\/em><\/p>\n<p><strong>Leia mais not\u00edcias em\u00a0<\/strong><a href=\"http:\/\/www.caririemacao.com\/\"><strong>caririemacao.com<\/strong><\/a><strong>, siga nossa p\u00e1gina no\u00a0<\/strong><a href=\"https:\/\/www.facebook.com\/CaririEmAcao\/?ref=aymt_homepage_panel\"><strong>Facebook<\/strong><\/a>,<strong>\u00a0<\/strong><a href=\"https:\/\/www.instagram.com\/cariri_em_acao\/?hl=pt-br\"><strong>Instagram<\/strong><\/a><strong>\u00a0e <\/strong><a href=\"https:\/\/www.youtube.com\/channel\/UCAptA0jQuYQy8vMhLt2m4qg\"><strong>Youtube<\/strong><\/a><strong>\u00a0e veja nossas mat\u00e9rias, v\u00eddeos e fotos. Voc\u00ea tamb\u00e9m pode enviar informa\u00e7\u00f5es \u00e0 Reda\u00e7\u00e3o do Portal Cariri em A\u00e7\u00e3o pelo WhatsApp (83) 9 9634.5791, (83) 9 9601-1162.<\/strong><\/p>\n","protected":false},"excerpt":{"rendered":"<p>O presidente Michel Temer divulgou um v\u00eddeo nas redes sociais para comentar o crescimento do Produto Interno Bruto (PIB), divulgado nesta sexta-feira (1\u00ba). O presidente&hellip; <\/p>\n","protected":false},"author":2,"featured_media":14712,"comment_status":"closed","ping_status":"closed","sticky":false,"template":"","format":"standard","meta":{"sfsi_plus_gutenberg_text_before_share":"","sfsi_plus_gutenberg_show_text_before_share":"","sfsi_plus_gutenberg_icon_type":"","sfsi_plus_gutenberg_icon_alignemt":"","sfsi_plus_gutenburg_max_per_row":"","footnotes":""},"categories":[11],"tags":[],"class_list":["post-34417","post","type-post","status-publish","format-standard","has-post-thumbnail","hentry","category-politica"],"_links":{"self":[{"href":"https:\/\/www.caririemacao.com\/1\/wp-json\/wp\/v2\/posts\/34417","targetHints":{"allow":["GET"]}}],"collection":[{"href":"https:\/\/www.caririemacao.com\/1\/wp-json\/wp\/v2\/posts"}],"about":[{"href":"https:\/\/www.caririemacao.com\/1\/wp-json\/wp\/v2\/types\/post"}],"author":[{"embeddable":true,"href":"https:\/\/www.caririemacao.com\/1\/wp-json\/wp\/v2\/users\/2"}],"replies":[{"embeddable":true,"href":"https:\/\/www.caririemacao.com\/1\/wp-json\/wp\/v2\/comments?post=34417"}],"version-history":[{"count":0,"href":"https:\/\/www.caririemacao.com\/1\/wp-json\/wp\/v2\/posts\/34417\/revisions"}],"wp:featuredmedia":[{"embeddable":true,"href":"https:\/\/www.caririemacao.com\/1\/wp-json\/wp\/v2\/media\/14712"}],"wp:attachment":[{"href":"https:\/\/www.caririemacao.com\/1\/wp-json\/wp\/v2\/media?parent=34417"}],"wp:term":[{"taxonomy":"category","embeddable":true,"href":"https:\/\/www.caririemacao.com\/1\/wp-json\/wp\/v2\/categories?post=34417"},{"taxonomy":"post_tag","embeddable":true,"href":"https:\/\/www.caririemacao.com\/1\/wp-json\/wp\/v2\/tags?post=34417"}],"curies":[{"name":"wp","href":"https:\/\/api.w.org\/{rel}","templated":true}]}}