{"id":34430,"date":"2017-12-04T12:33:09","date_gmt":"2017-12-04T15:33:09","guid":{"rendered":"http:\/\/caririemacao.com\/1\/?p=34430"},"modified":"2017-12-04T12:33:09","modified_gmt":"2017-12-04T15:33:09","slug":"handebol-de-monteiro-volta-a-mostrar-forca-e-tradicao","status":"publish","type":"post","link":"https:\/\/www.caririemacao.com\/1\/2017\/12\/04\/handebol-de-monteiro-volta-a-mostrar-forca-e-tradicao\/","title":{"rendered":"Handebol de Monteiro volta a mostrar for\u00e7a e tradi\u00e7\u00e3o"},"content":{"rendered":"<p style=\"font-weight: 400;\">Ap\u00f3s um ano que quase passou despercebido, um retorno mais merecedor.<\/p>\n<p style=\"font-weight: 400;\">No Primeiro Triangular Cariri de Haandebol, ocorrido na cidade de S\u00e3o Sebasti\u00e3o do Umbuzeiro, a equipe monteirense voltou pra casa com as duas vit\u00f3rias.<\/p>\n<p style=\"font-weight: 400;\">Placares: HCM\/Invictus 29 x 15 Umbuzeiro Handebol Clube.<\/p>\n<p style=\"font-weight: 400;\">HCM\/Invictus 25 x 14 Atl\u00e9tico Handebol Clube.<\/p>\n<p><strong>CARIRI EM A\u00c7\u00c3O<\/strong><\/p>\n<p><em>Com Tribuna do Cariri\/Foto: Divulga\u00e7\u00e3o\u00a0 \u00a0<\/em><\/p>\n<p><strong>Leia mais not\u00edcias em\u00a0<\/strong><a href=\"http:\/\/www.caririemacao.com\/\"><strong>caririemacao.com<\/strong><\/a><strong>, siga nossa p\u00e1gina no\u00a0<\/strong><a href=\"https:\/\/www.facebook.com\/CaririEmAcao\/?ref=aymt_homepage_panel\"><strong>Facebook<\/strong><\/a>,<strong>\u00a0<\/strong><a href=\"https:\/\/www.instagram.com\/cariri_em_acao\/?hl=pt-br\"><strong>Instagram<\/strong><\/a><strong>\u00a0e <\/strong><a href=\"https:\/\/www.youtube.com\/channel\/UCAptA0jQuYQy8vMhLt2m4qg\"><strong>Youtube<\/strong><\/a><strong>\u00a0e veja nossas mat\u00e9rias, v\u00eddeos e fotos. Voc\u00ea tamb\u00e9m pode enviar informa\u00e7\u00f5es \u00e0 Reda\u00e7\u00e3o do Portal Cariri em A\u00e7\u00e3o pelo WhatsApp (83) 9 9634.5791, (83) 9 9601-1162.<\/strong><\/p>\n","protected":false},"excerpt":{"rendered":"<p>Ap\u00f3s um ano que quase passou despercebido, um retorno mais merecedor. No Primeiro Triangular Cariri de Haandebol, ocorrido na cidade de S\u00e3o Sebasti\u00e3o do Umbuzeiro,&hellip; <\/p>\n","protected":false},"author":2,"featured_media":34431,"comment_status":"closed","ping_status":"closed","sticky":false,"template":"","format":"standard","meta":{"sfsi_plus_gutenberg_text_before_share":"","sfsi_plus_gutenberg_show_text_before_share":"","sfsi_plus_gutenberg_icon_type":"","sfsi_plus_gutenberg_icon_alignemt":"","sfsi_plus_gutenburg_max_per_row":"","footnotes":""},"categories":[13],"tags":[],"class_list":["post-34430","post","type-post","status-publish","format-standard","has-post-thumbnail","hentry","category-esportes"],"_links":{"self":[{"href":"https:\/\/www.caririemacao.com\/1\/wp-json\/wp\/v2\/posts\/34430","targetHints":{"allow":["GET"]}}],"collection":[{"href":"https:\/\/www.caririemacao.com\/1\/wp-json\/wp\/v2\/posts"}],"about":[{"href":"https:\/\/www.caririemacao.com\/1\/wp-json\/wp\/v2\/types\/post"}],"author":[{"embeddable":true,"href":"https:\/\/www.caririemacao.com\/1\/wp-json\/wp\/v2\/users\/2"}],"replies":[{"embeddable":true,"href":"https:\/\/www.caririemacao.com\/1\/wp-json\/wp\/v2\/comments?post=34430"}],"version-history":[{"count":0,"href":"https:\/\/www.caririemacao.com\/1\/wp-json\/wp\/v2\/posts\/34430\/revisions"}],"wp:featuredmedia":[{"embeddable":true,"href":"https:\/\/www.caririemacao.com\/1\/wp-json\/wp\/v2\/media\/34431"}],"wp:attachment":[{"href":"https:\/\/www.caririemacao.com\/1\/wp-json\/wp\/v2\/media?parent=34430"}],"wp:term":[{"taxonomy":"category","embeddable":true,"href":"https:\/\/www.caririemacao.com\/1\/wp-json\/wp\/v2\/categories?post=34430"},{"taxonomy":"post_tag","embeddable":true,"href":"https:\/\/www.caririemacao.com\/1\/wp-json\/wp\/v2\/tags?post=34430"}],"curies":[{"name":"wp","href":"https:\/\/api.w.org\/{rel}","templated":true}]}}