{"id":34433,"date":"2017-12-04T12:37:11","date_gmt":"2017-12-04T15:37:11","guid":{"rendered":"http:\/\/caririemacao.com\/1\/?p=34433"},"modified":"2017-12-04T12:37:11","modified_gmt":"2017-12-04T15:37:11","slug":"governo-municipal-de-camalau-realizou-acao-em-alusao-ao-novembro-azul","status":"publish","type":"post","link":"https:\/\/www.caririemacao.com\/1\/2017\/12\/04\/governo-municipal-de-camalau-realizou-acao-em-alusao-ao-novembro-azul\/","title":{"rendered":"Governo Municipal de Camala\u00fa realizou a\u00e7\u00e3o em alus\u00e3o ao Novembro Azul"},"content":{"rendered":"<p style=\"font-weight: 400;\">O Governo Municipal atrav\u00e9s da Secretaria Municipal de Sa\u00fade, realizou nesta quinta feira dia 30, a\u00e7\u00e3o alusiva ao Novembro Azul. A a\u00e7\u00e3o ocorreu na pra\u00e7a de eventos, e contou com a presen\u00e7a de homens da nossa comunidade.<\/p>\n<p style=\"font-weight: 400;\">O secret\u00e1rio municipal de sa\u00fade Paulo Medeiros, juntamente com o vice prefeito Kiel que na oportunidade estava representando o prefeito Sandro M\u00f4co, deram as boas vindas aos participantes e falaram sobre a import\u00e2ncia do evento.<\/p>\n<p style=\"font-weight: 400;\">Aconteceu uma palestra sobre o tema em quest\u00e3o, palestra esta proferida pelo Dr. Adolfo.<\/p>\n<p style=\"font-weight: 400;\">O evento contou com a presen\u00e7a da equipe de sa\u00fade local, que ofertou ao p\u00fablico masculino diversos exames.<\/p>\n<p style=\"font-weight: 400;\">Depois foi oferecido lanche aos participantes e jogos l\u00fadicos como: sinuca, baralho, domin\u00f3 e fubica.<\/p>\n<p><strong>CARIRI EM A\u00c7\u00c3O<\/strong><\/p>\n<p><em>ComDCS\/Foto: Reprodu\u00e7\u00e3o<\/em><\/p>\n<p><strong>Leia mais not\u00edcias em\u00a0<\/strong><a href=\"http:\/\/www.caririemacao.com\/\"><strong>caririemacao.com<\/strong><\/a><strong>, siga nossa p\u00e1gina no\u00a0<\/strong><a href=\"https:\/\/www.facebook.com\/CaririEmAcao\/?ref=aymt_homepage_panel\"><strong>Facebook<\/strong><\/a>,<strong>\u00a0<\/strong><a href=\"https:\/\/www.instagram.com\/cariri_em_acao\/?hl=pt-br\"><strong>Instagram<\/strong><\/a><strong>\u00a0e <\/strong><a href=\"https:\/\/www.youtube.com\/channel\/UCAptA0jQuYQy8vMhLt2m4qg\"><strong>Youtube<\/strong><\/a><strong>\u00a0e veja nossas mat\u00e9rias, v\u00eddeos e fotos. Voc\u00ea tamb\u00e9m pode enviar informa\u00e7\u00f5es \u00e0 Reda\u00e7\u00e3o do Portal Cariri em A\u00e7\u00e3o pelo WhatsApp (83) 9 9634.5791, (83) 9 9601-1162.<\/strong><\/p>\n","protected":false},"excerpt":{"rendered":"<p>O Governo Municipal atrav\u00e9s da Secretaria Municipal de Sa\u00fade, realizou nesta quinta feira dia 30, a\u00e7\u00e3o alusiva ao Novembro Azul. A a\u00e7\u00e3o ocorreu na pra\u00e7a&hellip; <\/p>\n","protected":false},"author":2,"featured_media":34434,"comment_status":"closed","ping_status":"closed","sticky":false,"template":"","format":"standard","meta":{"sfsi_plus_gutenberg_text_before_share":"","sfsi_plus_gutenberg_show_text_before_share":"","sfsi_plus_gutenberg_icon_type":"","sfsi_plus_gutenberg_icon_alignemt":"","sfsi_plus_gutenburg_max_per_row":"","footnotes":""},"categories":[16],"tags":[],"class_list":["post-34433","post","type-post","status-publish","format-standard","has-post-thumbnail","hentry","category-saude"],"_links":{"self":[{"href":"https:\/\/www.caririemacao.com\/1\/wp-json\/wp\/v2\/posts\/34433","targetHints":{"allow":["GET"]}}],"collection":[{"href":"https:\/\/www.caririemacao.com\/1\/wp-json\/wp\/v2\/posts"}],"about":[{"href":"https:\/\/www.caririemacao.com\/1\/wp-json\/wp\/v2\/types\/post"}],"author":[{"embeddable":true,"href":"https:\/\/www.caririemacao.com\/1\/wp-json\/wp\/v2\/users\/2"}],"replies":[{"embeddable":true,"href":"https:\/\/www.caririemacao.com\/1\/wp-json\/wp\/v2\/comments?post=34433"}],"version-history":[{"count":0,"href":"https:\/\/www.caririemacao.com\/1\/wp-json\/wp\/v2\/posts\/34433\/revisions"}],"wp:featuredmedia":[{"embeddable":true,"href":"https:\/\/www.caririemacao.com\/1\/wp-json\/wp\/v2\/media\/34434"}],"wp:attachment":[{"href":"https:\/\/www.caririemacao.com\/1\/wp-json\/wp\/v2\/media?parent=34433"}],"wp:term":[{"taxonomy":"category","embeddable":true,"href":"https:\/\/www.caririemacao.com\/1\/wp-json\/wp\/v2\/categories?post=34433"},{"taxonomy":"post_tag","embeddable":true,"href":"https:\/\/www.caririemacao.com\/1\/wp-json\/wp\/v2\/tags?post=34433"}],"curies":[{"name":"wp","href":"https:\/\/api.w.org\/{rel}","templated":true}]}}