{"id":34436,"date":"2017-12-04T12:57:56","date_gmt":"2017-12-04T15:57:56","guid":{"rendered":"http:\/\/caririemacao.com\/1\/?p=34436"},"modified":"2017-12-04T12:57:56","modified_gmt":"2017-12-04T15:57:56","slug":"ministerio-publico-recomenda-municipio-de-monteiro-a-desobstruir-vias-publicas","status":"publish","type":"post","link":"https:\/\/www.caririemacao.com\/1\/2017\/12\/04\/ministerio-publico-recomenda-municipio-de-monteiro-a-desobstruir-vias-publicas\/","title":{"rendered":"Minist\u00e9rio P\u00fablico recomenda munic\u00edpio de Monteiro a desobstruir vias p\u00fablicas"},"content":{"rendered":"<p>O Promotor de Justi\u00e7a Eduardo Barros Mayer encaminhou a Prefeitura de Monteiro a Recomenda\u00e7\u00e3o n\u00ba 005\/2017, no sentido de promover a fiscaliza\u00e7\u00e3o referente \u00e0 obstru\u00e7\u00e3o das vias p\u00fablicas, a exemplo de canteiros, cal\u00e7adas pra\u00e7as, ruas e avenidas, o que vem ocorrendo com materiais de constru\u00e7\u00e3o, mesas em cal\u00e7adas, placas de com\u00e9rcios, entre outros.<\/p>\n<div>Na recomenda\u00e7\u00e3o o representante do Minist\u00e9rio P\u00fablico Estadual lembra que: \u201cA pol\u00edtica de desenvolvimento urbano, executada pelo Poder P\u00fablico municipal, conforme diretrizes gerais fixadas em lei, tem por objetivo ordenar o pleno desenvolvimento das fun\u00e7\u00f5es sociais da cidade e garantir o bem estar de seus habitantes\u201d.<\/div>\n<div><\/div>\n<div>O Promotor de Justi\u00e7a Eduardo Barros Mayer menciona na Recomenda\u00e7\u00e3o n\u00ba 005\/2017, que na circunscri\u00e7\u00e3o municipal h\u00e1 diversos estabelecimentos comerciais utilizando-se de espa\u00e7os p\u00fablicos, a exemplo de entulhos e materiais de constru\u00e7\u00f5es que impedem o direito de ir e vir livremente das pessoas, gerando inclusive riscos de acidentes.<\/div>\n<div><\/div>\n<div>Diante destas recomenda\u00e7\u00f5es, a prefeita Anna Lorena encaminhou ao setor jur\u00eddico do munic\u00edpio e a Secretaria de Administra\u00e7\u00e3o que sejam notificados os comerciantes, propriet\u00e1rios de im\u00f3veis em constru\u00e7\u00e3o e\/ou reforma, para adotarem as provid\u00eancias recomendadas pelo Minist\u00e9rio P\u00fablico e, no caso de descumprimento sejam adotadas as medidas necess\u00e1rias e at\u00e9 mesmo o embargo da obra ou suspens\u00e3o do alvar\u00e1 de funcionamento.<\/div>\n<div><\/div>\n<div>O procurador Jur\u00eddico do munic\u00edpio, Carlos Andr\u00e9, disse que a Prefeitura de Monteiro vai atender a recomenda\u00e7\u00e3o do Minist\u00e9rio P\u00fablico Estadual e notificar os infratores para no prazo de 05 (cinco) dias \u00fateis adotar as provid\u00eancias recomendas pelo Minist\u00e9rio P\u00fablico.<\/div>\n<div><\/div>\n<div><strong>CARIRI EM A\u00c7\u00c3O<\/strong><\/div>\n<div>\n<p><em>Com Secom-PMM\/Foto: Google\u00a0\u00a0 <\/em><\/p>\n<p><strong>Leia mais not\u00edcias em\u00a0<\/strong><a href=\"http:\/\/www.caririemacao.com\/\"><strong>caririemacao.com<\/strong><\/a><strong>, siga nossa p\u00e1gina no\u00a0<\/strong><a href=\"https:\/\/www.facebook.com\/CaririEmAcao\/?ref=aymt_homepage_panel\"><strong>Facebook<\/strong><\/a>,<strong>\u00a0<\/strong><a href=\"https:\/\/www.instagram.com\/cariri_em_acao\/?hl=pt-br\"><strong>Instagram<\/strong><\/a><strong>\u00a0e <\/strong><a href=\"https:\/\/www.youtube.com\/channel\/UCAptA0jQuYQy8vMhLt2m4qg\"><strong>Youtube<\/strong><\/a><strong>\u00a0e veja nossas mat\u00e9rias, v\u00eddeos e fotos. Voc\u00ea tamb\u00e9m pode enviar informa\u00e7\u00f5es \u00e0 Reda\u00e7\u00e3o do Portal Cariri em A\u00e7\u00e3o pelo WhatsApp (83) 9 9634.5791, (83) 9 9601-1162.<\/strong><\/p>\n<\/div>\n","protected":false},"excerpt":{"rendered":"<p>O Promotor de Justi\u00e7a Eduardo Barros Mayer encaminhou a Prefeitura de Monteiro a Recomenda\u00e7\u00e3o n\u00ba 005\/2017, no sentido de promover a fiscaliza\u00e7\u00e3o referente \u00e0 obstru\u00e7\u00e3o&hellip; <\/p>\n","protected":false},"author":2,"featured_media":21868,"comment_status":"closed","ping_status":"closed","sticky":false,"template":"","format":"standard","meta":{"sfsi_plus_gutenberg_text_before_share":"","sfsi_plus_gutenberg_show_text_before_share":"","sfsi_plus_gutenberg_icon_type":"","sfsi_plus_gutenberg_icon_alignemt":"","sfsi_plus_gutenburg_max_per_row":"","footnotes":""},"categories":[2],"tags":[],"class_list":["post-34436","post","type-post","status-publish","format-standard","has-post-thumbnail","hentry","category-geral"],"_links":{"self":[{"href":"https:\/\/www.caririemacao.com\/1\/wp-json\/wp\/v2\/posts\/34436","targetHints":{"allow":["GET"]}}],"collection":[{"href":"https:\/\/www.caririemacao.com\/1\/wp-json\/wp\/v2\/posts"}],"about":[{"href":"https:\/\/www.caririemacao.com\/1\/wp-json\/wp\/v2\/types\/post"}],"author":[{"embeddable":true,"href":"https:\/\/www.caririemacao.com\/1\/wp-json\/wp\/v2\/users\/2"}],"replies":[{"embeddable":true,"href":"https:\/\/www.caririemacao.com\/1\/wp-json\/wp\/v2\/comments?post=34436"}],"version-history":[{"count":0,"href":"https:\/\/www.caririemacao.com\/1\/wp-json\/wp\/v2\/posts\/34436\/revisions"}],"wp:featuredmedia":[{"embeddable":true,"href":"https:\/\/www.caririemacao.com\/1\/wp-json\/wp\/v2\/media\/21868"}],"wp:attachment":[{"href":"https:\/\/www.caririemacao.com\/1\/wp-json\/wp\/v2\/media?parent=34436"}],"wp:term":[{"taxonomy":"category","embeddable":true,"href":"https:\/\/www.caririemacao.com\/1\/wp-json\/wp\/v2\/categories?post=34436"},{"taxonomy":"post_tag","embeddable":true,"href":"https:\/\/www.caririemacao.com\/1\/wp-json\/wp\/v2\/tags?post=34436"}],"curies":[{"name":"wp","href":"https:\/\/api.w.org\/{rel}","templated":true}]}}