{"id":34438,"date":"2017-12-04T13:55:51","date_gmt":"2017-12-04T16:55:51","guid":{"rendered":"http:\/\/caririemacao.com\/1\/?p=34438"},"modified":"2017-12-04T13:55:51","modified_gmt":"2017-12-04T16:55:51","slug":"equipamento-dessalinizador-ganhador-de-premio-esta-sendo-implantado-no-cariri","status":"publish","type":"post","link":"https:\/\/www.caririemacao.com\/1\/2017\/12\/04\/equipamento-dessalinizador-ganhador-de-premio-esta-sendo-implantado-no-cariri\/","title":{"rendered":"Equipamento dessalinizador ganhador de pr\u00eamio est\u00e1 sendo implantado no Cariri"},"content":{"rendered":"<div class=\"mc-column content-media content-media--normal content-photo\" data-block-type=\"backstage-photo\" data-block-id=\"0\">\n<div class=\"content-media__container\">\n<div class=\"content-media__description-centered \">\n<p class=\"content-media__description\">Um dessalinizador de baixo custo, desenvolvido a partir da capta\u00e7\u00e3o de energia solar foi premiado nacionalmente no Pr\u00eamio Funda\u00e7\u00e3o Banco do Brasil de Tecnologia Social 2017. O projeto beneficia 37 fam\u00edlia em tr\u00eas cidades da Para\u00edba onde, de setembro a dezembro deste ano, n\u00e3o choveu na regi\u00e3o, segundo a Ag\u00eancia Executiva de Gest\u00e3o das \u00c1guas do Estado (Aesa).<\/p>\n<\/div>\n<\/div>\n<\/div>\n<div class=\"mc-column content-text active-extra-styles \" data-block-type=\"unstyled\" data-block-weight=\"50\" data-block-id=\"3\">\n<p class=\"content-text__container \" data-track-category=\"Link no Texto\" data-track-links=\"\">Custando at\u00e9 R$ 1 mil para produzir o dessalinizador, a fase de experi\u00eancia da implementou 28 unidades em tr\u00eas assentamentos em Pedra Lavrada, Cubati e S\u00e3o Vicente do Serid\u00f3. O professor da Universidade Estadual da Para\u00edba (UEPB) Francisco Loureiro, que capiteaneou o projeto, recebeu o pr\u00eamio em 23 de novembro.<\/p>\n<\/div>\n<div class=\"mc-column content-text active-extra-styles \" data-block-type=\"unstyled\" data-block-weight=\"51\" data-block-id=\"4\">\n<p class=\"content-text__container \" data-track-category=\"Link no Texto\" data-track-links=\"\">O equipamento transforma \u00e1gua salobra em pot\u00e1vel e foi produzido a partir de uma experi\u00eancia envolvendo alunos do curso de Agroecologia e membros da Cooperativa de Trabalho M\u00faltiplo de Apoio \u00e0s Organiza\u00e7\u00f5es de Autopromo\u00e7\u00e3o (COONAP), no campus II da UEPB, na cidade de Lagoa Seca, na regi\u00e3o do Agreste da Para\u00edba.<\/p>\n<\/div>\n<div class=\"mc-column content-text active-extra-styles \" data-block-type=\"unstyled\" data-block-weight=\"44\" data-block-id=\"5\">\n<p class=\"content-text__container \" data-track-category=\"Link no Texto\" data-track-links=\"\">Segundo Francisco, o dessalinizador foi projetado a partir de um trabalho de constru\u00e7\u00e3o participativa, envolvendo alunos e agricultores da regi\u00e3o. A ideia surgiu diante da necessidade de facilitar o acesso \u00e0 \u00e1gua pot\u00e1vel para as fam\u00edlias que vivem em regi\u00f5es com escassez de \u00e1gua.<\/p>\n<\/div>\n<div class=\"mc-column content-text active-extra-styles \" data-block-type=\"unstyled\" data-block-weight=\"29\" data-block-id=\"6\">\n<p class=\"content-text__container \" data-track-category=\"Link no Texto\" data-track-links=\"\">Os assentamentos Belo Monte I, em Pedra Lavrada, Belo Monte II, na cidade Cubati, e Olho D\u2019\u00c1gua, em S\u00e3o Vicente do Serid\u00f3 foram os ambientes beneficiados com os equipamentos.<\/p>\n<\/div>\n<div class=\"mc-column content-text active-extra-styles \" data-block-type=\"unstyled\" data-block-weight=\"33\" data-block-id=\"7\">\n<p class=\"content-text__container \" data-track-category=\"Link no Texto\" data-track-links=\"\">O professor credita \u00e0 escassez da chuva na regi\u00e3o o incentivo para criar o dessalinizador e fazer com que as fam\u00edlias continuem sobrevivendo de suas terras, a partir de alternativas ecol\u00f3gicas e t\u00e9cnicas.<\/p>\n<\/div>\n<div class=\"mc-column content-text active-extra-styles \" data-block-type=\"unstyled\" data-block-weight=\"44\" data-block-id=\"8\">\n<p class=\"content-text__container \" data-track-category=\"Link no Texto\" data-track-links=\"\">Ainda de acordo com ele, a procura pelo projeto tem sido grande por se tratar de um m\u00e9todo simples, de baixo custo e manuten\u00e7\u00e3o. O desejo dele \u00e9 transformar essa iniciativa em um projeto de pol\u00edtica p\u00fablica, igual aconteceu com a constru\u00e7\u00e3o de cisternas.<\/p>\n<\/div>\n<div class=\"content-ads content-ads--reveal\" data-block-type=\"ads\" data-block-id=\"9\">Quem desejar conhecer o projeto pode procurar a COONAP ou fazer o contato direto com o campus da UEPB, que est\u00e1 \u00e0 disposi\u00e7\u00e3o para contribuir. Ele diz que tem um trabalho de orienta\u00e7\u00e3o com cartilhas explicativas, o que facilita a compreens\u00e3o das pessoas que procuram a tecnologia.<\/div>\n<div class=\"mc-column content-text active-extra-styles \" data-block-type=\"unstyled\" data-block-weight=\"19\" data-block-id=\"12\">\n<p class=\"content-text__container \" data-track-category=\"Link no Texto\" data-track-links=\"\">Atualmente, segundo o professor, est\u00e3o sendo implementados 70 novas unidades do equipamento no munic\u00edpio de Cara\u00fabas, no Cariri paraibano.<\/p>\n<p class=\"content-text__container \" data-track-category=\"Link no Texto\" data-track-links=\"\"><strong>Dessalinizador<\/strong><\/p>\n<\/div>\n<div class=\"mc-column content-text active-extra-styles \" data-block-type=\"unstyled\" data-block-weight=\"27\" data-block-id=\"14\">\n<p class=\"content-text__container \" data-track-category=\"Link no Texto\" data-track-links=\"\">O modelo do dessalinizador foi projetado em uma caixa constru\u00edda com placas pr\u00e9-moldadas de concreto, com uma cobertura de vidro, que possibilita a passagem da radia\u00e7\u00e3o solar.<\/p>\n<\/div>\n<div class=\"mc-column content-text active-extra-styles \" data-block-type=\"unstyled\" data-block-weight=\"42\" data-block-id=\"15\">\n<p class=\"content-text__container \" data-track-category=\"Link no Texto\" data-track-links=\"\">Os processos de dessaliniza\u00e7\u00e3o e desinfec\u00e7\u00e3o da \u00e1gua, segundo o professor, ocorrem quando a alta temperatura no interior do dessalinizador provoca a evapora\u00e7\u00e3o da \u00e1gua, que entra em contato com a superf\u00edcie resfriada e faz o condensamento, retirando os sais antes existentes.<\/p>\n<\/div>\n<div class=\"mc-column content-text active-extra-styles \" data-block-type=\"unstyled\" data-block-weight=\"24\" data-block-id=\"16\">\n<p class=\"content-text__container \" data-track-category=\"Link no Texto\" data-track-links=\"\">O m\u00e9todo tamb\u00e9m elimina bact\u00e9rias que podem causar doen\u00e7as. Cada unidade do dessalinizador produz um volume de \u00e1gua pot\u00e1vel de 16 litros por dia.<\/p>\n<p class=\"content-text__container \" data-track-category=\"Link no Texto\" data-track-links=\"\"><strong>Premia\u00e7\u00e3o<\/strong><\/p>\n<p class=\"content-text__container \" data-track-category=\"Link no Texto\" data-track-links=\"\">O pr\u00eamio Funda\u00e7\u00e3o Banco do Brasil de Tecnologia Social contemplou sete projetos, com trof\u00e9us de vencedores e o valor de R$ 50 mil para cada experi\u00eancia, destinados \u00e0 expans\u00e3o, aperfei\u00e7oamento ou reaplica\u00e7\u00e3o da metodologia. Foram inscritos no processo o total de 735 projetos, com 18 finalistas nas categorias nacional e tr\u00eas na internacional.<\/p>\n<p class=\"content-text__container \" data-track-category=\"Link no Texto\" data-track-links=\"\"><span style=\"font-family: inherit; font-size: inherit; font-style: inherit; font-variant-ligatures: inherit; font-variant-caps: inherit; font-weight: inherit; text-align: center;\">Os outros projetos premiados durante o concurso foram desenvolvidos nos estados de S\u00e3o Paulo, com duas experi\u00eancias; Bahia, Cear\u00e1 e o Distrito Federal. Na categoria internacional, o projeto vencedor foi produzido na Argentina.<\/span><\/p>\n<p><strong>CARIRI EM A\u00c7\u00c3O<\/strong><\/p>\n<p><em>Com G1 \/Foto:Divulga\u00e7\u00e3o\u00a0\u00a0<\/em><\/p>\n<p><strong>Leia mais not\u00edcias em\u00a0<\/strong><a href=\"http:\/\/www.caririemacao.com\/\"><strong>caririemacao.com<\/strong><\/a><strong>, siga nossa p\u00e1gina no\u00a0<\/strong><a href=\"https:\/\/www.facebook.com\/CaririEmAcao\/?ref=aymt_homepage_panel\"><strong>Facebook<\/strong><\/a>,<strong>\u00a0<\/strong><a href=\"https:\/\/www.instagram.com\/cariri_em_acao\/?hl=pt-br\"><strong>Instagram<\/strong><\/a><strong>\u00a0e <\/strong><a href=\"https:\/\/www.youtube.com\/channel\/UCAptA0jQuYQy8vMhLt2m4qg\"><strong>Youtube<\/strong><\/a><strong>\u00a0e veja nossas mat\u00e9rias, v\u00eddeos e fotos. Voc\u00ea tamb\u00e9m pode enviar informa\u00e7\u00f5es \u00e0 Reda\u00e7\u00e3o do Portal Cariri em A\u00e7\u00e3o pelo WhatsApp (83) 9 9634.5791, (83) 9 9601-1162.<\/strong><\/p>\n<\/div>\n","protected":false},"excerpt":{"rendered":"<p>Um dessalinizador de baixo custo, desenvolvido a partir da capta\u00e7\u00e3o de energia solar foi premiado nacionalmente no Pr\u00eamio Funda\u00e7\u00e3o Banco do Brasil de Tecnologia Social&hellip; <\/p>\n","protected":false},"author":2,"featured_media":34445,"comment_status":"closed","ping_status":"closed","sticky":false,"template":"","format":"standard","meta":{"sfsi_plus_gutenberg_text_before_share":"","sfsi_plus_gutenberg_show_text_before_share":"","sfsi_plus_gutenberg_icon_type":"","sfsi_plus_gutenberg_icon_alignemt":"","sfsi_plus_gutenburg_max_per_row":"","footnotes":""},"categories":[2],"tags":[],"class_list":["post-34438","post","type-post","status-publish","format-standard","has-post-thumbnail","hentry","category-geral"],"_links":{"self":[{"href":"https:\/\/www.caririemacao.com\/1\/wp-json\/wp\/v2\/posts\/34438","targetHints":{"allow":["GET"]}}],"collection":[{"href":"https:\/\/www.caririemacao.com\/1\/wp-json\/wp\/v2\/posts"}],"about":[{"href":"https:\/\/www.caririemacao.com\/1\/wp-json\/wp\/v2\/types\/post"}],"author":[{"embeddable":true,"href":"https:\/\/www.caririemacao.com\/1\/wp-json\/wp\/v2\/users\/2"}],"replies":[{"embeddable":true,"href":"https:\/\/www.caririemacao.com\/1\/wp-json\/wp\/v2\/comments?post=34438"}],"version-history":[{"count":0,"href":"https:\/\/www.caririemacao.com\/1\/wp-json\/wp\/v2\/posts\/34438\/revisions"}],"wp:featuredmedia":[{"embeddable":true,"href":"https:\/\/www.caririemacao.com\/1\/wp-json\/wp\/v2\/media\/34445"}],"wp:attachment":[{"href":"https:\/\/www.caririemacao.com\/1\/wp-json\/wp\/v2\/media?parent=34438"}],"wp:term":[{"taxonomy":"category","embeddable":true,"href":"https:\/\/www.caririemacao.com\/1\/wp-json\/wp\/v2\/categories?post=34438"},{"taxonomy":"post_tag","embeddable":true,"href":"https:\/\/www.caririemacao.com\/1\/wp-json\/wp\/v2\/tags?post=34438"}],"curies":[{"name":"wp","href":"https:\/\/api.w.org\/{rel}","templated":true}]}}