{"id":34450,"date":"2017-12-04T14:06:09","date_gmt":"2017-12-04T17:06:09","guid":{"rendered":"http:\/\/caririemacao.com\/1\/?p=34450"},"modified":"2017-12-04T14:06:47","modified_gmt":"2017-12-04T17:06:47","slug":"relator-conclui-voto-sobre-recurso-de-lula-contra-condenacao-na-lava-jato","status":"publish","type":"post","link":"https:\/\/www.caririemacao.com\/1\/2017\/12\/04\/relator-conclui-voto-sobre-recurso-de-lula-contra-condenacao-na-lava-jato\/","title":{"rendered":"Relator conclui voto sobre recurso de Lula contra condena\u00e7\u00e3o na Lava Jato"},"content":{"rendered":"<div class=\"mc-column content-media content-media--normal content-photo\" data-block-type=\"backstage-photo\" data-block-id=\"0\">\n<div class=\"content-media__container\">\n<div class=\"content-media__description-centered \">\n<p class=\"content-media__description\">O desembargador Jo\u00e3o Pedro Gebran Neto, do Tribunal Regional Federal da 4\u00aa Regi\u00e3o (TRF-4), em Porto Alegre, concluiu seu voto de relator no\u00a0recurso do ex-presidente Luiz In\u00e1cio Lula da Silva\u00a0contra\u00a0condena\u00e7\u00e3o em primeira inst\u00e2ncia\u00a0no processo da Lava Jato que envolve um triplex em Guaruj\u00e1 (SP).<\/p>\n<\/div>\n<\/div>\n<\/div>\n<div class=\"mc-column content-text active-extra-styles \" data-block-type=\"unstyled\" data-block-weight=\"34\" data-block-id=\"3\">\n<p class=\"content-text__container \" data-track-category=\"Link no Texto\" data-track-links=\"\">No entanto, ainda n\u00e3o h\u00e1 uma data para o julgamento. At\u00e9 l\u00e1, o conte\u00fado do voto do relator \u00e9 sigiloso e fica dispon\u00edvel somente para os desembargadores da 8\u00aa turma, que analisar\u00e3o o caso.<\/p>\n<\/div>\n<div class=\"mc-column content-text active-extra-styles \" data-block-type=\"unstyled\" data-block-weight=\"38\" data-block-id=\"4\">\n<p class=\"content-text__container \" data-track-category=\"Link no Texto\" data-track-links=\"\">A defesa de Lula recorreu na segunda inst\u00e2ncia contra a condena\u00e7\u00e3o a 9 anos e 6 meses de pris\u00e3o pelos crimes de corrup\u00e7\u00e3o passiva e lavagem de dinheiro imposta pelo juiz S\u00e9rgio Moro, da Justi\u00e7a Federal do Paran\u00e1.<\/p>\n<\/div>\n<div class=\"mc-column content-text active-extra-styles \" data-block-type=\"unstyled\" data-block-weight=\"59\" data-block-id=\"5\">\n<p class=\"content-text__container \" data-track-category=\"Link no Texto\" data-track-links=\"\">Ap\u00f3s a conclus\u00e3o do voto do relator, o processo vai para o desembargador Leandro Paulsen, revisor do caso na 8\u00aa turma do TRF-4. Como n\u00e3o h\u00e1 um prazo para ele devolver o processo, n\u00e3o existe uma previs\u00e3o para o julgamento \u2013 quando os desembargadores decidir\u00e3o se rejeitam ou aceitam o recurso, ou ainda se modificam a condena\u00e7\u00e3o de Lula.<\/p>\n<\/div>\n<div class=\"mc-column content-text active-extra-styles \" data-block-type=\"unstyled\" data-block-weight=\"25\" data-block-id=\"6\">\n<p class=\"content-text__container \" data-track-category=\"Link no Texto\" data-track-links=\"\">Comp\u00f5em a 8\u00aa Turma do TRF-4 tr\u00eas desembargadores: o relator Jo\u00e3o Pedro Gebran Neto, o revisor Leandro Paulsen, e o decano da Corte, Victor Laus.<\/p>\n<p class=\"content-text__container \" data-track-category=\"Link no Texto\" data-track-links=\"\"><strong>Relator do TRF conclui voto do recurso de Lula no caso do triplex no Guaruj\u00e1<\/strong><\/p>\n<\/div>\n<div class=\"mc-column content-media content-media--normal content-video\" data-block-type=\"backstage-video\" data-block-id=\"7\">\n<div class=\"content-media__description-centered\">\n<p class=\"content-media__description\"><span style=\"font-family: inherit; font-size: inherit; font-style: inherit; font-variant-ligatures: inherit; font-variant-caps: inherit; font-weight: inherit; text-align: center;\">O processo chegou ao TRF-4 em 23 de agosto. A \u00faltima movimenta\u00e7\u00e3o foi \u00e0s 14h16 de sexta-feira (1), quando Gebran enviou o processo ao gabinete de Paulsen.<\/span><\/p>\n<\/div>\n<\/div>\n<div class=\"mc-column content-text active-extra-styles \" data-block-type=\"unstyled\" data-block-weight=\"44\" data-block-id=\"11\">\n<p class=\"content-text__container \" data-track-category=\"Link no Texto\" data-track-links=\"\">Agora, o revisor far\u00e1 o mesmo trabalho: analisar\u00e1 todo o processo para elaborar seu voto. Depois, o terceiro magistrado recebe o documento. Os votos s\u00f3 ser\u00e3o conhecidos no dia do julgamento. Um julgamento no TRF-4 demora, em m\u00e9dia, de 10 meses a um ano.<\/p>\n<\/div>\n<div class=\"mc-column content-text active-extra-styles \" data-block-type=\"unstyled\" data-block-weight=\"36\" data-block-id=\"12\">\n<p class=\"content-text__container \" data-track-category=\"Link no Texto\" data-track-links=\"\">O Supremo Tribunal Federal (STF) j\u00e1 determinou que, a partir do resultado do julgamento da segunda inst\u00e2ncia, o condenado passa a cumprir a pena de pris\u00e3o e se torna ficha-suja, ou seja, n\u00e3o poder\u00e1 disputar elei\u00e7\u00f5es.<\/p>\n<\/div>\n<div class=\"mc-column content-text active-extra-styles \" data-block-type=\"unstyled\" data-block-weight=\"47\" data-block-id=\"13\">\n<p class=\"content-text__container \" data-track-category=\"Link no Texto\" data-track-links=\"\">A senten\u00e7a de Moro foi publicada no dia 12 de julho e permitiu que o petista recorresse em liberdade. Lula \u00e9 acusado de ocultar a propriedade de uma cobertura triplex em Guaruj\u00e1, no litoral paulista, que seria propina da empreiteira OAS em troca de favores na Petrobras.<\/p>\n<\/div>\n<div class=\"mc-column content-text active-extra-styles \" data-block-type=\"unstyled\" data-block-weight=\"36\" data-block-id=\"14\">\n<p class=\"content-text__container \" data-track-category=\"Link no Texto\" data-track-links=\"\">No mesmo processo, Lula foi absolvido por &#8220;falta de prova suficiente da materialidade&#8221; das acusa\u00e7\u00f5es de corrup\u00e7\u00e3o e lavagem de dinheiro envolvendo o armazenamento do acervo presidencial numa transportadora, que teria sido pago pela empresa OAS.<\/p>\n<\/div>\n<div class=\"mc-column content-text active-extra-styles \" data-block-type=\"unstyled\" data-block-weight=\"27\" data-block-id=\"15\">\n<p class=\"content-text__container \" data-track-category=\"Link no Texto\" data-track-links=\"\">Em entrevista ap\u00f3s a senten\u00e7a publicada por Moro, o presidente do TRF-4 disse que o julgamento de processo contra Lula\u00a0deve acontecer antes das elei\u00e7\u00f5es de 2018.<\/p>\n<\/div>\n<div class=\"mc-column content-text active-extra-styles \" data-block-type=\"unstyled\" data-block-weight=\"42\" data-block-id=\"16\">\n<p class=\"content-text__container \" data-track-category=\"Link no Texto\" data-track-links=\"\">&#8220;Imagino que at\u00e9 agosto do ano que vem esse processo vai estar julgado. Ou o tribunal confirma essa decis\u00e3o e ele [Lula] fica ineleg\u00edvel ou reforma a decis\u00e3o e ele est\u00e1 liberado para concorrer&#8221;, afirmou Carlos Eduardo Thompson Flores Lenz na ocasi\u00e3o.<\/p>\n<\/div>\n<div class=\"mc-column content-text active-extra-styles \" data-block-type=\"unstyled\" data-block-weight=\"48\" data-block-id=\"17\">\n<p class=\"content-text__container \" data-track-category=\"Link no Texto\" data-track-links=\"\">A defesa de Lula j\u00e1 havia se manifestado sobre a condena\u00e7\u00e3o. &#8220;A absolvi\u00e7\u00e3o de Lula \u00e9 o \u00fanico resultado poss\u00edvel em um julgamento imparcial e independente, pois o ex-presidente n\u00e3o praticou qualquer crime e por isso o MPF n\u00e3o conseguiu apresentar prova de suas acusa\u00e7\u00f5es&#8221;, afirmou, em nota.<\/p>\n<p class=\"content-text__container \" data-track-category=\"Link no Texto\" data-track-links=\"\"><span style=\"font-family: inherit; font-size: inherit; font-style: inherit; font-variant-ligatures: inherit; font-variant-caps: inherit; font-weight: inherit; text-align: center;\">Outros dois r\u00e9us no mesmo processo tamb\u00e9m foram condenados, e quatro, absolvidos (<\/span><em style=\"font-family: inherit; font-size: inherit; font-variant-ligatures: inherit; font-variant-caps: inherit; font-weight: inherit; text-align: center;\">veja a lista completa abaixo<\/em><span style=\"font-family: inherit; font-size: inherit; font-style: inherit; font-variant-ligatures: inherit; font-variant-caps: inherit; font-weight: inherit; text-align: center;\">).<\/span><\/p>\n<\/div>\n<div class=\"mc-column content-text active-extra-styles \" data-block-type=\"unstyled\" data-block-weight=\"3\" data-block-id=\"20\">\n<p class=\"content-text__container \" data-track-category=\"Link no Texto\" data-track-links=\"\"><strong>R\u00e9us no processo<\/strong><\/p>\n<\/div>\n<div class=\"mc-column content-text active-extra-styles \" data-block-type=\"unstyled\" data-block-weight=\"36\" data-block-id=\"21\">\n<p class=\"content-text__container \" data-track-category=\"Link no Texto\" data-track-links=\"\"><strong>Luiz In\u00e1cio Lula da Silva, ex-presidente:\u00a0<\/strong>condenado por corrup\u00e7\u00e3o passiva e lavagem de dinheiro a 9 anos e 6 meses de pris\u00e3o no caso do triplex. Absolvido dos mesmos crimes no caso do armazenamento de bens.<\/p>\n<\/div>\n<div class=\"mc-column content-text active-extra-styles \" data-block-type=\"unstyled\" data-block-weight=\"35\" data-block-id=\"22\">\n<p class=\"content-text__container \" data-track-category=\"Link no Texto\" data-track-links=\"\"><strong>L\u00e9o Pinheiro, ex-presidente da OAS:\u00a0<\/strong>condenado por corrup\u00e7\u00e3o ativa e lavagem de dinheiro a 10 anos de 8 meses de pris\u00e3o no caso do triplex. Absolvido dos mesmo crimes no caso do armazenamento de bens.<\/p>\n<\/div>\n<div class=\"mc-column content-text active-extra-styles \" data-block-type=\"unstyled\" data-block-weight=\"16\" data-block-id=\"23\">\n<p class=\"content-text__container \" data-track-category=\"Link no Texto\" data-track-links=\"\"><strong>Agenor Franklin Magalh\u00e3es Medeiros, ex-executivo da OAS:\u00a0<\/strong>condenado por corrup\u00e7\u00e3o ativa a 6 anos de pris\u00e3o.<\/p>\n<\/div>\n<div class=\"mc-column content-text active-extra-styles \" data-block-type=\"unstyled\" data-block-weight=\"14\" data-block-id=\"24\">\n<p class=\"content-text__container \" data-track-category=\"Link no Texto\" data-track-links=\"\"><strong>Paulo Gordilho, arquiteto e ex-executivo da OAS:<\/strong>\u00a0absolvido da acusa\u00e7\u00e3o de lavagem de dinheiro.<\/p>\n<\/div>\n<div class=\"mc-column content-text active-extra-styles \" data-block-type=\"unstyled\" data-block-weight=\"13\" data-block-id=\"25\">\n<p class=\"content-text__container \" data-track-category=\"Link no Texto\" data-track-links=\"\"><strong>Paulo Okamotto, presidente do Instituto Lula:\u00a0<\/strong>absolvido da acusa\u00e7\u00e3o de lavagem de dinheiro.<\/p>\n<\/div>\n<div class=\"mc-column content-text active-extra-styles \" data-block-type=\"unstyled\" data-block-weight=\"14\" data-block-id=\"26\">\n<p class=\"content-text__container \" data-track-category=\"Link no Texto\" data-track-links=\"\"><strong>F\u00e1bio Hori Yonamine, ex-presidente da OAS Investimentos:\u00a0<\/strong>absolvido da acusa\u00e7\u00e3o de lavagem de dinheiro.<\/p>\n<\/div>\n<div class=\"mc-column content-text active-extra-styles \" data-block-type=\"unstyled\" data-block-weight=\"13\" data-block-id=\"27\">\n<p class=\"content-text__container \" data-track-category=\"Link no Texto\" data-track-links=\"\"><strong>Roberto Moreira Ferreira, ligado \u00e0 OAS:<\/strong>\u00a0absolvido da acusa\u00e7\u00e3o de lavagem de dinheiro.<\/p>\n<p class=\"content-text__container \" data-track-category=\"Link no Texto\" data-track-links=\"\"><strong>Entenda o andamento dos processos da Lava Jato no TRF4<\/strong><\/p>\n<\/div>\n<div class=\"mc-column content-text active-extra-styles\" data-block-type=\"raw\" data-block-weight=\"55\" data-block-id=\"29\">\n<ul class=\"content-unordered-list\">\n<li>Processo chega ao relator<\/li>\n<li>Inicia prazo para apela\u00e7\u00e3o dos r\u00e9us e parecer do MPF<\/li>\n<li>Relator elabora relat\u00f3rio e voto, e encaminha para o revisor<\/li>\n<li>Revisor analisa processo e elabora voto<\/li>\n<li>Votos s\u00e3o disponibilizados para os desembargadores da 8\u00aa Turma<\/li>\n<li>Quando os tr\u00eas integrantes estiverem com seus votos prontos, o revisor marca a data do julgamento<\/li>\n<\/ul>\n<\/div>\n<div class=\"mc-column content-text active-extra-styles \" data-block-type=\"unstyled\" data-block-weight=\"35\" data-block-id=\"30\">\n<p class=\"content-text__container \" data-track-category=\"Link no Texto\" data-track-links=\"\">Os votos s\u00e3o mantidos em sigilo at\u00e9 a data do julgamento. Quando as decis\u00f5es da Turma s\u00e3o por maioria, o r\u00e9u pode entrar com novo recurso no TRF-4 pedindo a preval\u00eancia do voto mais favor\u00e1vel.<\/p>\n<\/div>\n<div data-track-category=\"fim do conteudo\" data-track-action=\"ultimo chunk conteudo\" data-track-noninteraction=\"false\" data-track-scroll=\"entrada completa viewport\">\n<div class=\"mc-column content-text active-extra-styles \" data-block-type=\"unstyled\" data-block-weight=\"46\" data-block-id=\"31\">\n<p class=\"content-text__container \" data-track-category=\"Link no Texto\" data-track-links=\"\">Os embargos infringentes s\u00e3o julgados pela 4\u00aa Se\u00e7\u00e3o, que re\u00fane a 7\u00aa e 8\u00aa Turmas, especializadas em mat\u00e9ria criminal. Nesse colegiado, composto pelos seis desembargadores das turmas e presidido pelo vice-presidente do TRF-4, a relatoria das a\u00e7\u00f5es da Lava Jato \u00e9 da desembargadora federal Cl\u00e1udia Cristofani.<\/p>\n<p><strong>CARIRI EM A\u00c7\u00c3O<\/strong><\/p>\n<p><em>Com G1 \/Foto: Google\u00a0\u00a0 <\/em><\/p>\n<p><strong>Leia mais not\u00edcias em\u00a0<\/strong><a href=\"http:\/\/www.caririemacao.com\/\"><strong>caririemacao.com<\/strong><\/a><strong>, siga nossa p\u00e1gina no\u00a0<\/strong><a href=\"https:\/\/www.facebook.com\/CaririEmAcao\/?ref=aymt_homepage_panel\"><strong>Facebook<\/strong><\/a>,<strong>\u00a0<\/strong><a href=\"https:\/\/www.instagram.com\/cariri_em_acao\/?hl=pt-br\"><strong>Instagram<\/strong><\/a><strong>\u00a0e <\/strong><a href=\"https:\/\/www.youtube.com\/channel\/UCAptA0jQuYQy8vMhLt2m4qg\"><strong>Youtube<\/strong><\/a><strong>\u00a0e veja nossas mat\u00e9rias, v\u00eddeos e fotos. Voc\u00ea tamb\u00e9m pode enviar informa\u00e7\u00f5es \u00e0 Reda\u00e7\u00e3o do Portal Cariri em A\u00e7\u00e3o pelo WhatsApp (83) 9 9634.5791, (83) 9 9601-1162.<\/strong><\/p>\n<\/div>\n<\/div>\n","protected":false},"excerpt":{"rendered":"<p>O desembargador Jo\u00e3o Pedro Gebran Neto, do Tribunal Regional Federal da 4\u00aa Regi\u00e3o (TRF-4), em Porto Alegre, concluiu seu voto de relator no\u00a0recurso do ex-presidente&hellip; <\/p>\n","protected":false},"author":2,"featured_media":11226,"comment_status":"closed","ping_status":"closed","sticky":false,"template":"","format":"standard","meta":{"sfsi_plus_gutenberg_text_before_share":"","sfsi_plus_gutenberg_show_text_before_share":"","sfsi_plus_gutenberg_icon_type":"","sfsi_plus_gutenberg_icon_alignemt":"","sfsi_plus_gutenburg_max_per_row":"","footnotes":""},"categories":[11],"tags":[],"class_list":["post-34450","post","type-post","status-publish","format-standard","has-post-thumbnail","hentry","category-politica"],"_links":{"self":[{"href":"https:\/\/www.caririemacao.com\/1\/wp-json\/wp\/v2\/posts\/34450","targetHints":{"allow":["GET"]}}],"collection":[{"href":"https:\/\/www.caririemacao.com\/1\/wp-json\/wp\/v2\/posts"}],"about":[{"href":"https:\/\/www.caririemacao.com\/1\/wp-json\/wp\/v2\/types\/post"}],"author":[{"embeddable":true,"href":"https:\/\/www.caririemacao.com\/1\/wp-json\/wp\/v2\/users\/2"}],"replies":[{"embeddable":true,"href":"https:\/\/www.caririemacao.com\/1\/wp-json\/wp\/v2\/comments?post=34450"}],"version-history":[{"count":0,"href":"https:\/\/www.caririemacao.com\/1\/wp-json\/wp\/v2\/posts\/34450\/revisions"}],"wp:featuredmedia":[{"embeddable":true,"href":"https:\/\/www.caririemacao.com\/1\/wp-json\/wp\/v2\/media\/11226"}],"wp:attachment":[{"href":"https:\/\/www.caririemacao.com\/1\/wp-json\/wp\/v2\/media?parent=34450"}],"wp:term":[{"taxonomy":"category","embeddable":true,"href":"https:\/\/www.caririemacao.com\/1\/wp-json\/wp\/v2\/categories?post=34450"},{"taxonomy":"post_tag","embeddable":true,"href":"https:\/\/www.caririemacao.com\/1\/wp-json\/wp\/v2\/tags?post=34450"}],"curies":[{"name":"wp","href":"https:\/\/api.w.org\/{rel}","templated":true}]}}