{"id":34452,"date":"2017-12-04T14:09:59","date_gmt":"2017-12-04T17:09:59","guid":{"rendered":"http:\/\/caririemacao.com\/1\/?p=34452"},"modified":"2017-12-04T14:13:06","modified_gmt":"2017-12-04T17:13:06","slug":"apos-ser-expulso-do-avante-deputado-inacio-falcao-deve-se-filiar-ao-pps","status":"publish","type":"post","link":"https:\/\/www.caririemacao.com\/1\/2017\/12\/04\/apos-ser-expulso-do-avante-deputado-inacio-falcao-deve-se-filiar-ao-pps\/","title":{"rendered":"Ap\u00f3s ser expulso do Avante, deputado In\u00e1cio Falc\u00e3o deve se filiar ao PPS"},"content":{"rendered":"<p>O deputado estadual In\u00e1cio Falc\u00e3o vai se filiar nas pr\u00f3ximas semanas ao PPS. Ele aguarda apenas o desfecho do processo de expuls\u00e3o aberto pelo Conselho de \u00c9tica da legenda. A sa\u00edda do partido \u00e9 defendida pelo presidente estadual do Avante, deputado Genival Matias Filho, que alega infidelidade partid\u00e1ria.<\/p>\n<p>\u201cRecebi o convite do presidente Nonato Bandeira e a tend\u00eancia \u00e9 eu me filiar ao PPS, ap\u00f3s a conclus\u00e3o desse processo no Avante, que me deixou surpreso\u201d, comentou In\u00e1cio o qual acompanhou o governador Ricardo Coutinho, que cumpriu agenda administrativa, nesta sexta-feira (19), em Campina Grande.<\/p>\n<p>In\u00e1cio Falc\u00e3o foi acusado de preterir candidatos do Avante para apoiar advers\u00e1rios no processo eleitoral de 2016, nos munic\u00edpios de Juazeirinho, Soledade e Sousa. \u201cEm Juazeirinho, por exemplo, meu irm\u00e3o e minha filha foram os candidatos e n\u00e3o contou com o apoio de In\u00e1cio Falc\u00e3o\u201d, denunciou o presidente do Avante, Genival Matias. Outra den\u00fancia \u00e9 de que o deputado n\u00e3o contribui financeiramente com a legenda.<\/p>\n<p><strong>A defesa<\/strong><\/p>\n<p>Na defesa feita junto ao Conselho de \u00c9tica, Falc\u00e3o explicou que, em Sousa, fez campanha para o prefeito F\u00e1bio Tyrone, apoiado pelo Avante. Em rela\u00e7\u00e3o \u00e0s elei\u00e7\u00f5es em Juazeirinho, In\u00e1cio explicou que Bevilacqua Matias, irm\u00e3o de Genival, passou um per\u00edodo ineleg\u00edvel, logo n\u00e3o acreditava que el seria candidato a prefeito.<\/p>\n<p>No que respeita \u00e0 contribui\u00e7\u00e3o financeira, In\u00e1cio Falc\u00e3o garantiu que repassou R$ 20 mil ao partido, em quatro parcelas de R$ 5 mil. \u201cTodas as den\u00fancias contra mim s\u00e3o improcedentes\u201d, afirmou o parlamentar.<\/p>\n<p><strong>CARIRI EM A\u00c7\u00c3O<\/strong><\/p>\n<p><em>Com Jornal da Para\u00edba\u00a0\/Foto: Google\u00a0\u00a0 <\/em><\/p>\n<p><strong>Leia mais not\u00edcias em\u00a0<\/strong><a href=\"http:\/\/www.caririemacao.com\/\"><strong>caririemacao.com<\/strong><\/a><strong>, siga nossa p\u00e1gina no\u00a0<\/strong><a href=\"https:\/\/www.facebook.com\/CaririEmAcao\/?ref=aymt_homepage_panel\"><strong>Facebook<\/strong><\/a>,<strong>\u00a0<\/strong><a href=\"https:\/\/www.instagram.com\/cariri_em_acao\/?hl=pt-br\"><strong>Instagram<\/strong><\/a><strong>\u00a0e <\/strong><a href=\"https:\/\/www.youtube.com\/channel\/UCAptA0jQuYQy8vMhLt2m4qg\"><strong>Youtube<\/strong><\/a><strong>\u00a0e veja nossas mat\u00e9rias, v\u00eddeos e fotos. Voc\u00ea tamb\u00e9m pode enviar informa\u00e7\u00f5es \u00e0 Reda\u00e7\u00e3o do Portal Cariri em A\u00e7\u00e3o pelo WhatsApp (83) 9 9634.5791, (83) 9 9601-1162.<\/strong><\/p>\n","protected":false},"excerpt":{"rendered":"<p>O deputado estadual In\u00e1cio Falc\u00e3o vai se filiar nas pr\u00f3ximas semanas ao PPS. Ele aguarda apenas o desfecho do processo de expuls\u00e3o aberto pelo Conselho&hellip; <\/p>\n","protected":false},"author":2,"featured_media":34453,"comment_status":"closed","ping_status":"closed","sticky":false,"template":"","format":"standard","meta":{"sfsi_plus_gutenberg_text_before_share":"","sfsi_plus_gutenberg_show_text_before_share":"","sfsi_plus_gutenberg_icon_type":"","sfsi_plus_gutenberg_icon_alignemt":"","sfsi_plus_gutenburg_max_per_row":"","footnotes":""},"categories":[11],"tags":[],"class_list":["post-34452","post","type-post","status-publish","format-standard","has-post-thumbnail","hentry","category-politica"],"_links":{"self":[{"href":"https:\/\/www.caririemacao.com\/1\/wp-json\/wp\/v2\/posts\/34452","targetHints":{"allow":["GET"]}}],"collection":[{"href":"https:\/\/www.caririemacao.com\/1\/wp-json\/wp\/v2\/posts"}],"about":[{"href":"https:\/\/www.caririemacao.com\/1\/wp-json\/wp\/v2\/types\/post"}],"author":[{"embeddable":true,"href":"https:\/\/www.caririemacao.com\/1\/wp-json\/wp\/v2\/users\/2"}],"replies":[{"embeddable":true,"href":"https:\/\/www.caririemacao.com\/1\/wp-json\/wp\/v2\/comments?post=34452"}],"version-history":[{"count":0,"href":"https:\/\/www.caririemacao.com\/1\/wp-json\/wp\/v2\/posts\/34452\/revisions"}],"wp:featuredmedia":[{"embeddable":true,"href":"https:\/\/www.caririemacao.com\/1\/wp-json\/wp\/v2\/media\/34453"}],"wp:attachment":[{"href":"https:\/\/www.caririemacao.com\/1\/wp-json\/wp\/v2\/media?parent=34452"}],"wp:term":[{"taxonomy":"category","embeddable":true,"href":"https:\/\/www.caririemacao.com\/1\/wp-json\/wp\/v2\/categories?post=34452"},{"taxonomy":"post_tag","embeddable":true,"href":"https:\/\/www.caririemacao.com\/1\/wp-json\/wp\/v2\/tags?post=34452"}],"curies":[{"name":"wp","href":"https:\/\/api.w.org\/{rel}","templated":true}]}}