{"id":34458,"date":"2017-12-04T14:16:11","date_gmt":"2017-12-04T17:16:11","guid":{"rendered":"http:\/\/caririemacao.com\/1\/?p=34458"},"modified":"2017-12-04T14:16:11","modified_gmt":"2017-12-04T17:16:11","slug":"alckmin-ja-articula-por-apoio-do-pmdb-nas-eleicoes-de-2018","status":"publish","type":"post","link":"https:\/\/www.caririemacao.com\/1\/2017\/12\/04\/alckmin-ja-articula-por-apoio-do-pmdb-nas-eleicoes-de-2018\/","title":{"rendered":"Alckmin j\u00e1 articula por apoio do PMDB nas elei\u00e7\u00f5es de 2018"},"content":{"rendered":"<p>A indica\u00e7\u00e3o de<strong>\u00a0Geraldo Alckmin<\/strong>\u00a0para a presid\u00eancia do\u00a0<strong>PSDB<\/strong>\u00a0imp\u00f4s novo ritmo \u00e0 aproxima\u00e7\u00e3o do tucano com os peemedebistas, grupo com o qual ele n\u00e3o pretendia avan\u00e7ar t\u00e3o cedo nas negocia\u00e7\u00f5es que miram as<strong>\u00a0elei\u00e7\u00f5es de 2018.<\/strong>\u00a0De imediato, o governador de S\u00e3o Paulo ter\u00e1 duas miss\u00f5es que servem como teste de fogo para uma alian\u00e7a, que pode dar ao partido um acr\u00e9scimo significativo no tempo de TV durante a campanha: a garantia de votos do PSDB na reforma da Previd\u00eancia e a condu\u00e7\u00e3o do desembarque dos tucanos que ocupam cargos no governo.<\/p>\n<p>Antes mesmo de ser aclamado para comandar o PSDB, dividido entre os grupos dos senadores A\u00e9cio Neves (MG) e Tasso Jereissati (CE), Alckmin fazia movimentos pontuais e procurava lideran\u00e7as regionais do PMDB, inclusive advers\u00e1rios do grupo pol\u00edtico de Temer.<\/p>\n<p>Nos \u00faltimos 30 dias, Alckmin esteve em Pernambuco e Santa Catarina. O deputado Jarbas Vasconcelos (PMDB-PE), que votou contra Temer na an\u00e1lise da C\u00e2mara da den\u00fancia da Procuradoria-Geral da Rep\u00fablica, e o vice-governador de Santa Catarina (PGR), Eduardo Moreira, declararam publicamente voto no tucano independentemente do que vier a decidir o PMDB em n\u00edvel nacional. Essas articula\u00e7\u00f5es indicam o clima de incerteza na rela\u00e7\u00e3o do governador paulista com a c\u00fapula peemedebista.<\/p>\n<p>Apesar da desconfian\u00e7a, Alckmin procurou, h\u00e1 cerca de 45 dias, o presidente da sigla, Romero Juc\u00e1, para uma conversa em S\u00e3o Paulo. Era um in\u00edcio de aproxima\u00e7\u00e3o com o grupo de Temer.<\/p>\n<p>\u2014 Agora, com ele assumindo a presid\u00eancia do PSDB, as conversas ter\u00e3o que avan\u00e7ar \u2014 diz um dos interlocutores escalados pelo tucano para mediar a rela\u00e7\u00e3o.<\/p>\n<p><strong>ALIAN\u00c7A NO HORIZONTE<\/strong><\/p>\n<p>Nesse cen\u00e1rio, a entrega de 900 im\u00f3veis do Minha Casa, Minha Vida neste s\u00e1bado, em Limeira (SP),\u00a0reuniu Temer e Alckmin. O presidente tentou suavizar o desembarque tucano.<\/p>\n<p>\u2014 Ser\u00e1 uma coisa cort\u00eas e elegante, como \u00e9 do meu estilo e do governador. O PSDB deu uma grande colabora\u00e7\u00e3o ao governo por um ano e meio \u2014 disse Temer.<\/p>\n<p>Alckmin fez um aceno positivo.<\/p>\n<p>\u2014 Presidente, conte conosco. A boa pol\u00edtica \u00e9 buscar entendimento para os problemas do Brasil \u2014 disse o governador de S\u00e3o Paulo, que preferiu n\u00e3o comentar sobre entrega de cargos do governo.<\/p>\n<div id=\"pub-retangulo-2\" class=\"arroba publicidade clearfix\" data-google-query-id=\"CInu0u7s8NcCFdGFkQodBO4EjA\">\n<div id=\"google_ads_iframe_\/95377733\/info.web.oglobo\/brasil\/materia_6__container__\">Devem sair os ministros Luislinda Valois, dos Direitos Humanos, e Antonio Imbassahy, da secretaria de Governo. Apenas Aloysio Nunes, das Rela\u00e7\u00f5es Exteriores, pode permanecer.<\/div>\n<\/div>\n<p>Alckmin ficou sabendo pela imprensa que Temer programava uma conversa al\u00e9m do protocolar para este s\u00e1bado. O presidente demonstra interesse em discutir com o novo l\u00edder do PSDB os termos do desembarque do partido do governo.<\/p>\n<p>Realinhar o relacionamento com Temer \u00e9 obrigat\u00f3rio para Alckmin, se quiser manter em seu horizonte uma alian\u00e7a oficial com o PMDB. Essa coliga\u00e7\u00e3o \u00e9 estrat\u00e9gica para que n\u00e3o passe de amea\u00e7as o lan\u00e7amento de um outro candidato, da base do governo, para disputar o eleitorado na mira do tucano. O PMDB \u00e9 dono do maior tempo de TV no hor\u00e1rio eleitoral e da maioria das prefeituras do pa\u00eds.<\/p>\n<p>Aliados do governador relatam que a rela\u00e7\u00e3o entre Alckmin e Temer se limita \u00e0 cordialidade e andou sofrendo abalos importantes com a postura da bancada de deputados do PSDB paulista de votar contra Temer nas duas den\u00fancias da PGR.<\/p>\n<p><strong>CANDIDATURA DE MEIRELLES \u00c9 TRATADA COMO IMPROV\u00c1VEL<\/strong><\/p>\n<p>Embora o plano A do tucano seja fazer com que o PMDB n\u00e3o seja visto como um aliado priorit\u00e1rio da sua coliga\u00e7\u00e3o, a negocia\u00e7\u00e3o com a sigla \u00e9 a \u00fanica at\u00e9 agora que envolve diversos pol\u00edticos ligados ao governador. Com outros partidos, como PSB, DEM, PPS e PTB, ele tem feito a articula\u00e7\u00e3o pessoalmente. Alckmin tem dito em p\u00fablico que uma alian\u00e7a com cinco partidos de m\u00e9dio porte j\u00e1 garantiria a ele uma boa condi\u00e7\u00e3o de disputa.<\/p>\n<p>H\u00e1 cerca de um m\u00eas, um desses auxiliares de Alckmin esteve com a c\u00fapula do Planalto \u2014 Temer, Juc\u00e1 e o ministro Eliseu Padilha \u2014 para defender uma candidatura \u00fanica de centro para 2018. No encontro, prop\u00f4s que o \u00fanico candidato vi\u00e1vel era o governador e que a chance de vit\u00f3ria passaria, necessariamente, pela uni\u00e3o entre PMDB e PSDB.<\/p>\n<p>No racioc\u00ednio dos interlocutores do paulista, 50% dos votos na pr\u00f3xima elei\u00e7\u00e3o estar\u00e3o com o ex-presidente Lula \u2014 ou quem for o candidato do PT \u2014 e o deputado Jair Bolsonaro. Dos outros 50%, metade seria votos brancos e nulos, restando para uma candidatura de centro apenas 25% do eleitorado. A reuni\u00e3o terminou com o compromisso de voltarem a conversar.<\/p>\n<p>No n\u00facleo alckmista, uma candidatura do ministro Henrique Meirelles \u00e9 tratada como improv\u00e1vel. Tucanos dizem que o ministro Gilberto Kassab, presidente do PSD, rifaria Meirelles, do mesmo partido, se chegar a um acordo em que seja vice numa chapa do senador Jos\u00e9 Serra ao governo de S\u00e3o Paulo.<\/p>\n<p>\u2014 Cada vez mais se consolida a tend\u00eancia de que os partidos de centro tenham apenas uma candidatura. A bola da vez \u00e9 o governador Geraldo Alckmin. Hoje ele tem a prefer\u00eancia no sentido de ter a oportunidade de estruturar um grupo pol\u00edtico de centro \u2014 afirmou Kassab, em entrevista na semana passada.<\/p>\n<div id=\"pub-retangulo-3\" class=\"arroba publicidade clearfix\" data-google-query-id=\"COj90u7s8NcCFRWDkQodK10OWA\">\n<div id=\"google_ads_iframe_\/95377733\/info.web.oglobo\/brasil\/materia_7__container__\">Ter o apoio do PMDB na elei\u00e7\u00e3o presidencial n\u00e3o \u00e9 uma quest\u00e3o resolvida no grupo pol\u00edtico do governador. Para alguns aliados, o fardo de defender o legado do governo Temer \u00e9 alto demais para uma elei\u00e7\u00e3o com progn\u00f3stico t\u00e3o dif\u00edcil. A voz da maioria no entorno do tucano, entretanto, \u00e9 a favor de uma parceria, mas com limites.<\/div>\n<\/div>\n<p>\u2014 Geraldo tem que se posicionar na campanha como fez o Macron (presidente da Fran\u00e7a). Ele tem que falar com o pa\u00eds, mostrar o que pensa para o futuro e n\u00e3o ficar discutindo o governo Temer \u2014 defende um integrante do n\u00facleo pol\u00edtico do governador.<\/p>\n<p>O plano ideal de Alckmin \u00e9 costurar um arco de alian\u00e7a com outros partidos para apresentar-se ao PMDB com um candidato irrecus\u00e1vel. Assim, ele acredita que a fatura a ser paga em troca de apoio seria menor do que se ele ficasse ref\u00e9m dela para ter uma coliga\u00e7\u00e3o competitiva. No foco do tucano est\u00e3o PSB, DEM, PPS, PTB e o PSD. Mas o \u00fanico apoio garantido, por enquanto, \u00e9 o dos petebistas. Alckmin tem dito em p\u00fablico que uma alian\u00e7a com cinco partidos de m\u00e9dio porte j\u00e1 garantiria a ele uma boa condi\u00e7\u00e3o de disputa.<\/p>\n<p><strong>CARIRI EM A\u00c7\u00c3O<\/strong><\/p>\n<p><em>Com O Globo \/Foto: Google\u00a0\u00a0 <\/em><\/p>\n<p><strong>Leia mais not\u00edcias em\u00a0<\/strong><a href=\"http:\/\/www.caririemacao.com\/\"><strong>caririemacao.com<\/strong><\/a><strong>, siga nossa p\u00e1gina no\u00a0<\/strong><a href=\"https:\/\/www.facebook.com\/CaririEmAcao\/?ref=aymt_homepage_panel\"><strong>Facebook<\/strong><\/a>,<strong>\u00a0<\/strong><a href=\"https:\/\/www.instagram.com\/cariri_em_acao\/?hl=pt-br\"><strong>Instagram<\/strong><\/a><strong>\u00a0e <\/strong><a href=\"https:\/\/www.youtube.com\/channel\/UCAptA0jQuYQy8vMhLt2m4qg\"><strong>Youtube<\/strong><\/a><strong>\u00a0e veja nossas mat\u00e9rias, v\u00eddeos e fotos. Voc\u00ea tamb\u00e9m pode enviar informa\u00e7\u00f5es \u00e0 Reda\u00e7\u00e3o do Portal Cariri em A\u00e7\u00e3o pelo WhatsApp (83) 9 9634.5791, (83) 9 9601-1162.<\/strong><\/p>\n","protected":false},"excerpt":{"rendered":"<p>A indica\u00e7\u00e3o de\u00a0Geraldo Alckmin\u00a0para a presid\u00eancia do\u00a0PSDB\u00a0imp\u00f4s novo ritmo \u00e0 aproxima\u00e7\u00e3o do tucano com os peemedebistas, grupo com o qual ele n\u00e3o pretendia avan\u00e7ar t\u00e3o&hellip; <\/p>\n","protected":false},"author":2,"featured_media":33575,"comment_status":"closed","ping_status":"closed","sticky":false,"template":"","format":"standard","meta":{"sfsi_plus_gutenberg_text_before_share":"","sfsi_plus_gutenberg_show_text_before_share":"","sfsi_plus_gutenberg_icon_type":"","sfsi_plus_gutenberg_icon_alignemt":"","sfsi_plus_gutenburg_max_per_row":"","footnotes":""},"categories":[1],"tags":[],"class_list":["post-34458","post","type-post","status-publish","format-standard","has-post-thumbnail","hentry","category-o-site"],"_links":{"self":[{"href":"https:\/\/www.caririemacao.com\/1\/wp-json\/wp\/v2\/posts\/34458","targetHints":{"allow":["GET"]}}],"collection":[{"href":"https:\/\/www.caririemacao.com\/1\/wp-json\/wp\/v2\/posts"}],"about":[{"href":"https:\/\/www.caririemacao.com\/1\/wp-json\/wp\/v2\/types\/post"}],"author":[{"embeddable":true,"href":"https:\/\/www.caririemacao.com\/1\/wp-json\/wp\/v2\/users\/2"}],"replies":[{"embeddable":true,"href":"https:\/\/www.caririemacao.com\/1\/wp-json\/wp\/v2\/comments?post=34458"}],"version-history":[{"count":0,"href":"https:\/\/www.caririemacao.com\/1\/wp-json\/wp\/v2\/posts\/34458\/revisions"}],"wp:featuredmedia":[{"embeddable":true,"href":"https:\/\/www.caririemacao.com\/1\/wp-json\/wp\/v2\/media\/33575"}],"wp:attachment":[{"href":"https:\/\/www.caririemacao.com\/1\/wp-json\/wp\/v2\/media?parent=34458"}],"wp:term":[{"taxonomy":"category","embeddable":true,"href":"https:\/\/www.caririemacao.com\/1\/wp-json\/wp\/v2\/categories?post=34458"},{"taxonomy":"post_tag","embeddable":true,"href":"https:\/\/www.caririemacao.com\/1\/wp-json\/wp\/v2\/tags?post=34458"}],"curies":[{"name":"wp","href":"https:\/\/api.w.org\/{rel}","templated":true}]}}