{"id":34460,"date":"2017-12-04T14:22:53","date_gmt":"2017-12-04T17:22:53","guid":{"rendered":"http:\/\/caririemacao.com\/1\/?p=34460"},"modified":"2017-12-04T14:22:53","modified_gmt":"2017-12-04T17:22:53","slug":"contra-a-lei-paraiba-tem-1-082-servidores-acumulando-mais-de-tres-cargos-publicos","status":"publish","type":"post","link":"https:\/\/www.caririemacao.com\/1\/2017\/12\/04\/contra-a-lei-paraiba-tem-1-082-servidores-acumulando-mais-de-tres-cargos-publicos\/","title":{"rendered":"Contra a lei: Para\u00edba tem 1.082 servidores acumulando mais de tr\u00eas cargos p\u00fablicos"},"content":{"rendered":"<p>A farra dos cargos p\u00fablicos na Para\u00edba tem dado ares fantasmag\u00f3ricos \u00e0s prefeituras e \u00f3rg\u00e3os estaduais, na Para\u00edba. Levantamento feito com base na ferramenta \u201cFolha Limpa\u201d, dispon\u00edvel no site colaborativo \u201ceufiscal.org\u201d, mostra a exist\u00eancia de pelo menos 1.080 servidores acumulando tr\u00eas cargos no Estado. As fontes de pagamento v\u00e3o de prefeituras a \u00f3rg\u00e3os p\u00fablicos estaduais. A Constitui\u00e7\u00e3o Federal permite o ac\u00famulo de at\u00e9 dois cargos p\u00fablicos, para professores e profissionais da \u00e1rea m\u00e9dica. Na pr\u00e1tica, o que tem ocorrido \u00e9 bem diferente e mereceria a aten\u00e7\u00e3o dos \u00f3rg\u00e3os de controle. Afinal, ningu\u00e9m conseguiria estar presente em tr\u00eas reparti\u00e7\u00f5es sem que fa\u00e7a papel de fantasma em algumas dessas reparti\u00e7\u00f5es.<\/p>\n<p>Confira as regras:<\/p>\n<p>REQUISITOS B\u00c1SICOS:<br \/>\nExist\u00eancia de ac\u00famulo de cargos, empregos ou fun\u00e7\u00f5es. Conforme a Constitui\u00e7\u00e3o Federal, \u00e9 permitida a acumula\u00e7\u00e3o de:<\/p>\n<p>a) Dois cargos de professor (art. 37, inciso XVI, al\u00ednea a) da CF\/88, reda\u00e7\u00e3o dada pela EC n\u00ba 19, de 04.06.1998);<\/p>\n<p>b) Um cargo de professor com outro t\u00e9cnico ou cient\u00edfico (art. 37, inciso XVI, al\u00ednea b) da CF\/88, reda\u00e7\u00e3o dada pela EC n\u00ba 19\/98);<\/p>\n<p>c) Dois cargos de profissionais da \u00e1rea de sa\u00fade, se j\u00e1 estavam sendo exercidos antes de 05.10.88 (art. 17, \u00a7 2\u00ba do Ato das Disposi\u00e7\u00f5es Constitucionais Transit\u00f3rias \u2013 ADCT e a Resolu\u00e7\u00e3o n\u00ba 218 \u2013 CNS\/97);<\/p>\n<p>d) Dois cargos ou empregos privativos de profissionais de sa\u00fade, com profiss\u00f5es regulamentadas (art. 37, inciso XVI, al\u00ednea c) da CF\/88, reda\u00e7\u00e3o dada pela EC n\u00ba 34\/2001).<\/p>\n<p>E tem mais. A lista de abusos \u00e9 ainda mais escandalosa. Isso porque existe pelo menos setenta em sete servidores ganhando mais de quatro remunera\u00e7\u00f5es de \u00f3rg\u00e3os p\u00fablicos paraibanos. O refinamento ainda mostra o abuso de seis servidores que acumulam, cada um, cinco cargos p\u00fablicos. Um esc\u00e2ndalo. Todos os dados, inclusive nomes dos servidores que acumulam cargos e as respetivas remunera\u00e7\u00f5es podem ser acessados atrav\u00e9s do aplicativo<a href=\"http:\/\/folhalimpa.org\/\" target=\"_blank\" rel=\"noopener\">\u00a0Folha Limpa.<\/a>\u00a0O eufiscal,org \u00e9 fruto do Hackfest Contra a Corrup\u00e7\u00e3o, promovido pelo Minist\u00e9rio P\u00fablico da Para\u00edba em parceria com Rede Para\u00edba de Comunica\u00e7\u00e3o, Universidade Federal de Campina Grande, Controladoria Geral da Uni\u00e3o e outros 20 entidades e \u00f3rg\u00e3os.<\/p>\n<p><strong>CARIRI EM A\u00c7\u00c3O<\/strong><\/p>\n<p><em>Com jornaldaparaiba\/Foto: Google\u00a0\u00a0 <\/em><\/p>\n<p><strong>Leia mais not\u00edcias em\u00a0<\/strong><a href=\"http:\/\/www.caririemacao.com\/\"><strong>caririemacao.com<\/strong><\/a><strong>, siga nossa p\u00e1gina no\u00a0<\/strong><a href=\"https:\/\/www.facebook.com\/CaririEmAcao\/?ref=aymt_homepage_panel\"><strong>Facebook<\/strong><\/a>,<strong>\u00a0<\/strong><a href=\"https:\/\/www.instagram.com\/cariri_em_acao\/?hl=pt-br\"><strong>Instagram<\/strong><\/a><strong>\u00a0e <\/strong><a href=\"https:\/\/www.youtube.com\/channel\/UCAptA0jQuYQy8vMhLt2m4qg\"><strong>Youtube<\/strong><\/a><strong>\u00a0e veja nossas mat\u00e9rias, v\u00eddeos e fotos. Voc\u00ea tamb\u00e9m pode enviar informa\u00e7\u00f5es \u00e0 Reda\u00e7\u00e3o do Portal Cariri em A\u00e7\u00e3o pelo WhatsApp (83) 9 9634.5791, (83) 9 9601-1162.<\/strong><\/p>\n","protected":false},"excerpt":{"rendered":"<p>A farra dos cargos p\u00fablicos na Para\u00edba tem dado ares fantasmag\u00f3ricos \u00e0s prefeituras e \u00f3rg\u00e3os estaduais, na Para\u00edba. Levantamento feito com base na ferramenta \u201cFolha&hellip; <\/p>\n","protected":false},"author":2,"featured_media":9404,"comment_status":"closed","ping_status":"closed","sticky":false,"template":"","format":"standard","meta":{"sfsi_plus_gutenberg_text_before_share":"","sfsi_plus_gutenberg_show_text_before_share":"","sfsi_plus_gutenberg_icon_type":"","sfsi_plus_gutenberg_icon_alignemt":"","sfsi_plus_gutenburg_max_per_row":"","footnotes":""},"categories":[2],"tags":[],"class_list":["post-34460","post","type-post","status-publish","format-standard","has-post-thumbnail","hentry","category-geral"],"_links":{"self":[{"href":"https:\/\/www.caririemacao.com\/1\/wp-json\/wp\/v2\/posts\/34460","targetHints":{"allow":["GET"]}}],"collection":[{"href":"https:\/\/www.caririemacao.com\/1\/wp-json\/wp\/v2\/posts"}],"about":[{"href":"https:\/\/www.caririemacao.com\/1\/wp-json\/wp\/v2\/types\/post"}],"author":[{"embeddable":true,"href":"https:\/\/www.caririemacao.com\/1\/wp-json\/wp\/v2\/users\/2"}],"replies":[{"embeddable":true,"href":"https:\/\/www.caririemacao.com\/1\/wp-json\/wp\/v2\/comments?post=34460"}],"version-history":[{"count":0,"href":"https:\/\/www.caririemacao.com\/1\/wp-json\/wp\/v2\/posts\/34460\/revisions"}],"wp:featuredmedia":[{"embeddable":true,"href":"https:\/\/www.caririemacao.com\/1\/wp-json\/wp\/v2\/media\/9404"}],"wp:attachment":[{"href":"https:\/\/www.caririemacao.com\/1\/wp-json\/wp\/v2\/media?parent=34460"}],"wp:term":[{"taxonomy":"category","embeddable":true,"href":"https:\/\/www.caririemacao.com\/1\/wp-json\/wp\/v2\/categories?post=34460"},{"taxonomy":"post_tag","embeddable":true,"href":"https:\/\/www.caririemacao.com\/1\/wp-json\/wp\/v2\/tags?post=34460"}],"curies":[{"name":"wp","href":"https:\/\/api.w.org\/{rel}","templated":true}]}}