{"id":34471,"date":"2017-12-04T14:52:11","date_gmt":"2017-12-04T17:52:11","guid":{"rendered":"http:\/\/caririemacao.com\/1\/?p=34471"},"modified":"2017-12-04T14:52:11","modified_gmt":"2017-12-04T17:52:11","slug":"rede-lanca-marina-como-pre-candidata-a-presidencia-em-2018","status":"publish","type":"post","link":"https:\/\/www.caririemacao.com\/1\/2017\/12\/04\/rede-lanca-marina-como-pre-candidata-a-presidencia-em-2018\/","title":{"rendered":"Rede lan\u00e7a Marina como pr\u00e9-candidata \u00e0 Presid\u00eancia em 2018"},"content":{"rendered":"<div data-track-category=\"fim do conteudo\" data-track-action=\"ultimo chunk conteudo\" data-track-noninteraction=\"false\" data-track-scroll=\"entrada completa viewport\">\n<section class=\"l-noticia\">A Rede decidiu neste s\u00e1bado lan\u00e7ar o nome de Marina Silva como pr\u00e9-candidata \u00e0 Presid\u00eancia da Rep\u00fablica em 2018. A decis\u00e3o foi tomada em reuni\u00e3o dos grupos regionais do partido. Ap\u00f3s a reuni\u00e3o, j\u00e1 com a presen\u00e7a de Marina, foi lida uma carta repleta de cr\u00edticas ao atual governo e \u00e0 a\u00e7\u00e3o pol\u00edtica do &#8220;conluio&#8221;. O documento tamb\u00e9m condena as reformas ora propostas. O presidente Michel Temer batalha para tentar aprovar ainda este ano a reforma da Previd\u00eancia.<\/p>\n<p>&#8220;N\u00e3o aceitamos mais como regra da a\u00e7\u00e3o pol\u00edtica o conluio que coloca o patrim\u00f4nio de toda a sociedade a servi\u00e7o de interesses individuais ou de grupos. Sem falar daqueles que assaltaram &#8211; e dos que continuam assaltando &#8211; os cofres p\u00fablicos para enriquecimento pr\u00f3prio ou para irrigar seus projetos de poder, e que, com impressionante cinismo, falam hoje em &#8216;reformas imprescind\u00edveis&#8217; para &#8216;salvar o pa\u00eds'&#8221;, diz a carta.<\/p>\n<p>O texto diz ainda que a Rede far\u00e1 coliga\u00e7\u00f5es com partidos que tenham &#8220;protagonismo \u00e9tico, compromissos sociais e ambientais&#8221;. A quest\u00e3o das alian\u00e7as partid\u00e1rias \u00e9 um dos principais obst\u00e1culos que a legenda de Marina deve enfrentar nas elei\u00e7\u00f5es. No pleito passado, quando concorreu primeiro como vice de Eduardo Campos e depois como cabe\u00e7a de chapa, ap\u00f3s a tr\u00e1gica morte do pessebista, a ex-ministra do Meio Ambiente e ex-senadora conquistou mais de 20 milh\u00f5es de votos. Ela ficou em terceiro lugar na disputa e, no segundo turno, apoiou o tucano A\u00e9cio Neves contra Dilma Rousseff.<\/p>\n<p>O partido diz que, em 2014, Marina sofreu com tentativas de &#8220;desconstru\u00e7\u00e3o de sua lideran\u00e7a&#8221;, mas que hoje representa uma alternativa rela para &#8220;unir a sociedade e superar o \u00f3dio, as mentiras, a polariza\u00e7\u00e3o e a descren\u00e7a&#8221;. Nesse primeiro manifesto pr\u00e9-eleitoral, a Rede lan\u00e7a como uma de suas bandeiras o combate \u00e0 corrup\u00e7\u00e3o. A quest\u00e3o ambiental e social tamb\u00e9m s\u00e3o apontadas como priorit\u00e1rias. No evento, est\u00e1 presente a ex-senadora Helo\u00edsa Helena.<\/p>\n<\/section>\n<\/div>\n<div class=\"mc-article-body\">\n<article>\n<div data-track-category=\"fim do conteudo\" data-track-action=\"ultimo chunk conteudo\" data-track-noninteraction=\"false\" data-track-scroll=\"entrada completa viewport\"><strong>CARIRI EM A\u00c7\u00c3O<\/strong><\/div>\n<\/article>\n<\/div>\n<p><em>Com O GLOBO\/Foto: Google\u00a0\u00a0 <\/em><\/p>\n<p><strong>Leia mais not\u00edcias em\u00a0<\/strong><a href=\"http:\/\/www.caririemacao.com\/\"><strong>caririemacao.com<\/strong><\/a><strong>, siga nossa p\u00e1gina no\u00a0<\/strong><a href=\"https:\/\/www.facebook.com\/CaririEmAcao\/?ref=aymt_homepage_panel\"><strong>Facebook<\/strong><\/a>,<strong>\u00a0<\/strong><a href=\"https:\/\/www.instagram.com\/cariri_em_acao\/?hl=pt-br\"><strong>Instagram<\/strong><\/a><strong>\u00a0e <\/strong><a href=\"https:\/\/www.youtube.com\/channel\/UCAptA0jQuYQy8vMhLt2m4qg\"><strong>Youtube<\/strong><\/a><strong>\u00a0e veja nossas mat\u00e9rias, v\u00eddeos e fotos. Voc\u00ea tamb\u00e9m pode enviar informa\u00e7\u00f5es \u00e0 Reda\u00e7\u00e3o do Portal Cariri em A\u00e7\u00e3o pelo WhatsApp (83) 9 9634.5791, (83) 9 9601-1162.<\/strong><\/p>\n","protected":false},"excerpt":{"rendered":"<p>A Rede decidiu neste s\u00e1bado lan\u00e7ar o nome de Marina Silva como pr\u00e9-candidata \u00e0 Presid\u00eancia da Rep\u00fablica em 2018. A decis\u00e3o foi tomada em reuni\u00e3o&hellip; <\/p>\n","protected":false},"author":2,"featured_media":34478,"comment_status":"closed","ping_status":"closed","sticky":false,"template":"","format":"standard","meta":{"sfsi_plus_gutenberg_text_before_share":"","sfsi_plus_gutenberg_show_text_before_share":"","sfsi_plus_gutenberg_icon_type":"","sfsi_plus_gutenberg_icon_alignemt":"","sfsi_plus_gutenburg_max_per_row":"","footnotes":""},"categories":[1],"tags":[],"class_list":["post-34471","post","type-post","status-publish","format-standard","has-post-thumbnail","hentry","category-o-site"],"_links":{"self":[{"href":"https:\/\/www.caririemacao.com\/1\/wp-json\/wp\/v2\/posts\/34471","targetHints":{"allow":["GET"]}}],"collection":[{"href":"https:\/\/www.caririemacao.com\/1\/wp-json\/wp\/v2\/posts"}],"about":[{"href":"https:\/\/www.caririemacao.com\/1\/wp-json\/wp\/v2\/types\/post"}],"author":[{"embeddable":true,"href":"https:\/\/www.caririemacao.com\/1\/wp-json\/wp\/v2\/users\/2"}],"replies":[{"embeddable":true,"href":"https:\/\/www.caririemacao.com\/1\/wp-json\/wp\/v2\/comments?post=34471"}],"version-history":[{"count":0,"href":"https:\/\/www.caririemacao.com\/1\/wp-json\/wp\/v2\/posts\/34471\/revisions"}],"wp:featuredmedia":[{"embeddable":true,"href":"https:\/\/www.caririemacao.com\/1\/wp-json\/wp\/v2\/media\/34478"}],"wp:attachment":[{"href":"https:\/\/www.caririemacao.com\/1\/wp-json\/wp\/v2\/media?parent=34471"}],"wp:term":[{"taxonomy":"category","embeddable":true,"href":"https:\/\/www.caririemacao.com\/1\/wp-json\/wp\/v2\/categories?post=34471"},{"taxonomy":"post_tag","embeddable":true,"href":"https:\/\/www.caririemacao.com\/1\/wp-json\/wp\/v2\/tags?post=34471"}],"curies":[{"name":"wp","href":"https:\/\/api.w.org\/{rel}","templated":true}]}}