{"id":34474,"date":"2017-12-04T14:48:03","date_gmt":"2017-12-04T17:48:03","guid":{"rendered":"http:\/\/caririemacao.com\/1\/?p=34474"},"modified":"2017-12-04T14:48:03","modified_gmt":"2017-12-04T17:48:03","slug":"metade-dos-brasileiros-concorda-uma-mulher-que-aborta-deve-ir-para-cadeia","status":"publish","type":"post","link":"https:\/\/www.caririemacao.com\/1\/2017\/12\/04\/metade-dos-brasileiros-concorda-uma-mulher-que-aborta-deve-ir-para-cadeia\/","title":{"rendered":"Metade dos brasileiros concorda: uma mulher que aborta deve ir para cadeia"},"content":{"rendered":"<div class=\" author \" data-src=\"mouseover\">Voc\u00ea conhece uma mulher que j\u00e1 fez um aborto? \u00c9 contra ou a favor que mulheres possam decidir por interromper uma gravidez? E se a gravidez for decorrente de um estupro, sua opini\u00e3o muda? E no caso da v\u00edtima da viol\u00eancia ser uma menina de 14 anos? Em tempos de projetos de lei e PECs (como\u00a0a emenda constitucional 181, votada recentemente na C\u00e2mara dos Deputados) que tentam retroceder direitos j\u00e1 garantidos em rela\u00e7\u00e3o ao aborto, o que de fato pensam os brasileiros sobre o tema?<\/div>\n<div class=\"text\">\n<p>Metade dos brasileiros concorda que uma mulher que interrompe a gravidez intencionalmente deveria ir para a cadeia. A informa\u00e7\u00e3o faz parte de uma pesquisa in\u00e9dita divulgada nesta segunda-feira, 4, demonstrando a percep\u00e7\u00e3o da popula\u00e7\u00e3o diante de perguntas como as acima.<\/p>\n<p>\u201cA pesquisa n\u00e3o traz um cen\u00e1rio generoso para as mulheres, pelo contr\u00e1rio: s\u00f3 afirma a manuten\u00e7\u00e3o do conservadorismo e dos tempos que estamos vivendo\u201d, afirma Marisa Sanematsu, diretora de conte\u00fado do Instituto Patr\u00edcia Galv\u00e3o, respons\u00e1vel pela an\u00e1lise juntamente com o Instituto Locomotiva. Para obter os dados, 1.600 mulheres e homens acima de 16 anos foram ouvidos, de todas as regi\u00f5es do Pa\u00eds, entrevistados em domic\u00edlio.<\/p>\n<p><strong>45% dos brasileiros conhece uma mulher que realizou um aborto<\/strong><\/p>\n<p>Metade dos brasileiros afirmam conhecer ao menos uma mulher que j\u00e1 realizou um aborto, mas 62% declara ser contra que o aborto seja uma decis\u00e3o da mulher. A pesquisa ainda mostrou que quanto maior a escolaridade do entrevistado, maior as chances dele se mostrar favor\u00e1vel ao direito de escolha da mulher. \u201cN\u00e3o discutimos aborto porque ele \u00e9 um tema tabu, porque ele \u00e9 moralizante. As pessoas evitam saber mais em nome de uma fal\u00e1cia que \u00e9 a \u2018defesa da vida do feto&#8217;\u201d, explica Marisa.<\/p>\n<p><strong>Dentro da lei<\/strong><\/p>\n<p>No Brasil,\u00a0interromper uma gesta\u00e7\u00e3o \u00e9 apenas permitido por lei em tr\u00eas situa\u00e7\u00f5es. Gravidez decorrente de estupro, risco de vida \u00e0 m\u00e3e ou gesta\u00e7\u00e3o de feto anenc\u00e9falo \u2013 essa \u00faltima, uma decis\u00e3o de 2012 do Supremo Tribunal Federal. Segundo a pesquisa, 67% dos brasileiros \u00e9 favor do aborto caso a mulher tenha ficado gr\u00e1vida v\u00edtima de um estupro. 61% concordam com o procedimento em risco de morte. E no caso do feto ser diagnosticado com alguma doen\u00e7a grave ou incur\u00e1vel \u2013 e a\u00ed entrou uma nova condi\u00e7\u00e3o: quando a mulher tem zika \u2013 50% dos entrevistados disseram concordar que a mulher possa realizar o procedimento.<\/p>\n<p><strong>8 em cada 10 brasileiros acreditam que aborto \u00e9 quest\u00e3o de sa\u00fade p\u00fablica ou direitos<\/strong><\/p>\n<p>Os resultados do levantamento feito pelos institutos Patr\u00edcia Galv\u00e3o e Locomotiva n\u00e3o apontam apenas \u201ca manuten\u00e7\u00e3o do conservadorismo acerca do tema\u201d, segundo Marisa, mas exp\u00f5em \u201ccomo a popula\u00e7\u00e3o continua se defrontando com contradi\u00e7\u00f5es sobre essa tem\u00e1tica. A dicotomia do que \u00e9 lei e do que \u00e9 vida pr\u00e1tica\u201d. Ao passo que oito em cada dez brasileiros acreditam que aborto \u00e9 quest\u00e3o de sa\u00fade p\u00fablica ou direitos, 50% dos mesmos entrevistados concordam que uma mulher que interrompe a gravidez intencionalmente deveria ir para a cadeia. \u201c\u00c9 o cl\u00e1ssico caso do pol\u00edtico que \u00e9 contra o aborto na C\u00e2mara, mas que \u00e9 o primeiro a pagar por um procedimento ilegal para uma filha que precisa dele\u201d, comenta.<\/p>\n<p>Em setembro deste ano, Ana Rita Prata, coordenadora do N\u00facleo Especializado de Promo\u00e7\u00e3o dos Direitos da Mulher da Defensoria P\u00fablica do Estado de S\u00e3o Paulo,\u00a0levantou quem s\u00e3o as mulheres processadas pelo crime de autoaborto na regi\u00e3o. Para Ana, o dado mais alarmante da pesquisa \u00e9 a quest\u00e3o da \u201ccadeia\u201d. \u201cMe chocou porque achei que as pessoas responderiam a\u00a0essa quest\u00e3o com mais empatia, tentando enxergar a vida da mulher antes de a do feto. Isso porque o tema tem sido exaustivamente debatido na imprensa e na sociedade. Por\u00e9m, as pessoas ficam com a resposta mais f\u00e1cil, que como em todas as outras quest\u00f5es sociais do Pa\u00eds, \u00e9 sempre a solu\u00e7\u00e3o da cadeia, \u00e9 a justi\u00e7a criminal. \u2018Manda prender que resolve\u2019,\u00a0dizem. Mas n\u00e3o! Essa \u00e9 uma resposta que n\u00e3o traz resultados transformadores.\u201d<\/p>\n<p>Ana ainda destaca que, com leis proibicionistas ou n\u00e3o, o aborto continuar\u00e1 existindo. \u201cMulheres abortam e v\u00e3o continuar abortando. Precisamos ser honestos quanto a isso\u201d, diz. Segundo ela, \u201ccontinuar proibindo s\u00f3 vai fazer com que mulheres morram por pr\u00e1ticas inseguras e que algumas delas, as negras e pobres, sejam criminalizadas. N\u00e3o adianta em nada manter a legisla\u00e7\u00e3o como est\u00e1, muito menos recrudesc\u00ea-la, como pede a PEC 181 [que proibiria qualquer tipo de aborto, at\u00e9 mesmo o j\u00e1 previsto em lei].<\/p>\n<p>Se a ideia \u00e9 proteger a vida do feto, a legaliza\u00e7\u00e3o \u00e9 a solu\u00e7\u00e3o. Temos uma estat\u00edstica de uma s\u00e9rie hist\u00f3rica na Rom\u00eania, um pa\u00eds que tinha o aborto legalizado, que o teve proibido e que voltou a legalizar. O que foi observado \u00e9 uma redu\u00e7\u00e3o de abortamentos nos momentos de legaliza\u00e7\u00e3o e, logo, uma redu\u00e7\u00e3o de morte de fetos. Tudo isso porque as pol\u00edticas p\u00fablicas envolvidas na legaliza\u00e7\u00e3o abrangem educa\u00e7\u00e3o sexual, educa\u00e7\u00e3o de contracep\u00e7\u00e3o e, tamb\u00e9m, acompanhamento das mulheres que trocam o aborto por, por exemplo, a entrega do beb\u00ea para a ado\u00e7\u00e3o.\u201d<\/p>\n<\/div>\n<p><strong>CARIRI EM A\u00c7\u00c3O<\/strong><\/p>\n<p><em>Com UOL\/Foto: Google\u00a0\u00a0 <\/em><\/p>\n<p><strong>Leia mais not\u00edcias em\u00a0<\/strong><a href=\"http:\/\/www.caririemacao.com\/\"><strong>caririemacao.com<\/strong><\/a><strong>, siga nossa p\u00e1gina no\u00a0<\/strong><a href=\"https:\/\/www.facebook.com\/CaririEmAcao\/?ref=aymt_homepage_panel\"><strong>Facebook<\/strong><\/a>,<strong>\u00a0<\/strong><a href=\"https:\/\/www.instagram.com\/cariri_em_acao\/?hl=pt-br\"><strong>Instagram<\/strong><\/a><strong>\u00a0e <\/strong><a href=\"https:\/\/www.youtube.com\/channel\/UCAptA0jQuYQy8vMhLt2m4qg\"><strong>Youtube<\/strong><\/a><strong>\u00a0e veja nossas mat\u00e9rias, v\u00eddeos e fotos. Voc\u00ea tamb\u00e9m pode enviar informa\u00e7\u00f5es \u00e0 Reda\u00e7\u00e3o do Portal Cariri em A\u00e7\u00e3o pelo WhatsApp (83) 9 9634.5791, (83) 9 9601-1162.<\/strong><\/p>\n","protected":false},"excerpt":{"rendered":"<p>Voc\u00ea conhece uma mulher que j\u00e1 fez um aborto? \u00c9 contra ou a favor que mulheres possam decidir por interromper uma gravidez? E se a&hellip; <\/p>\n","protected":false},"author":2,"featured_media":34475,"comment_status":"closed","ping_status":"closed","sticky":false,"template":"","format":"standard","meta":{"sfsi_plus_gutenberg_text_before_share":"","sfsi_plus_gutenberg_show_text_before_share":"","sfsi_plus_gutenberg_icon_type":"","sfsi_plus_gutenberg_icon_alignemt":"","sfsi_plus_gutenburg_max_per_row":"","footnotes":""},"categories":[2],"tags":[],"class_list":["post-34474","post","type-post","status-publish","format-standard","has-post-thumbnail","hentry","category-geral"],"_links":{"self":[{"href":"https:\/\/www.caririemacao.com\/1\/wp-json\/wp\/v2\/posts\/34474","targetHints":{"allow":["GET"]}}],"collection":[{"href":"https:\/\/www.caririemacao.com\/1\/wp-json\/wp\/v2\/posts"}],"about":[{"href":"https:\/\/www.caririemacao.com\/1\/wp-json\/wp\/v2\/types\/post"}],"author":[{"embeddable":true,"href":"https:\/\/www.caririemacao.com\/1\/wp-json\/wp\/v2\/users\/2"}],"replies":[{"embeddable":true,"href":"https:\/\/www.caririemacao.com\/1\/wp-json\/wp\/v2\/comments?post=34474"}],"version-history":[{"count":0,"href":"https:\/\/www.caririemacao.com\/1\/wp-json\/wp\/v2\/posts\/34474\/revisions"}],"wp:featuredmedia":[{"embeddable":true,"href":"https:\/\/www.caririemacao.com\/1\/wp-json\/wp\/v2\/media\/34475"}],"wp:attachment":[{"href":"https:\/\/www.caririemacao.com\/1\/wp-json\/wp\/v2\/media?parent=34474"}],"wp:term":[{"taxonomy":"category","embeddable":true,"href":"https:\/\/www.caririemacao.com\/1\/wp-json\/wp\/v2\/categories?post=34474"},{"taxonomy":"post_tag","embeddable":true,"href":"https:\/\/www.caririemacao.com\/1\/wp-json\/wp\/v2\/tags?post=34474"}],"curies":[{"name":"wp","href":"https:\/\/api.w.org\/{rel}","templated":true}]}}