{"id":34481,"date":"2017-12-05T12:03:48","date_gmt":"2017-12-05T15:03:48","guid":{"rendered":"http:\/\/caririemacao.com\/1\/?p=34481"},"modified":"2017-12-05T12:30:15","modified_gmt":"2017-12-05T15:30:15","slug":"premio-referencia-2017-faltam-apenas-cinco-dias-para-a-maior-premiacao-do-cariri","status":"publish","type":"post","link":"https:\/\/www.caririemacao.com\/1\/2017\/12\/05\/premio-referencia-2017-faltam-apenas-cinco-dias-para-a-maior-premiacao-do-cariri\/","title":{"rendered":"Pr\u00eamio Refer\u00eancia 2017: Faltam apenas 4 dias para a maior premia\u00e7\u00e3o do Cariri"},"content":{"rendered":"<p>O portal de not\u00edcias Cariri em A\u00e7\u00e3o realiza no pr\u00f3ximo s\u00e1bado (09\/12), a maior festa de premia\u00e7\u00e3o para as refer\u00eancias da regi\u00e3o do Cariri em v\u00e1rios segmentos: com\u00e9rcio, empresas, meios de comunica\u00e7\u00e3o, agentes pol\u00edticos e profissionais de diversas \u00e1reas.<\/p>\n<p><a href=\"http:\/\/caririemacao.com\/1\/wp-content\/uploads\/2017\/12\/15400342_920763978059626_4091974611738530162_n.jpg\"><img fetchpriority=\"high\" decoding=\"async\" class=\"aligncenter wp-image-34484 size-full\" src=\"http:\/\/caririemacao.com\/1\/wp-content\/uploads\/2017\/12\/15400342_920763978059626_4091974611738530162_n.jpg\" alt=\"\" width=\"960\" height=\"637\" srcset=\"https:\/\/www.caririemacao.com\/1\/wp-content\/uploads\/2017\/12\/15400342_920763978059626_4091974611738530162_n.jpg 960w, https:\/\/www.caririemacao.com\/1\/wp-content\/uploads\/2017\/12\/15400342_920763978059626_4091974611738530162_n-300x199.jpg 300w, https:\/\/www.caririemacao.com\/1\/wp-content\/uploads\/2017\/12\/15400342_920763978059626_4091974611738530162_n-768x510.jpg 768w\" sizes=\"(max-width: 960px) 100vw, 960px\" \/><\/a><\/p>\n<p>A premia\u00e7\u00e3o est\u00e1 na 5\u00aa edi\u00e7\u00e3o e pelo segundo ano consecutivo a cerim\u00f4nia acontecer\u00e1 no munic\u00edpio de Monteiro, no Clube Municipal, a partir das 20h.<\/p>\n<p><a href=\"http:\/\/caririemacao.com\/1\/wp-content\/uploads\/2017\/12\/WhatsApp-Image-2017-11-28-at-10.31.20-PM.jpeg\"><img decoding=\"async\" class=\"aligncenter wp-image-34490 size-full lazyload\" data-src=\"http:\/\/caririemacao.com\/1\/wp-content\/uploads\/2017\/12\/WhatsApp-Image-2017-11-28-at-10.31.20-PM.jpeg\" alt=\"\" width=\"800\" height=\"533\" data-srcset=\"https:\/\/www.caririemacao.com\/1\/wp-content\/uploads\/2017\/12\/WhatsApp-Image-2017-11-28-at-10.31.20-PM.jpeg 800w, https:\/\/www.caririemacao.com\/1\/wp-content\/uploads\/2017\/12\/WhatsApp-Image-2017-11-28-at-10.31.20-PM-300x200.jpeg 300w, https:\/\/www.caririemacao.com\/1\/wp-content\/uploads\/2017\/12\/WhatsApp-Image-2017-11-28-at-10.31.20-PM-768x512.jpeg 768w\" data-sizes=\"(max-width: 800px) 100vw, 800px\" src=\"data:image\/svg+xml;base64,PHN2ZyB3aWR0aD0iMSIgaGVpZ2h0PSIxIiB4bWxucz0iaHR0cDovL3d3dy53My5vcmcvMjAwMC9zdmciPjwvc3ZnPg==\" style=\"--smush-placeholder-width: 800px; --smush-placeholder-aspect-ratio: 800\/533;\" \/><\/a><\/p>\n<p>Participam da premia\u00e7\u00e3o 19 cidades da regi\u00e3o do Cariri que foram pesquisadas pela equipe do portal Cariri em A\u00e7\u00e3o durante o m\u00eas de outubro, atrav\u00e9s de question\u00e1rio com perguntas espont\u00e2neas e estimuladas em que os habitantes de cada munic\u00edpio indicaram os destaques da sua cidade.<\/p>\n<p>Autoridades, empres\u00e1rios e pessoas premiadas j\u00e1 est\u00e3o confirmando presen\u00e7a no evento que premia, homenageia e reconhece quem se destacou em diversos setores.<\/p>\n<p><a href=\"http:\/\/caririemacao.com\/1\/wp-content\/uploads\/2017\/12\/15400334_920779788058045_4697304593992607114_n.jpg\"><img decoding=\"async\" class=\"aligncenter wp-image-34483 size-full lazyload\" data-src=\"http:\/\/caririemacao.com\/1\/wp-content\/uploads\/2017\/12\/15400334_920779788058045_4697304593992607114_n.jpg\" alt=\"\" width=\"960\" height=\"637\" data-srcset=\"https:\/\/www.caririemacao.com\/1\/wp-content\/uploads\/2017\/12\/15400334_920779788058045_4697304593992607114_n.jpg 960w, https:\/\/www.caririemacao.com\/1\/wp-content\/uploads\/2017\/12\/15400334_920779788058045_4697304593992607114_n-300x199.jpg 300w, https:\/\/www.caririemacao.com\/1\/wp-content\/uploads\/2017\/12\/15400334_920779788058045_4697304593992607114_n-768x510.jpg 768w\" data-sizes=\"(max-width: 960px) 100vw, 960px\" src=\"data:image\/svg+xml;base64,PHN2ZyB3aWR0aD0iMSIgaGVpZ2h0PSIxIiB4bWxucz0iaHR0cDovL3d3dy53My5vcmcvMjAwMC9zdmciPjwvc3ZnPg==\" style=\"--smush-placeholder-width: 960px; --smush-placeholder-aspect-ratio: 960\/637;\" \/><\/a><\/p>\n<p>De acordo com o diretor do Cariri em A\u00e7\u00e3o, Marivaldo Alc\u00e2ntara, o Pr\u00eamio Refer\u00eancia se diferencia dos demais por aplicar a pesquisa in loco em cada munic\u00edpio da regi\u00e3o, tornando-se assim a maior premia\u00e7\u00e3o do Cariri com resultados reais.<\/p>\n<p><a href=\"http:\/\/caririemacao.com\/1\/wp-content\/uploads\/2017\/12\/15380349_920785531390804_7424281243861742828_n.jpg\"><img decoding=\"async\" class=\"aligncenter wp-image-34482 size-full lazyload\" data-src=\"http:\/\/caririemacao.com\/1\/wp-content\/uploads\/2017\/12\/15380349_920785531390804_7424281243861742828_n.jpg\" alt=\"\" width=\"960\" height=\"637\" data-srcset=\"https:\/\/www.caririemacao.com\/1\/wp-content\/uploads\/2017\/12\/15380349_920785531390804_7424281243861742828_n.jpg 960w, https:\/\/www.caririemacao.com\/1\/wp-content\/uploads\/2017\/12\/15380349_920785531390804_7424281243861742828_n-300x199.jpg 300w, https:\/\/www.caririemacao.com\/1\/wp-content\/uploads\/2017\/12\/15380349_920785531390804_7424281243861742828_n-768x510.jpg 768w\" data-sizes=\"(max-width: 960px) 100vw, 960px\" src=\"data:image\/svg+xml;base64,PHN2ZyB3aWR0aD0iMSIgaGVpZ2h0PSIxIiB4bWxucz0iaHR0cDovL3d3dy53My5vcmcvMjAwMC9zdmciPjwvc3ZnPg==\" style=\"--smush-placeholder-width: 960px; --smush-placeholder-aspect-ratio: 960\/637;\" \/><\/a><\/p>\n<p>Estar\u00e3o sendo premiados no pr\u00f3ximo s\u00e1bado, comerciantes de lojas de roupas, lojas de ca\u00e7ados, de m\u00f3veis e eletrodom\u00e9sticos, supermercados, bares, restaurantes, farm\u00e1cias, padarias, lanchonetes, \u00f3ticas, postos de combust\u00edveis, emissoras de r\u00e1dio, profissionais da comunica\u00e7\u00e3o, m\u00e9dicos, enfermeiros, odont\u00f3logos, advogados, cabeleireiros, professores, policiais, vereadores, secret\u00e1rios, prefeitos e deputados que se destacaram no ano de 2017.<\/p>\n<p><a href=\"http:\/\/caririemacao.com\/1\/wp-content\/uploads\/2017\/12\/15439932_920760371393320_5429952683824149063_n.jpg\"><img decoding=\"async\" class=\"aligncenter wp-image-34485 size-full lazyload\" data-src=\"http:\/\/caririemacao.com\/1\/wp-content\/uploads\/2017\/12\/15439932_920760371393320_5429952683824149063_n.jpg\" alt=\"\" width=\"960\" height=\"637\" data-srcset=\"https:\/\/www.caririemacao.com\/1\/wp-content\/uploads\/2017\/12\/15439932_920760371393320_5429952683824149063_n.jpg 960w, https:\/\/www.caririemacao.com\/1\/wp-content\/uploads\/2017\/12\/15439932_920760371393320_5429952683824149063_n-300x199.jpg 300w, https:\/\/www.caririemacao.com\/1\/wp-content\/uploads\/2017\/12\/15439932_920760371393320_5429952683824149063_n-768x510.jpg 768w\" data-sizes=\"(max-width: 960px) 100vw, 960px\" src=\"data:image\/svg+xml;base64,PHN2ZyB3aWR0aD0iMSIgaGVpZ2h0PSIxIiB4bWxucz0iaHR0cDovL3d3dy53My5vcmcvMjAwMC9zdmciPjwvc3ZnPg==\" style=\"--smush-placeholder-width: 960px; --smush-placeholder-aspect-ratio: 960\/637;\" \/><\/a><\/p>\n<p>As cidades que participaram da pesquisa foram: Amparo, Camala\u00fa, Cara\u00fabas, Congo, Coxixola, Gurj\u00e3o, Livramento, Monteiro, Ouro Velho, Parari, Prata, Santo Andr\u00e9, S\u00e3o Jo\u00e3o do Cariri, S\u00e3o Jo\u00e3o do Tigre, S\u00e3o Jos\u00e9 dos Cordeiros, S\u00e3o Sebasti\u00e3o do Umbuzeiro, Serra Branca, Sum\u00e9 e Zabel\u00ea.<\/p>\n<p><a href=\"http:\/\/caririemacao.com\/1\/wp-content\/uploads\/2017\/12\/WhatsApp-Image-2017-11-28-at-10.31.20-PM-1.jpeg\"><img decoding=\"async\" class=\"aligncenter wp-image-34489 size-full lazyload\" data-src=\"http:\/\/caririemacao.com\/1\/wp-content\/uploads\/2017\/12\/WhatsApp-Image-2017-11-28-at-10.31.20-PM-1.jpeg\" alt=\"\" width=\"800\" height=\"533\" data-srcset=\"https:\/\/www.caririemacao.com\/1\/wp-content\/uploads\/2017\/12\/WhatsApp-Image-2017-11-28-at-10.31.20-PM-1.jpeg 800w, https:\/\/www.caririemacao.com\/1\/wp-content\/uploads\/2017\/12\/WhatsApp-Image-2017-11-28-at-10.31.20-PM-1-300x200.jpeg 300w, https:\/\/www.caririemacao.com\/1\/wp-content\/uploads\/2017\/12\/WhatsApp-Image-2017-11-28-at-10.31.20-PM-1-768x512.jpeg 768w\" data-sizes=\"(max-width: 800px) 100vw, 800px\" src=\"data:image\/svg+xml;base64,PHN2ZyB3aWR0aD0iMSIgaGVpZ2h0PSIxIiB4bWxucz0iaHR0cDovL3d3dy53My5vcmcvMjAwMC9zdmciPjwvc3ZnPg==\" style=\"--smush-placeholder-width: 800px; --smush-placeholder-aspect-ratio: 800\/533;\" \/><\/a><\/p>\n<p><strong>CARIRI EM A\u00c7\u00c3O<\/strong><\/p>\n<p><strong>Leia mais not\u00edcias em\u00a0<\/strong><a style=\"font-style: inherit; font-weight: inherit;\" href=\"http:\/\/www.caririemacao.com\/\"><strong style=\"font-style: inherit;\">caririemacao.com<\/strong><\/a><strong style=\"font-style: inherit;\">, siga nossa p\u00e1gina no\u00a0<\/strong><a style=\"font-style: inherit; font-weight: inherit;\" href=\"https:\/\/www.facebook.com\/CaririEmAcao\/?ref=aymt_homepage_panel\"><strong style=\"font-style: inherit;\">Facebook<\/strong><\/a>,<strong style=\"font-style: inherit;\">\u00a0<\/strong><a style=\"font-style: inherit; font-weight: inherit;\" href=\"https:\/\/www.instagram.com\/cariri_em_acao\/?hl=pt-br\"><strong style=\"font-style: inherit;\">Instagram<\/strong><\/a><strong style=\"font-style: inherit;\">\u00a0e\u00a0<\/strong><a style=\"font-style: inherit; font-weight: inherit;\" href=\"https:\/\/www.youtube.com\/channel\/UCAptA0jQuYQy8vMhLt2m4qg\"><strong style=\"font-style: inherit;\">Youtube<\/strong><\/a><strong style=\"font-style: inherit;\">\u00a0e veja nossas mat\u00e9rias, v\u00eddeos e fotos. Voc\u00ea tamb\u00e9m pode enviar informa\u00e7\u00f5es \u00e0 Reda\u00e7\u00e3o do Portal Cariri em A\u00e7\u00e3o pelo WhatsApp (83) 9 9634.5791, (83) 9 9601-1162.<\/strong><\/p>\n","protected":false},"excerpt":{"rendered":"<p>O portal de not\u00edcias Cariri em A\u00e7\u00e3o realiza no pr\u00f3ximo s\u00e1bado (09\/12), a maior festa de premia\u00e7\u00e3o para as refer\u00eancias da regi\u00e3o do Cariri em&hellip; <\/p>\n","protected":false},"author":2,"featured_media":34486,"comment_status":"closed","ping_status":"closed","sticky":false,"template":"","format":"standard","meta":{"sfsi_plus_gutenberg_text_before_share":"","sfsi_plus_gutenberg_show_text_before_share":"","sfsi_plus_gutenberg_icon_type":"","sfsi_plus_gutenberg_icon_alignemt":"","sfsi_plus_gutenburg_max_per_row":"","footnotes":""},"categories":[2],"tags":[],"class_list":["post-34481","post","type-post","status-publish","format-standard","has-post-thumbnail","hentry","category-geral"],"_links":{"self":[{"href":"https:\/\/www.caririemacao.com\/1\/wp-json\/wp\/v2\/posts\/34481","targetHints":{"allow":["GET"]}}],"collection":[{"href":"https:\/\/www.caririemacao.com\/1\/wp-json\/wp\/v2\/posts"}],"about":[{"href":"https:\/\/www.caririemacao.com\/1\/wp-json\/wp\/v2\/types\/post"}],"author":[{"embeddable":true,"href":"https:\/\/www.caririemacao.com\/1\/wp-json\/wp\/v2\/users\/2"}],"replies":[{"embeddable":true,"href":"https:\/\/www.caririemacao.com\/1\/wp-json\/wp\/v2\/comments?post=34481"}],"version-history":[{"count":0,"href":"https:\/\/www.caririemacao.com\/1\/wp-json\/wp\/v2\/posts\/34481\/revisions"}],"wp:featuredmedia":[{"embeddable":true,"href":"https:\/\/www.caririemacao.com\/1\/wp-json\/wp\/v2\/media\/34486"}],"wp:attachment":[{"href":"https:\/\/www.caririemacao.com\/1\/wp-json\/wp\/v2\/media?parent=34481"}],"wp:term":[{"taxonomy":"category","embeddable":true,"href":"https:\/\/www.caririemacao.com\/1\/wp-json\/wp\/v2\/categories?post=34481"},{"taxonomy":"post_tag","embeddable":true,"href":"https:\/\/www.caririemacao.com\/1\/wp-json\/wp\/v2\/tags?post=34481"}],"curies":[{"name":"wp","href":"https:\/\/api.w.org\/{rel}","templated":true}]}}