{"id":34492,"date":"2017-12-05T09:59:44","date_gmt":"2017-12-05T12:59:44","guid":{"rendered":"http:\/\/caririemacao.com\/1\/?p=34492"},"modified":"2017-12-05T09:59:44","modified_gmt":"2017-12-05T12:59:44","slug":"temer-perdeu-legitimidade-para-fazer-a-reforma-da-previdencia-diz-ruy","status":"publish","type":"post","link":"https:\/\/www.caririemacao.com\/1\/2017\/12\/05\/temer-perdeu-legitimidade-para-fazer-a-reforma-da-previdencia-diz-ruy\/","title":{"rendered":"\u201cTemer perdeu legitimidade para fazer a reforma da Previd\u00eancia\u201d, diz Ruy"},"content":{"rendered":"<p>Faltando apenas 11 meses para as elei\u00e7\u00f5es nacionais no Brasil, o presidente do PSDB da Para\u00edba, Ruy Carneiro, argumentou nesta ter\u00e7a-feira (05) que o governo Michel Temer perdeu completamente as condi\u00e7\u00f5es pol\u00edticas de tocar uma reforma com a dimens\u00e3o e o impacto social que a da Previd\u00eancia poder\u00e1 ter no Pa\u00eds. Perdeu legitimidade por falta de apoio no Congresso Nacional, mas sobretudo entre a popula\u00e7\u00e3o.<\/p>\n<p>\u201cFalta legitimidade a este que \u00e9, sem d\u00favida, o mais impopular presidente desde a redemocratiza\u00e7\u00e3o, nos anos 80, e um dos mais rejeitados de nossa hist\u00f3ria\u201d, avalia Ruy, acrescentando: \u201cA t\u00e3o pouco tempo da manifesta\u00e7\u00e3o popular nas urnas, em outubro do pr\u00f3ximo ano, o mais prudente \u00e9 aguardar que o pr\u00f3ximo presidente, respaldado por um processo eleitoral, ap\u00f3s todo o debate sobre esse tema t\u00e3o delicado, possa tocar as mudan\u00e7as necess\u00e1rias e com a profundidade que o Brasil precisa\u201d.<\/p>\n<p>Conhecedor dos humores de Bras\u00edlia, dada \u00e0 sua experi\u00eancia como deputado federal, Ruy Carneiro diz que o debate sobre os desequil\u00edbrios da Previd\u00eancia precisa ser feito para que o Pa\u00eds possa retomar o crescimento econ\u00f4mico de maneira sustent\u00e1vel. Esse debate, diz ele, j\u00e1 vem ocorrendo em diversos lugares do mundo em fun\u00e7\u00e3o das transforma\u00e7\u00f5es demogr\u00e1ficas ocorridas nos \u00faltimos anos, inclusive na popula\u00e7\u00e3o brasileira, que est\u00e1 cada vez mais envelhecida, provocando um descompasso maior entre a arrecada\u00e7\u00e3o e os desembolsos do sistema previdenci\u00e1rio.<\/p>\n<p>\u201cApesar da urg\u00eancia desse debate, n\u00e3o podemos prejudicar as gera\u00e7\u00f5es com mudan\u00e7as que sejam injustas ou feitas de maneira a\u00e7odada, ao sabor de um governo que j\u00e1 n\u00e3o tem onde conseguir apoio da popula\u00e7\u00e3o e que vem perdendo mais e mais sustenta\u00e7\u00e3o pol\u00edtica\u201d, acrescenta, salientando que tamb\u00e9m defende a sa\u00edda imediata do PSDB da base governista.<\/p>\n<p><strong>CARIRI EM A\u00c7\u00c3O<\/strong><\/p>\n<p><em>Com\u00a0PB Agora \/Foto: Google\u00a0\u00a0 <\/em><\/p>\n<p><strong>Leia mais not\u00edcias em\u00a0<\/strong><a href=\"http:\/\/www.caririemacao.com\/\"><strong>caririemacao.com<\/strong><\/a><strong>, siga nossa p\u00e1gina no\u00a0<\/strong><a href=\"https:\/\/www.facebook.com\/CaririEmAcao\/?ref=aymt_homepage_panel\"><strong>Facebook<\/strong><\/a>,<strong>\u00a0<\/strong><a href=\"https:\/\/www.instagram.com\/cariri_em_acao\/?hl=pt-br\"><strong>Instagram<\/strong><\/a><strong>\u00a0e <\/strong><a href=\"https:\/\/www.youtube.com\/channel\/UCAptA0jQuYQy8vMhLt2m4qg\"><strong>Youtube<\/strong><\/a><strong>\u00a0e veja nossas mat\u00e9rias, v\u00eddeos e fotos. Voc\u00ea tamb\u00e9m pode enviar informa\u00e7\u00f5es \u00e0 Reda\u00e7\u00e3o do Portal Cariri em A\u00e7\u00e3o pelo WhatsApp (83) 9 9634.5791, (83) 9 9601-1162.<\/strong><\/p>\n","protected":false},"excerpt":{"rendered":"<p>Faltando apenas 11 meses para as elei\u00e7\u00f5es nacionais no Brasil, o presidente do PSDB da Para\u00edba, Ruy Carneiro, argumentou nesta ter\u00e7a-feira (05) que o governo&hellip; <\/p>\n","protected":false},"author":2,"featured_media":34493,"comment_status":"closed","ping_status":"closed","sticky":false,"template":"","format":"standard","meta":{"sfsi_plus_gutenberg_text_before_share":"","sfsi_plus_gutenberg_show_text_before_share":"","sfsi_plus_gutenberg_icon_type":"","sfsi_plus_gutenberg_icon_alignemt":"","sfsi_plus_gutenburg_max_per_row":"","footnotes":""},"categories":[11],"tags":[],"class_list":["post-34492","post","type-post","status-publish","format-standard","has-post-thumbnail","hentry","category-politica"],"_links":{"self":[{"href":"https:\/\/www.caririemacao.com\/1\/wp-json\/wp\/v2\/posts\/34492","targetHints":{"allow":["GET"]}}],"collection":[{"href":"https:\/\/www.caririemacao.com\/1\/wp-json\/wp\/v2\/posts"}],"about":[{"href":"https:\/\/www.caririemacao.com\/1\/wp-json\/wp\/v2\/types\/post"}],"author":[{"embeddable":true,"href":"https:\/\/www.caririemacao.com\/1\/wp-json\/wp\/v2\/users\/2"}],"replies":[{"embeddable":true,"href":"https:\/\/www.caririemacao.com\/1\/wp-json\/wp\/v2\/comments?post=34492"}],"version-history":[{"count":0,"href":"https:\/\/www.caririemacao.com\/1\/wp-json\/wp\/v2\/posts\/34492\/revisions"}],"wp:featuredmedia":[{"embeddable":true,"href":"https:\/\/www.caririemacao.com\/1\/wp-json\/wp\/v2\/media\/34493"}],"wp:attachment":[{"href":"https:\/\/www.caririemacao.com\/1\/wp-json\/wp\/v2\/media?parent=34492"}],"wp:term":[{"taxonomy":"category","embeddable":true,"href":"https:\/\/www.caririemacao.com\/1\/wp-json\/wp\/v2\/categories?post=34492"},{"taxonomy":"post_tag","embeddable":true,"href":"https:\/\/www.caririemacao.com\/1\/wp-json\/wp\/v2\/tags?post=34492"}],"curies":[{"name":"wp","href":"https:\/\/api.w.org\/{rel}","templated":true}]}}