{"id":34504,"date":"2017-12-05T10:10:17","date_gmt":"2017-12-05T13:10:17","guid":{"rendered":"http:\/\/caririemacao.com\/1\/?p=34504"},"modified":"2017-12-05T10:10:17","modified_gmt":"2017-12-05T13:10:17","slug":"temer-quer-definir-punicao-a-infieis-no-pmdb","status":"publish","type":"post","link":"https:\/\/www.caririemacao.com\/1\/2017\/12\/05\/temer-quer-definir-punicao-a-infieis-no-pmdb\/","title":{"rendered":"Temer quer definir puni\u00e7\u00e3o a &#8216;infi\u00e9is&#8217; no PMDB"},"content":{"rendered":"<p>O l\u00edder do PMDB na C\u00e2mara, deputado Baleia Rossi (SP), afirmou nesta ter\u00e7a-feira (5) que \u00e9 uma &#8220;possibilidade&#8221; o partido fechar quest\u00e3o a favor da vota\u00e7\u00e3o da reforma da Previd\u00eancia, mas n\u00e3o isoladamente.<\/p>\n<p>&#8220;O que estamos discutindo e vamos avan\u00e7ar at\u00e9 o final da semana \u00e9: se houver um movimento de tr\u00eas, quatro partidos a gente pode fechar quest\u00e3o. \u00c9 complexo, mas estamos conversando, uma possibilidade&#8221;, ressaltou Baleia Rossi.<\/p>\n<p>Fechar quest\u00e3o significa que o partido deu uma orienta\u00e7\u00e3o \u00e0 bancada que, se n\u00e3o for cumprida , pode levar \u00e0 puni\u00e7\u00e3o.<\/p>\n<p>Segundo o l\u00edder peemedebista, o presidente Michel Temer vai pedir ao presidente do PMDB, senador Romero Juc\u00e1 (RR), que convoque uma reuni\u00e3o da executiva nacional para discutir o fechamento de quest\u00e3o.<\/p>\n<p>O Blog apurou que Temer e Juc\u00e1 conversaram nesta segunda-feira (4). O presidente do PMDB est\u00e1 na China e volta na noite desta ter\u00e7a ao Brasil. Juc\u00e1 \u00e9 a favor do fechamento de quest\u00e3o pela reforma da Previd\u00eancia.<\/p>\n<p>Segundo e terceiro escal\u00e3o<\/p>\n<p>Na mesa de negocia\u00e7\u00f5es pelos votos da reforma da Previd\u00eancia, Temer tem dito a aliados que aguardar\u00e1 o PSDB anunciar a sua sa\u00edda do governo no final de semana, durante a conven\u00e7\u00e3o tucana.<\/p>\n<p>O PMDB conta com a Secretaria de Governo \u2013 substituindo o tucano Antonio Imbassahy \u2013 para garantir votos pela PEC que muda as regras previdenci\u00e1rias.<br \/>\nPara conquistar os resistentes, cargos de segundo e terceiro escal\u00f5es est\u00e3o sendo discutidos.<\/p>\n<p>Um exemplo \u00e9 a Secretaria de Habita\u00e7\u00e3o, subordinada do Minist\u00e9rio das Cidades, um dos postos mais cobi\u00e7ados pelos partidos.<\/p>\n<p>O Minist\u00e9rio das Cidades foi entregue ao deputado Alexandre Baldy (sem partido-GO), apoiado por Rodrigo Maia, PMDB e PP.<\/p>\n<p>Segundo o Blog apurou, o PMDB queria emplacar na Secretaria de Habita\u00e7\u00e3o um ex-prefeito do PMDB, mas Maia e o ministro pediram aos peemedebistas que escolhessem um nome t\u00e9cnico.<\/p>\n<p>Motivo: o PMDB, que j\u00e1 vai ganhar a articula\u00e7\u00e3o pol\u00edtica, ficaria ainda mais turbinado com uma secretaria importante que pode ajudar o partido nas elei\u00e7\u00f5es de 2018.<\/p>\n<p><strong>CARIRI EM A\u00c7\u00c3O<\/strong><\/p>\n<p><em>Com O Globo\/Foto: Google\u00a0\u00a0 <\/em><\/p>\n<p><strong>Leia mais not\u00edcias em\u00a0<\/strong><a href=\"http:\/\/www.caririemacao.com\/\"><strong>caririemacao.com<\/strong><\/a><strong>, siga nossa p\u00e1gina no\u00a0<\/strong><a href=\"https:\/\/www.facebook.com\/CaririEmAcao\/?ref=aymt_homepage_panel\"><strong>Facebook<\/strong><\/a>,<strong>\u00a0<\/strong><a href=\"https:\/\/www.instagram.com\/cariri_em_acao\/?hl=pt-br\"><strong>Instagram<\/strong><\/a><strong>\u00a0e <\/strong><a href=\"https:\/\/www.youtube.com\/channel\/UCAptA0jQuYQy8vMhLt2m4qg\"><strong>Youtube<\/strong><\/a><strong>\u00a0e veja nossas mat\u00e9rias, v\u00eddeos e fotos. Voc\u00ea tamb\u00e9m pode enviar informa\u00e7\u00f5es \u00e0 Reda\u00e7\u00e3o do Portal Cariri em A\u00e7\u00e3o pelo WhatsApp (83) 9 9634.5791, (83) 9 9601-1162.<\/strong><\/p>\n","protected":false},"excerpt":{"rendered":"<p>O l\u00edder do PMDB na C\u00e2mara, deputado Baleia Rossi (SP), afirmou nesta ter\u00e7a-feira (5) que \u00e9 uma &#8220;possibilidade&#8221; o partido fechar quest\u00e3o a favor da&hellip; <\/p>\n","protected":false},"author":2,"featured_media":13775,"comment_status":"closed","ping_status":"closed","sticky":false,"template":"","format":"standard","meta":{"sfsi_plus_gutenberg_text_before_share":"","sfsi_plus_gutenberg_show_text_before_share":"","sfsi_plus_gutenberg_icon_type":"","sfsi_plus_gutenberg_icon_alignemt":"","sfsi_plus_gutenburg_max_per_row":"","footnotes":""},"categories":[11],"tags":[],"class_list":["post-34504","post","type-post","status-publish","format-standard","has-post-thumbnail","hentry","category-politica"],"_links":{"self":[{"href":"https:\/\/www.caririemacao.com\/1\/wp-json\/wp\/v2\/posts\/34504","targetHints":{"allow":["GET"]}}],"collection":[{"href":"https:\/\/www.caririemacao.com\/1\/wp-json\/wp\/v2\/posts"}],"about":[{"href":"https:\/\/www.caririemacao.com\/1\/wp-json\/wp\/v2\/types\/post"}],"author":[{"embeddable":true,"href":"https:\/\/www.caririemacao.com\/1\/wp-json\/wp\/v2\/users\/2"}],"replies":[{"embeddable":true,"href":"https:\/\/www.caririemacao.com\/1\/wp-json\/wp\/v2\/comments?post=34504"}],"version-history":[{"count":0,"href":"https:\/\/www.caririemacao.com\/1\/wp-json\/wp\/v2\/posts\/34504\/revisions"}],"wp:featuredmedia":[{"embeddable":true,"href":"https:\/\/www.caririemacao.com\/1\/wp-json\/wp\/v2\/media\/13775"}],"wp:attachment":[{"href":"https:\/\/www.caririemacao.com\/1\/wp-json\/wp\/v2\/media?parent=34504"}],"wp:term":[{"taxonomy":"category","embeddable":true,"href":"https:\/\/www.caririemacao.com\/1\/wp-json\/wp\/v2\/categories?post=34504"},{"taxonomy":"post_tag","embeddable":true,"href":"https:\/\/www.caririemacao.com\/1\/wp-json\/wp\/v2\/tags?post=34504"}],"curies":[{"name":"wp","href":"https:\/\/api.w.org\/{rel}","templated":true}]}}