{"id":34509,"date":"2017-12-05T10:23:29","date_gmt":"2017-12-05T13:23:29","guid":{"rendered":"http:\/\/caririemacao.com\/1\/?p=34509"},"modified":"2017-12-05T10:23:29","modified_gmt":"2017-12-05T13:23:29","slug":"heterossexuais-nao-tem-mais-direito-nenhum-no-brasil-diz-ministro-do-stj","status":"publish","type":"post","link":"https:\/\/www.caririemacao.com\/1\/2017\/12\/05\/heterossexuais-nao-tem-mais-direito-nenhum-no-brasil-diz-ministro-do-stj\/","title":{"rendered":"Heterossexuais \u2018n\u00e3o t\u00eam mais direito nenhum\u2019 no Brasil, diz ministro do STJ"},"content":{"rendered":"<p>Ministro do Superior Tribunal de Justi\u00e7a (STJ) e respons\u00e1vel pela Corregedoria Nacional de Justi\u00e7a, Jo\u00e3o Ot\u00e1vio de Noronha afirmou nesta segunda-feira, 4, que heterossexuais \u201cn\u00e3o t\u00eam mais direito nenhum\u201d no Brasil.<\/p>\n<p>O coment\u00e1rio, em tom de brincadeira, foi feito logo ap\u00f3s o ministro afirmar que o \u201cjuiz constitucional n\u00e3o pode ser pautado pelas minorias s\u00f3\u201d, em um evento que discutia os limites da atua\u00e7\u00e3o do Poder Judici\u00e1rio.<\/p>\n<p>\u201cHoje o nosso juiz constitucional n\u00e3o pode ser pautado pelas minorias s\u00f3. Ali\u00e1s, eu j\u00e1 vi que eu quero meus privil\u00e9gios porque o heterossexual agora est\u00e1 virando minoria no Brasil. N\u00e3o tem mais direito nenhum\u201d, disse Jo\u00e3o Ot\u00e1vio de Noronha, no semin\u00e1rio \u201cIndepend\u00eancia e Ativismo Judicial: Desafios Atuais\u201d, no STJ.<\/p>\n<p>Afirmando que \u00e9 necess\u00e1rio ter aten\u00e7\u00e3o para n\u00e3o extrapolar a atua\u00e7\u00e3o da Justi\u00e7a, Noronha disse que h\u00e1 um comportamento entre magistrados que pode levar a um tipo de inseguran\u00e7a e imprevisibilidade.<\/p>\n<p>Disse ent\u00e3o que, para quem est\u00e1 solteiro, \u00e9 preciso ter \u201ccuidado\u201d na hora de ir em frente em um namoro, \u201cporque voc\u00ea pode ter amanh\u00e3 v\u00ednculo jur\u00eddico que voc\u00ea n\u00e3o tinha desejado\u201d, em alus\u00e3o ao reconhecimento dos direitos de pessoas em uni\u00e3o est\u00e1vel como equipar\u00e1veis aos de quem est\u00e1 em casamento.<\/p>\n<p>\u201cE se fizer declara\u00e7\u00e3o de que \u00e9 s\u00f3 namorado, tem ministro, tem juiz, que diz que isso n\u00e3o vale. Que n\u00e3o expressa a vontade real\u201d, disse.<\/p>\n<p>Mais tarde, o ministro afirmou por meio de nota que fez uma brincadeira durante a palestra. Ressaltou que ele foi o primeiro juiz a reconhecer a uni\u00e3o homoafetiva e que respeita e sempre respeitou os direitos das minorias, em especial os da comunidade LGBT.<\/p>\n<p><strong>Presen\u00e7as.<\/strong>\u00a0O evento sobre os limites da atua\u00e7\u00e3o do Poder Judici\u00e1rio teve a presen\u00e7a da presidente do Supremo Tribunal Federal (STF), ministra C\u00e1rmen L\u00facia, da presidente do STJ, ministra Laurita Vaz, e do ministro do STF e presidente do Tribunal Superior Eleitoral (TSE), Gilmar Mendes.<\/p>\n<p>A express\u00e3o \u201cativismo judicial\u201d \u00e9 utilizada para se referir a situa\u00e7\u00f5es em que a Justi\u00e7a toma decis\u00f5es em rela\u00e7\u00e3o a temas que poderiam ser definidos pelos poderes Legislativo e Executivo.<\/p>\n<p>H\u00e1 quem veja nisso excessos, h\u00e1 quem veja o dever do Poder Judici\u00e1rio sendo cumprido.<\/p>\n<p>Em sua fala, Noronha aproveitou para defender o papel do Poder Legislativo mesmo em meio \u00e0 enxurrada de investiga\u00e7\u00f5es a que est\u00e3o submetidos parlamentares.<\/p>\n<p>\u201cSe tem deputado e senador sendo processado, essa \u00e9 uma outra quest\u00e3o. Mas o poder de julgar do Congresso n\u00e3o se perdeu por causa de corrup\u00e7\u00e3o de um ou outro. \u00c9 um poder que est\u00e1 na Constitui\u00e7\u00e3o e \u00e9 a consagra\u00e7\u00e3o do princ\u00edpio democr\u00e1tico\u201d, disse.<\/p>\n<p><strong>CARIRI EM A\u00c7\u00c3O<\/strong><\/p>\n<p><em>Com Estad\u00e3o\/Foto: Google\u00a0\u00a0 <\/em><\/p>\n<p><strong>Leia mais not\u00edcias em\u00a0<\/strong><a href=\"http:\/\/www.caririemacao.com\/\"><strong>caririemacao.com<\/strong><\/a><strong>, siga nossa p\u00e1gina no\u00a0<\/strong><a href=\"https:\/\/www.facebook.com\/CaririEmAcao\/?ref=aymt_homepage_panel\"><strong>Facebook<\/strong><\/a>,<strong>\u00a0<\/strong><a href=\"https:\/\/www.instagram.com\/cariri_em_acao\/?hl=pt-br\"><strong>Instagram<\/strong><\/a><strong>\u00a0e <\/strong><a href=\"https:\/\/www.youtube.com\/channel\/UCAptA0jQuYQy8vMhLt2m4qg\"><strong>Youtube<\/strong><\/a><strong>\u00a0e veja nossas mat\u00e9rias, v\u00eddeos e fotos. Voc\u00ea tamb\u00e9m pode enviar informa\u00e7\u00f5es \u00e0 Reda\u00e7\u00e3o do Portal Cariri em A\u00e7\u00e3o pelo WhatsApp (83) 9 9634.5791, (83) 9 9601-1162.<\/strong><\/p>\n","protected":false},"excerpt":{"rendered":"<p>Ministro do Superior Tribunal de Justi\u00e7a (STJ) e respons\u00e1vel pela Corregedoria Nacional de Justi\u00e7a, Jo\u00e3o Ot\u00e1vio de Noronha afirmou nesta segunda-feira, 4, que heterossexuais \u201cn\u00e3o&hellip; <\/p>\n","protected":false},"author":2,"featured_media":34512,"comment_status":"closed","ping_status":"closed","sticky":false,"template":"","format":"standard","meta":{"sfsi_plus_gutenberg_text_before_share":"","sfsi_plus_gutenberg_show_text_before_share":"","sfsi_plus_gutenberg_icon_type":"","sfsi_plus_gutenberg_icon_alignemt":"","sfsi_plus_gutenburg_max_per_row":"","footnotes":""},"categories":[2],"tags":[],"class_list":["post-34509","post","type-post","status-publish","format-standard","has-post-thumbnail","hentry","category-geral"],"_links":{"self":[{"href":"https:\/\/www.caririemacao.com\/1\/wp-json\/wp\/v2\/posts\/34509","targetHints":{"allow":["GET"]}}],"collection":[{"href":"https:\/\/www.caririemacao.com\/1\/wp-json\/wp\/v2\/posts"}],"about":[{"href":"https:\/\/www.caririemacao.com\/1\/wp-json\/wp\/v2\/types\/post"}],"author":[{"embeddable":true,"href":"https:\/\/www.caririemacao.com\/1\/wp-json\/wp\/v2\/users\/2"}],"replies":[{"embeddable":true,"href":"https:\/\/www.caririemacao.com\/1\/wp-json\/wp\/v2\/comments?post=34509"}],"version-history":[{"count":0,"href":"https:\/\/www.caririemacao.com\/1\/wp-json\/wp\/v2\/posts\/34509\/revisions"}],"wp:featuredmedia":[{"embeddable":true,"href":"https:\/\/www.caririemacao.com\/1\/wp-json\/wp\/v2\/media\/34512"}],"wp:attachment":[{"href":"https:\/\/www.caririemacao.com\/1\/wp-json\/wp\/v2\/media?parent=34509"}],"wp:term":[{"taxonomy":"category","embeddable":true,"href":"https:\/\/www.caririemacao.com\/1\/wp-json\/wp\/v2\/categories?post=34509"},{"taxonomy":"post_tag","embeddable":true,"href":"https:\/\/www.caririemacao.com\/1\/wp-json\/wp\/v2\/tags?post=34509"}],"curies":[{"name":"wp","href":"https:\/\/api.w.org\/{rel}","templated":true}]}}