{"id":34515,"date":"2017-12-05T10:29:54","date_gmt":"2017-12-05T13:29:54","guid":{"rendered":"http:\/\/caririemacao.com\/1\/?p=34515"},"modified":"2017-12-05T10:29:54","modified_gmt":"2017-12-05T13:29:54","slug":"divulgado-gabarito-de-concurso-para-professor-do-estado-clique-aqui-e-confira","status":"publish","type":"post","link":"https:\/\/www.caririemacao.com\/1\/2017\/12\/05\/divulgado-gabarito-de-concurso-para-professor-do-estado-clique-aqui-e-confira\/","title":{"rendered":"Divulgado gabarito de concurso para professor do Estado; clique aqui e confira"},"content":{"rendered":"<p>O gabarito preliminar das provas objetivas do concurso para professor da rede estadual da Para\u00edba foi divulgado nesta segunda-feira (4). As provas ocorreram neste domingo (3) e no total contou com 28.395 mil candidatos inscritos. O concurso oferece mil vagas.<\/p>\n<p>Confira\u00a0<a href=\"https:\/\/www.ibade.org.br\/Concurso\/360\/Inicio\"><strong>aqui<\/strong><\/a>\u00a0o gabarito.<\/p>\n<p>As provas foram realizadas nas sedes das 14 Ger\u00eancias Regionais de Educa\u00e7\u00e3o (GRE): Jo\u00e3o Pessoa, Guarabira, Campina Grande, Cuit\u00e9, Monteiro, Patos, Itaporanga, Catol\u00e9 do Rocha, Cajazeiras, Sousa, Princesa Isabel, Itabaiana, Pombal e Mamanguape.<\/p>\n<p>O candidato poder\u00e1 interpor recurso contra o gabarito preliminar oficial a partir desta ter\u00e7a-feira (5) at\u00e9 a quarta-feira (6).<\/p>\n<p>O candidato que quiser consultar o gabarito e a prova pode acessar o site do organizador do concurso, o Instituto Brasileiro de Apoio e Desenvolvimento Executivo (Ibade).<\/p>\n<p><strong>CARIRI EM A\u00c7\u00c3O<\/strong><\/p>\n<p><em>Com Ascom\/Foto: Google\u00a0\u00a0 <\/em><\/p>\n<p><strong>Leia mais not\u00edcias em\u00a0<\/strong><a href=\"http:\/\/www.caririemacao.com\/\"><strong>caririemacao.com<\/strong><\/a><strong>, siga nossa p\u00e1gina no\u00a0<\/strong><a href=\"https:\/\/www.facebook.com\/CaririEmAcao\/?ref=aymt_homepage_panel\"><strong>Facebook<\/strong><\/a>,<strong>\u00a0<\/strong><a href=\"https:\/\/www.instagram.com\/cariri_em_acao\/?hl=pt-br\"><strong>Instagram<\/strong><\/a><strong>\u00a0e <\/strong><a href=\"https:\/\/www.youtube.com\/channel\/UCAptA0jQuYQy8vMhLt2m4qg\"><strong>Youtube<\/strong><\/a><strong>\u00a0e veja nossas mat\u00e9rias, v\u00eddeos e fotos. Voc\u00ea tamb\u00e9m pode enviar informa\u00e7\u00f5es \u00e0 Reda\u00e7\u00e3o do Portal Cariri em A\u00e7\u00e3o pelo WhatsApp (83) 9 9634.5791, (83) 9 9601-1162.<\/strong><\/p>\n","protected":false},"excerpt":{"rendered":"<p>O gabarito preliminar das provas objetivas do concurso para professor da rede estadual da Para\u00edba foi divulgado nesta segunda-feira (4). As provas ocorreram neste domingo&hellip; <\/p>\n","protected":false},"author":2,"featured_media":34517,"comment_status":"closed","ping_status":"closed","sticky":false,"template":"","format":"standard","meta":{"sfsi_plus_gutenberg_text_before_share":"","sfsi_plus_gutenberg_show_text_before_share":"","sfsi_plus_gutenberg_icon_type":"","sfsi_plus_gutenberg_icon_alignemt":"","sfsi_plus_gutenburg_max_per_row":"","footnotes":""},"categories":[2],"tags":[],"class_list":["post-34515","post","type-post","status-publish","format-standard","has-post-thumbnail","hentry","category-geral"],"_links":{"self":[{"href":"https:\/\/www.caririemacao.com\/1\/wp-json\/wp\/v2\/posts\/34515","targetHints":{"allow":["GET"]}}],"collection":[{"href":"https:\/\/www.caririemacao.com\/1\/wp-json\/wp\/v2\/posts"}],"about":[{"href":"https:\/\/www.caririemacao.com\/1\/wp-json\/wp\/v2\/types\/post"}],"author":[{"embeddable":true,"href":"https:\/\/www.caririemacao.com\/1\/wp-json\/wp\/v2\/users\/2"}],"replies":[{"embeddable":true,"href":"https:\/\/www.caririemacao.com\/1\/wp-json\/wp\/v2\/comments?post=34515"}],"version-history":[{"count":0,"href":"https:\/\/www.caririemacao.com\/1\/wp-json\/wp\/v2\/posts\/34515\/revisions"}],"wp:featuredmedia":[{"embeddable":true,"href":"https:\/\/www.caririemacao.com\/1\/wp-json\/wp\/v2\/media\/34517"}],"wp:attachment":[{"href":"https:\/\/www.caririemacao.com\/1\/wp-json\/wp\/v2\/media?parent=34515"}],"wp:term":[{"taxonomy":"category","embeddable":true,"href":"https:\/\/www.caririemacao.com\/1\/wp-json\/wp\/v2\/categories?post=34515"},{"taxonomy":"post_tag","embeddable":true,"href":"https:\/\/www.caririemacao.com\/1\/wp-json\/wp\/v2\/tags?post=34515"}],"curies":[{"name":"wp","href":"https:\/\/api.w.org\/{rel}","templated":true}]}}