{"id":34519,"date":"2017-12-05T10:34:39","date_gmt":"2017-12-05T13:34:39","guid":{"rendered":"http:\/\/caririemacao.com\/1\/?p=34519"},"modified":"2017-12-05T10:34:39","modified_gmt":"2017-12-05T13:34:39","slug":"governo-tenta-avancar-em-modelo-de-privatizacao-da-eletrobras","status":"publish","type":"post","link":"https:\/\/www.caririemacao.com\/1\/2017\/12\/05\/governo-tenta-avancar-em-modelo-de-privatizacao-da-eletrobras\/","title":{"rendered":"Governo tenta avan\u00e7ar em modelo de privatiza\u00e7\u00e3o da Eletrobras"},"content":{"rendered":"<p>O ministro da Casa Civil,\u00a0Eliseu Padilha, ter\u00e1 reuni\u00e3o nesta ter\u00e7a-feira (5) com os ministros da \u00e1rea de infraestrutura do governo. Entre os assuntos da pauta est\u00e1 o aprofundamento do modelo de privatiza\u00e7\u00e3o da Eletrobras. Um dos pontos nevr\u00e1lgicos da discuss\u00e3o \u00e9 a Companhia Hidrel\u00e9trica do S\u00e3o Francisco (Chesf), que foi inclu\u00edda no pacote.<\/p>\n<p>As bancadas de deputados de Minas Gerais e do Nordeste s\u00e3o resistentes \u00e0 privatiza\u00e7\u00e3o da Chesf. Por isso, o governo estuda obrigar a empresa vencedora do leil\u00e3o a aplicar recursos em medidas ambientais. Trata-se de uma forma de amenizar as cr\u00edticas.<\/p>\n<p>Outro t\u00f3pico tratar\u00e1 sobre quem arcar\u00e1 com os custos operacionais dos canais do projeto de integra\u00e7\u00e3o do Rio S\u00e3o Francisco. Os estados alegam falta de recursos para arcar com tais despesas.<\/p>\n<p><strong>CARIRI EM A\u00c7\u00c3O<\/strong><\/p>\n<p><em>Com \u00c9poca \/Foto: Google\u00a0\u00a0 <\/em><\/p>\n<p><strong>Leia mais not\u00edcias em\u00a0<\/strong><a href=\"http:\/\/www.caririemacao.com\/\"><strong>caririemacao.com<\/strong><\/a><strong>, siga nossa p\u00e1gina no\u00a0<\/strong><a href=\"https:\/\/www.facebook.com\/CaririEmAcao\/?ref=aymt_homepage_panel\"><strong>Facebook<\/strong><\/a>,<strong>\u00a0<\/strong><a href=\"https:\/\/www.instagram.com\/cariri_em_acao\/?hl=pt-br\"><strong>Instagram<\/strong><\/a><strong>\u00a0e <\/strong><a href=\"https:\/\/www.youtube.com\/channel\/UCAptA0jQuYQy8vMhLt2m4qg\"><strong>Youtube<\/strong><\/a><strong>\u00a0e veja nossas mat\u00e9rias, v\u00eddeos e fotos. Voc\u00ea tamb\u00e9m pode enviar informa\u00e7\u00f5es \u00e0 Reda\u00e7\u00e3o do Portal Cariri em A\u00e7\u00e3o pelo WhatsApp (83) 9 9634.5791, (83) 9 9601-1162.<\/strong><\/p>\n","protected":false},"excerpt":{"rendered":"<p>O ministro da Casa Civil,\u00a0Eliseu Padilha, ter\u00e1 reuni\u00e3o nesta ter\u00e7a-feira (5) com os ministros da \u00e1rea de infraestrutura do governo. Entre os assuntos da pauta&hellip; <\/p>\n","protected":false},"author":2,"featured_media":34521,"comment_status":"closed","ping_status":"closed","sticky":false,"template":"","format":"standard","meta":{"sfsi_plus_gutenberg_text_before_share":"","sfsi_plus_gutenberg_show_text_before_share":"","sfsi_plus_gutenberg_icon_type":"","sfsi_plus_gutenberg_icon_alignemt":"","sfsi_plus_gutenburg_max_per_row":"","footnotes":""},"categories":[11],"tags":[],"class_list":["post-34519","post","type-post","status-publish","format-standard","has-post-thumbnail","hentry","category-politica"],"_links":{"self":[{"href":"https:\/\/www.caririemacao.com\/1\/wp-json\/wp\/v2\/posts\/34519","targetHints":{"allow":["GET"]}}],"collection":[{"href":"https:\/\/www.caririemacao.com\/1\/wp-json\/wp\/v2\/posts"}],"about":[{"href":"https:\/\/www.caririemacao.com\/1\/wp-json\/wp\/v2\/types\/post"}],"author":[{"embeddable":true,"href":"https:\/\/www.caririemacao.com\/1\/wp-json\/wp\/v2\/users\/2"}],"replies":[{"embeddable":true,"href":"https:\/\/www.caririemacao.com\/1\/wp-json\/wp\/v2\/comments?post=34519"}],"version-history":[{"count":0,"href":"https:\/\/www.caririemacao.com\/1\/wp-json\/wp\/v2\/posts\/34519\/revisions"}],"wp:featuredmedia":[{"embeddable":true,"href":"https:\/\/www.caririemacao.com\/1\/wp-json\/wp\/v2\/media\/34521"}],"wp:attachment":[{"href":"https:\/\/www.caririemacao.com\/1\/wp-json\/wp\/v2\/media?parent=34519"}],"wp:term":[{"taxonomy":"category","embeddable":true,"href":"https:\/\/www.caririemacao.com\/1\/wp-json\/wp\/v2\/categories?post=34519"},{"taxonomy":"post_tag","embeddable":true,"href":"https:\/\/www.caririemacao.com\/1\/wp-json\/wp\/v2\/tags?post=34519"}],"curies":[{"name":"wp","href":"https:\/\/api.w.org\/{rel}","templated":true}]}}