{"id":34523,"date":"2017-12-05T11:54:22","date_gmt":"2017-12-05T14:54:22","guid":{"rendered":"http:\/\/caririemacao.com\/1\/?p=34523"},"modified":"2017-12-05T11:54:22","modified_gmt":"2017-12-05T14:54:22","slug":"livro-inedito-de-ariano-suassuna-e-lancado-esta-semana-no-recife","status":"publish","type":"post","link":"https:\/\/www.caririemacao.com\/1\/2017\/12\/05\/livro-inedito-de-ariano-suassuna-e-lancado-esta-semana-no-recife\/","title":{"rendered":"Livro in\u00e9dito de Ariano Suassuna \u00e9 lan\u00e7ado esta semana no Recife"},"content":{"rendered":"<p>Cascalho, rochedo, pedregulho, granizo. Ariano Suassuna sempre foi fascinado por qualquer tipo de pedra, fato que n\u00e3o passa despercebido pelos seus leitores. O paraibano que fez de Pernambuco sua morada, falecido em julho de 2014, aos 87 anos, colocou muitas vezes as pedras como sendo figuras centrais n\u00e3o s\u00f3 de suas cria\u00e7\u00f5es art\u00edsticas, mas tamb\u00e9m de suas analogias. Ele costumava dizer que, em sua fam\u00edlia, haviam as pessoas que jogavam as pedras e outras que as recolhiam, como bem lembra seu filho Manuel Dantas \u2013 tamb\u00e9m as juntava e colecionava, complementa Z\u00e9lia, seu grande amor e esposa.<\/p>\n<p>Existem ao longo de sua not\u00e1vel trajet\u00f3ria de vida refer\u00eancias diretas a este encantamento, desde o romance A Pedra do Reino, que consagrou o autor nacionalmente e representa um dos marcos iniciais do Movimento Armorial, \u00e0s esculturas na casa onde morou e onde Z\u00e9lia continua vivendo, no bairro de Casa Forte, passando ainda pela tipografia que vinha desenvolvendo desde a d\u00e9cada de 1990, atrav\u00e9s da qual a rigidez do ferro deu espa\u00e7o \u00e0 sinuosidade da pedra esculpida. Tudo parecia estar sendo meticulosamente e poeticamente pensado para este momento, este livro in\u00e9dito e p\u00f3stumo que acaba de ser lan\u00e7ado pela editora Nova Fronteira: A Ilumiara \u2013 Romance de Dom Pantero no Palco dos Pecadores (R$ 189,90).<\/p>\n<p>Ao longo de seus \u00faltimos 30 anos de vida, Ariano vinha trabalhando nesta que \u00e9 sua grande obra, seu testamento liter\u00e1rio, finalizada um pouco antes dele falecer. O pr\u00f3prio termo ilumiara foi criado por ele para se referir aos anfiteatros formados por pedras insculpidas e pintadas. O box, contendo os dois volumes do romance, chegou \u00e0s livrarias da capital pernambucana na \u00faltima semana, mas esgotou em poucos dias. Neste s\u00e1bado, \u00e0s 15h haver\u00e1 na Livraria Cultura do RioMar Shopping o lan\u00e7amento oficial da obra com um evento fiel \u00e0 trajet\u00f3ria e ao universo suassuniano.<\/p>\n<p>Dantas vai levar ao Teatro Eva Hertz uma aula espetaculosa aberta ao p\u00fablico, acompanhado com Carlos Newton J\u00fanior (pesquisador da obra de Ariano Suassuna e autor da apresenta\u00e7\u00e3o do romance), Ricardo Barbarena (autor do posf\u00e1cio), Esther Sim\u00f5es (neta de Ariano e pesquisadora), Ricardo Gouveia de Melo (designer e idealizador do projeto gr\u00e1fico da obra) e Adriana Victor (jornalista e ex-assessora do escritor).<\/p>\n<p>O pr\u00f3prio termo \u201caula espetaculosa\u201d n\u00e3o \u00e9 apenas uma alus\u00e3o \u00e0s aulas- espet\u00e1culo, grande projeto de Ariano que o levou \u00e0s mais diversas cidades de todo o Pa\u00eds e atrav\u00e9s das quais ele unia em um universo circense m\u00fasica, dan\u00e7a e conta\u00e7\u00e3o de causos. \u00c9 que Dom Pantero, protagonista deste livro, realiza uma aula espetaculosa atrav\u00e9s da qual ele satisfaz seu desejo criativo de escritor frustrado com a ajuda de seu tr\u00eas irm\u00e3os, um dramaturgo, outro romancista e o terceiro poeta \u2013 cada um deles, assim como um tio ensa\u00edsta, representando as diversas facetas criativas do pr\u00f3prio Ariano, al\u00e9m das ilustra\u00e7\u00f5es que permeiam todas as p\u00e1ginas da obra.<\/p>\n<p>O livro em si \u00e9, na verdade, a aula espetaculosa, um grande simp\u00f3sio que se desenvolve ao longo de uma manh\u00e3 e de uma tarde, da\u00ed a decis\u00e3o de dividir a obra em dois volumes, O Jumento Sedutor e O Palha\u00e7o Tetraf\u00f4nico. \u201cSe ele tivesse tido mais tempo, vivido mais, teria escrito um terceiro volume, que corresponderia \u00e0 parte noturna do simp\u00f3sio\u201d, explica Dantas.<\/p>\n<p>Autobiografia, fic\u00e7\u00e3o, ensaio, poesia, teatro ou artes pl\u00e1sticas? N\u00e3o h\u00e1 porque classificar O Romance de Dom Pantero no Palco dos Pecadores em apenas um g\u00eanero, j\u00e1 que todos est\u00e3o presentes nas mais de mil p\u00e1ginas do livros. Essa am\u00e1lgama liter\u00e1ria e visual \u00e9 justamente o que define o livro como sendo, para Carlos Newton, \u201co mais p\u00f3s-moderno da literatura brasileira\u201d. \u201cAtrav\u00e9s da hist\u00f3ria de Dom Pantero e de seus alter egos, Ariano est\u00e1 falando de si e do Brasil. \u00c9 um grande ensaio sobre nosso pa\u00eds\u201d, ressalta Raimundo Carrero, leitor ass\u00edduo de Ariano e autor da contracapa do primeiro volume. S\u00e3o in\u00fameros os personagens que permeiam o livro e muitos deles foram baseados em pessoas que passaram pela vida do autor, \u00e0s vezes com seus verdadeiros nomes e outras n\u00e3o.<\/p>\n<p>\u201cEle sempre pensou o livro plasticamente, onde queria reunir todas suas formas de express\u00e3o\u201d, pontua Dantas. \u201cAriano n\u00e3o foi s\u00f3 um grande artista, mas tamb\u00e9m um grande comunicador\u201d, ressalta Ricardo Gouveia. Al\u00e9m de ter se inspirado em amigos e familiares para criar a narrativa de Dom Pantero \u2013 que tamb\u00e9m \u00e9 a sua pr\u00f3pria \u2013, o autor, como sempre muito perspicaz e bem-humorado, tamb\u00e9m inseriu cr\u00edticas que foram publicadas em grandes jornais do Brasil sobre suas obras, mas atribuindo-as a di\u00e1rios de cidades interioranas nordestinas.<\/p>\n<p><strong>PROCESSO CRIATIVO<\/strong><\/p>\n<p><a href=\"http:\/\/caririemacao.com\/1\/wp-content\/uploads\/2017\/12\/imgs_0.jpg\"><img fetchpriority=\"high\" decoding=\"async\" class=\"aligncenter wp-image-34531 size-full\" src=\"http:\/\/caririemacao.com\/1\/wp-content\/uploads\/2017\/12\/imgs_0.jpg\" alt=\"\" width=\"600\" height=\"387\" srcset=\"https:\/\/www.caririemacao.com\/1\/wp-content\/uploads\/2017\/12\/imgs_0.jpg 600w, https:\/\/www.caririemacao.com\/1\/wp-content\/uploads\/2017\/12\/imgs_0-300x194.jpg 300w\" sizes=\"(max-width: 600px) 100vw, 600px\" \/><\/a><\/p>\n<p>Escreve, desenha, rasura, reescreve e rasura mais uma vez. Em 33 anos, n\u00e3o foram poucas as mudan\u00e7as realizadas por Ariano no seu romance. Montado a m\u00e3o, o autor ia tirando c\u00f3pia do que escrevia e fazendo as colagens das ilustra\u00e7\u00f5es. \u201cEle compartilhava conosco as mudan\u00e7as. Enquanto reescrevia, lia algumas partes e mostrava como estava o andamento do livro\u201d, lembra Z\u00e9lia.<\/p>\n<p>\u201cSua ideia inicial era de public\u00e1-lo acompanhado de um DVD onde estariam reunidos trechos das aulas espet\u00e1culos que dialogavam com a hist\u00f3ria, m\u00eddia que foi substitu\u00edda por QR codes\u201d, complementa Carlos Newton. Ao leitor e espectador muito atento, passagens das apresenta\u00e7\u00f5es do paraibano n\u00e3o passar\u00e3o despercebidas em trechos d\u2019O Romance de Dom Pantero no Palco dos Pecadores.<\/p>\n<p>A simbiose entre a fic\u00e7\u00e3o e a realidade \u00e9 muito bem constru\u00edda e chega a ultrapassar as p\u00e1ginas do livro, indo at\u00e9 a fazenda Carna\u00faba, em Tapero\u00e1, no Cariri paraibano, cen\u00e1rio bastante caracter\u00edstico e pr\u00f3prio do imagin\u00e1rio de Ariano. Manuel Dantas est\u00e1 realizando um dos sonhos de seu pai, o de concretizar a Ilumiara Ja\u00fana que ilustra o livro. A pedra de mais de 30 metros de comprimento est\u00e1 sendo esculpida pelo filho com os desenhos criados pelo pai. \u201cTenho ainda um projeto maior de realizar espet\u00e1culos l\u00e1 afazendo. Estou tamb\u00e9m planejando uma exposi\u00e7\u00e3o com as litogravuras do meu pai, os originais do livro e outros material\u201d, finaliza. O legado de Ariano Suassuna continuar\u00e1, sem d\u00favidas, vivendo.<\/p>\n<p><strong>CARIRI EM A\u00c7\u00c3O<\/strong><\/p>\n<p><em>Com Jornal\u00a0do Comercio online\u00a0\/Foto: Google\u00a0\u00a0 <\/em><\/p>\n<p><strong>Leia mais not\u00edcias em\u00a0<\/strong><a href=\"http:\/\/www.caririemacao.com\/\"><strong>caririemacao.com<\/strong><\/a><strong>, siga nossa p\u00e1gina no\u00a0<\/strong><a href=\"https:\/\/www.facebook.com\/CaririEmAcao\/?ref=aymt_homepage_panel\"><strong>Facebook<\/strong><\/a>,<strong>\u00a0<\/strong><a href=\"https:\/\/www.instagram.com\/cariri_em_acao\/?hl=pt-br\"><strong>Instagram<\/strong><\/a><strong>\u00a0e <\/strong><a href=\"https:\/\/www.youtube.com\/channel\/UCAptA0jQuYQy8vMhLt2m4qg\"><strong>Youtube<\/strong><\/a><strong>\u00a0e veja nossas mat\u00e9rias, v\u00eddeos e fotos. Voc\u00ea tamb\u00e9m pode enviar informa\u00e7\u00f5es \u00e0 Reda\u00e7\u00e3o do Portal Cariri em A\u00e7\u00e3o pelo WhatsApp (83) 9 9634.5791, (83) 9 9601-1162.<\/strong><\/p>\n","protected":false},"excerpt":{"rendered":"<p>Cascalho, rochedo, pedregulho, granizo. Ariano Suassuna sempre foi fascinado por qualquer tipo de pedra, fato que n\u00e3o passa despercebido pelos seus leitores. O paraibano que&hellip; <\/p>\n","protected":false},"author":2,"featured_media":34530,"comment_status":"closed","ping_status":"closed","sticky":false,"template":"","format":"standard","meta":{"sfsi_plus_gutenberg_text_before_share":"","sfsi_plus_gutenberg_show_text_before_share":"","sfsi_plus_gutenberg_icon_type":"","sfsi_plus_gutenberg_icon_alignemt":"","sfsi_plus_gutenburg_max_per_row":"","footnotes":""},"categories":[14],"tags":[],"class_list":["post-34523","post","type-post","status-publish","format-standard","has-post-thumbnail","hentry","category-educacao"],"_links":{"self":[{"href":"https:\/\/www.caririemacao.com\/1\/wp-json\/wp\/v2\/posts\/34523","targetHints":{"allow":["GET"]}}],"collection":[{"href":"https:\/\/www.caririemacao.com\/1\/wp-json\/wp\/v2\/posts"}],"about":[{"href":"https:\/\/www.caririemacao.com\/1\/wp-json\/wp\/v2\/types\/post"}],"author":[{"embeddable":true,"href":"https:\/\/www.caririemacao.com\/1\/wp-json\/wp\/v2\/users\/2"}],"replies":[{"embeddable":true,"href":"https:\/\/www.caririemacao.com\/1\/wp-json\/wp\/v2\/comments?post=34523"}],"version-history":[{"count":0,"href":"https:\/\/www.caririemacao.com\/1\/wp-json\/wp\/v2\/posts\/34523\/revisions"}],"wp:featuredmedia":[{"embeddable":true,"href":"https:\/\/www.caririemacao.com\/1\/wp-json\/wp\/v2\/media\/34530"}],"wp:attachment":[{"href":"https:\/\/www.caririemacao.com\/1\/wp-json\/wp\/v2\/media?parent=34523"}],"wp:term":[{"taxonomy":"category","embeddable":true,"href":"https:\/\/www.caririemacao.com\/1\/wp-json\/wp\/v2\/categories?post=34523"},{"taxonomy":"post_tag","embeddable":true,"href":"https:\/\/www.caririemacao.com\/1\/wp-json\/wp\/v2\/tags?post=34523"}],"curies":[{"name":"wp","href":"https:\/\/api.w.org\/{rel}","templated":true}]}}