{"id":34529,"date":"2017-12-05T12:00:56","date_gmt":"2017-12-05T15:00:56","guid":{"rendered":"http:\/\/caririemacao.com\/1\/?p=34529"},"modified":"2017-12-05T12:05:03","modified_gmt":"2017-12-05T15:05:03","slug":"bombeiro-que-furtou-viatura-nega-plano-de-ataque-ao-congresso","status":"publish","type":"post","link":"https:\/\/www.caririemacao.com\/1\/2017\/12\/05\/bombeiro-que-furtou-viatura-nega-plano-de-ataque-ao-congresso\/","title":{"rendered":"Bombeiro que furtou viatura nega plano de ataque ao Congresso"},"content":{"rendered":"<p>O segundo-sargento do Corpo de Bombeiros Militar do Distrito Federal Fabr\u00edcio Marcos de Ara\u00fajo, perseguido na Esplanada dos Minist\u00e9rios ap\u00f3s\u00a0furtar um caminh\u00e3o\u00a0da corpora\u00e7\u00e3o, na madrugada do \u00faltimo domingo (3), disse n\u00e3o se recordar do ocorrido e negou ter planejado atingir o pr\u00e9dio do Congresso.<\/p>\n<p>Em nota, a defesa do bombeiro destacou que, em 23 anos de carreira, Ara\u00fajo \u201cn\u00e3o tem qualquer fato que desabone sua conduta social ou funcional\u201d e que ele solicita tratamento psicol\u00f3gico imediato.\u00a0 \u201cTamb\u00e9m \u00e9 pai e marido. N\u00e3o tem nenhum posicionamento religioso ou pol\u00edtico radical. Fabr\u00edcio \u00e9 apenas mais um membro integrante da seguran\u00e7a p\u00fablica que, como tantos outros, internalizou o peso do exerc\u00edcio da profiss\u00e3o sem o devido suporte psicol\u00f3gico\u201d, escreveu o advogado Rodrigo Veiga de Oliveira.<\/p>\n<p>Segundo o comunicado, o sofrimento ps\u00edquico do bombeiro teria sido intensificado com o suic\u00eddio de um colega de profiss\u00e3o no final de semana anterior ao epis\u00f3dio protagonizado por Ara\u00fajo. Em sua \u00faltima miss\u00e3o, o colega foi acionado para socorrer a m\u00e3e de um terceiro companheiro, que acabou morrendo.<\/p>\n<p>O advogado informou que Ara\u00fajo se encontra \u201cperplexo com a situa\u00e7\u00e3o e surpreso com o ocorrido\u201d e apreensivo com a multiplica\u00e7\u00e3o de boatos, como o rumor de que o motivo para a a\u00e7\u00e3o seria o suic\u00eddio do filho do bombeiro.<\/p>\n<p>\u201cN\u00e3o \u00e9 natural ao ser humano presenciar acidentes e mortes quase que diariamente. N\u00e3o \u00e9 natural ao ser humano internalizar todo o estresse decorrente da extenuante fun\u00e7\u00e3o na seguran\u00e7a p\u00fablica\u201d, complementou a defesa.<\/p>\n<div class=\"know_more\">\u00a0<strong>CARIRI EM A\u00c7\u00c3O<\/strong><\/div>\n<div class=\"td-a-rec td-a-rec-id-content_bottom td_uid_1_5a268cfc35ab5_rand td_block_template_1\">\n<div id=\"div-gpt-ad-1510753744454-4\" data-google-query-id=\"CO7HyIiR89cCFZWEkQodTg8Anw\">\n<div id=\"google_ads_iframe_\/19487587\/PORTALCORREIO\/homepage_728x90_banner_bot_0__container__\">\n<p><em>Com Portal Correio\/Foto: Google\u00a0\u00a0 <\/em><\/p>\n<p><strong>Leia mais not\u00edcias em\u00a0<\/strong><a href=\"http:\/\/www.caririemacao.com\/\"><strong>caririemacao.com<\/strong><\/a><strong>, siga nossa p\u00e1gina no\u00a0<\/strong><a href=\"https:\/\/www.facebook.com\/CaririEmAcao\/?ref=aymt_homepage_panel\"><strong>Facebook<\/strong><\/a>,<strong>\u00a0<\/strong><a href=\"https:\/\/www.instagram.com\/cariri_em_acao\/?hl=pt-br\"><strong>Instagram<\/strong><\/a><strong>\u00a0e <\/strong><a href=\"https:\/\/www.youtube.com\/channel\/UCAptA0jQuYQy8vMhLt2m4qg\"><strong>Youtube<\/strong><\/a><strong>\u00a0e veja nossas mat\u00e9rias, v\u00eddeos e fotos. Voc\u00ea tamb\u00e9m pode enviar informa\u00e7\u00f5es \u00e0 Reda\u00e7\u00e3o do Portal Cariri em A\u00e7\u00e3o pelo WhatsApp (83) 9 9634.5791, (83) 9 9601-1162.<\/strong><\/p>\n<\/div>\n<\/div>\n<\/div>\n","protected":false},"excerpt":{"rendered":"<p>O segundo-sargento do Corpo de Bombeiros Militar do Distrito Federal Fabr\u00edcio Marcos de Ara\u00fajo, perseguido na Esplanada dos Minist\u00e9rios ap\u00f3s\u00a0furtar um caminh\u00e3o\u00a0da corpora\u00e7\u00e3o, na madrugada&hellip; <\/p>\n","protected":false},"author":2,"featured_media":34534,"comment_status":"closed","ping_status":"closed","sticky":false,"template":"","format":"standard","meta":{"sfsi_plus_gutenberg_text_before_share":"","sfsi_plus_gutenberg_show_text_before_share":"","sfsi_plus_gutenberg_icon_type":"","sfsi_plus_gutenberg_icon_alignemt":"","sfsi_plus_gutenburg_max_per_row":"","footnotes":""},"categories":[12],"tags":[],"class_list":["post-34529","post","type-post","status-publish","format-standard","has-post-thumbnail","hentry","category-policia"],"_links":{"self":[{"href":"https:\/\/www.caririemacao.com\/1\/wp-json\/wp\/v2\/posts\/34529","targetHints":{"allow":["GET"]}}],"collection":[{"href":"https:\/\/www.caririemacao.com\/1\/wp-json\/wp\/v2\/posts"}],"about":[{"href":"https:\/\/www.caririemacao.com\/1\/wp-json\/wp\/v2\/types\/post"}],"author":[{"embeddable":true,"href":"https:\/\/www.caririemacao.com\/1\/wp-json\/wp\/v2\/users\/2"}],"replies":[{"embeddable":true,"href":"https:\/\/www.caririemacao.com\/1\/wp-json\/wp\/v2\/comments?post=34529"}],"version-history":[{"count":0,"href":"https:\/\/www.caririemacao.com\/1\/wp-json\/wp\/v2\/posts\/34529\/revisions"}],"wp:featuredmedia":[{"embeddable":true,"href":"https:\/\/www.caririemacao.com\/1\/wp-json\/wp\/v2\/media\/34534"}],"wp:attachment":[{"href":"https:\/\/www.caririemacao.com\/1\/wp-json\/wp\/v2\/media?parent=34529"}],"wp:term":[{"taxonomy":"category","embeddable":true,"href":"https:\/\/www.caririemacao.com\/1\/wp-json\/wp\/v2\/categories?post=34529"},{"taxonomy":"post_tag","embeddable":true,"href":"https:\/\/www.caririemacao.com\/1\/wp-json\/wp\/v2\/tags?post=34529"}],"curies":[{"name":"wp","href":"https:\/\/api.w.org\/{rel}","templated":true}]}}