{"id":34533,"date":"2017-12-05T12:03:39","date_gmt":"2017-12-05T15:03:39","guid":{"rendered":"http:\/\/caririemacao.com\/1\/?p=34533"},"modified":"2017-12-05T12:03:39","modified_gmt":"2017-12-05T15:03:39","slug":"governo-promete-liberar-r-3-bilhoes-aos-municipios-se-reforma-da-previdencia-for-aprovada","status":"publish","type":"post","link":"https:\/\/www.caririemacao.com\/1\/2017\/12\/05\/governo-promete-liberar-r-3-bilhoes-aos-municipios-se-reforma-da-previdencia-for-aprovada\/","title":{"rendered":"Governo promete liberar R$ 3 bilh\u00f5es aos munic\u00edpios se reforma da Previd\u00eancia for aprovada"},"content":{"rendered":"<p>Ainda sem votos suficientes para aprova\u00e7\u00e3o da reforma da Previd\u00eancia na C\u00e2mara, o governo tenta a todo custo aprovar o texto ainda neste ano. A \u00faltima promessa foi anunciada pelo ministro da Casa Civil, Eliseu Padilha. De acordo com ele, caso a reforma seja aprovada, ser\u00e3o liberados R$ 3 bilh\u00f5es para os prefeitos em 2018.<\/p>\n<p>Padilha afirmou ao jornal\u00a0<em>O Estado de S. Paulo\u00a0<\/em>que o dinheiro somente ser\u00e1 liberado se o texto for aprovado. \u201cSe a reforma n\u00e3o for aprovada este ano, esse dinheiro n\u00e3o existe\u201d, ressaltou.<\/p>\n<p>A estrat\u00e9gia do governo \u00e9 fazer com que os prefeitos pressionem os deputados a aprovar o texto na C\u00e2mara. Em entrevista ao jornal, Padilha diz que, com a aprova\u00e7\u00e3o da reforma, o governo tem uma proje\u00e7\u00e3o melhor de arrecada\u00e7\u00e3o. De acordo com o ministro, o dinheiro n\u00e3o faz parte dos outros R$ 2 bilh\u00f5es liberados por Temer este ano. O dinheiro prometido ser\u00e1 para o pr\u00f3ximo ano.<\/p>\n<p>\u201cA ideia \u00e9 que eles [prefeitos] fa\u00e7am mobiliza\u00e7\u00e3o, conversem com seus parlamentares e se aprovar a reforma da Previd\u00eancia, ano que vem o governo far\u00e1 esse repasse para os munic\u00edpios\u201d, afirma.<\/p>\n<p>Essa semana, o presidente Michel Temer (PMDB) far\u00e1 uma nova rodada de negocia\u00e7\u00f5es e conversas para tentar apoio e apurar quantos votos garantidos a reforma j\u00e1 tem na Casa. Para aprovar o texto, s\u00e3o necess\u00e1rios 308 votos. O governo conta com a possibilidade de colocar o texto para vota\u00e7\u00e3o na pr\u00f3xima semana.<\/p>\n<p>Pesquisa divulgada pela\u00a0<em>Folha de S.Paulo<\/em>\u00a0no \u00faltimo s\u00e1bado (2) confirma a falta de apoio ao texto do governo. Ao menos\u00a0220 deputados declararam ser contr\u00e1rios\u00a0\u00e0 proposta.<\/p>\n<p>Apenas 46 informaram ser favor\u00e1veis, outros 11 apoiam a reforma parcialmente. Al\u00e9m deles, 51 se mostraram indecisos, 16 disseram que v\u00e3o seguir a orienta\u00e7\u00e3o partid\u00e1ria e 125 se recusaram a responder. Somados, esses potenciais apoiadores da proposta de Temer somam 249 nomes. A enquete foi feita com 512 deputados (um est\u00e1 de licen\u00e7a) entre 27 de novembro e 1\u00ba de dezembro. Outros 43 n\u00e3o foram localizados. Mesmo se todo esse grupo votasse com o governo, n\u00e3o seria atingida a vota\u00e7\u00e3o m\u00ednima para aprova\u00e7\u00e3o do texto.<\/p>\n<p>Entre outras coisas, a proposta de emenda \u00e0 Constitui\u00e7\u00e3o estabelece idade m\u00ednima de 65 anos (homens) e 62 anos (mulheres) para aposentadoria, al\u00e9m de mudar a f\u00f3rmula de c\u00e1lculo do benef\u00edcio.<\/p>\n<p><strong>CARIRI EM A\u00c7\u00c3O<\/strong><\/p>\n<p><em>Com Congresso em Foco\/Foto: Google\u00a0\u00a0 <\/em><\/p>\n<p><strong>Leia mais not\u00edcias em\u00a0<\/strong><a href=\"http:\/\/www.caririemacao.com\/\"><strong>caririemacao.com<\/strong><\/a><strong>, siga nossa p\u00e1gina no\u00a0<\/strong><a href=\"https:\/\/www.facebook.com\/CaririEmAcao\/?ref=aymt_homepage_panel\"><strong>Facebook<\/strong><\/a>,<strong>\u00a0<\/strong><a href=\"https:\/\/www.instagram.com\/cariri_em_acao\/?hl=pt-br\"><strong>Instagram<\/strong><\/a><strong>\u00a0e <\/strong><a href=\"https:\/\/www.youtube.com\/channel\/UCAptA0jQuYQy8vMhLt2m4qg\"><strong>Youtube<\/strong><\/a><strong>\u00a0e veja nossas mat\u00e9rias, v\u00eddeos e fotos. Voc\u00ea tamb\u00e9m pode enviar informa\u00e7\u00f5es \u00e0 Reda\u00e7\u00e3o do Portal Cariri em A\u00e7\u00e3o pelo WhatsApp (83) 9 9634.5791, (83) 9 9601-1162.<\/strong><\/p>\n","protected":false},"excerpt":{"rendered":"<p>Ainda sem votos suficientes para aprova\u00e7\u00e3o da reforma da Previd\u00eancia na C\u00e2mara, o governo tenta a todo custo aprovar o texto ainda neste ano. A&hellip; <\/p>\n","protected":false},"author":2,"featured_media":6787,"comment_status":"closed","ping_status":"closed","sticky":false,"template":"","format":"standard","meta":{"sfsi_plus_gutenberg_text_before_share":"","sfsi_plus_gutenberg_show_text_before_share":"","sfsi_plus_gutenberg_icon_type":"","sfsi_plus_gutenberg_icon_alignemt":"","sfsi_plus_gutenburg_max_per_row":"","footnotes":""},"categories":[11],"tags":[],"class_list":["post-34533","post","type-post","status-publish","format-standard","has-post-thumbnail","hentry","category-politica"],"_links":{"self":[{"href":"https:\/\/www.caririemacao.com\/1\/wp-json\/wp\/v2\/posts\/34533","targetHints":{"allow":["GET"]}}],"collection":[{"href":"https:\/\/www.caririemacao.com\/1\/wp-json\/wp\/v2\/posts"}],"about":[{"href":"https:\/\/www.caririemacao.com\/1\/wp-json\/wp\/v2\/types\/post"}],"author":[{"embeddable":true,"href":"https:\/\/www.caririemacao.com\/1\/wp-json\/wp\/v2\/users\/2"}],"replies":[{"embeddable":true,"href":"https:\/\/www.caririemacao.com\/1\/wp-json\/wp\/v2\/comments?post=34533"}],"version-history":[{"count":0,"href":"https:\/\/www.caririemacao.com\/1\/wp-json\/wp\/v2\/posts\/34533\/revisions"}],"wp:featuredmedia":[{"embeddable":true,"href":"https:\/\/www.caririemacao.com\/1\/wp-json\/wp\/v2\/media\/6787"}],"wp:attachment":[{"href":"https:\/\/www.caririemacao.com\/1\/wp-json\/wp\/v2\/media?parent=34533"}],"wp:term":[{"taxonomy":"category","embeddable":true,"href":"https:\/\/www.caririemacao.com\/1\/wp-json\/wp\/v2\/categories?post=34533"},{"taxonomy":"post_tag","embeddable":true,"href":"https:\/\/www.caririemacao.com\/1\/wp-json\/wp\/v2\/tags?post=34533"}],"curies":[{"name":"wp","href":"https:\/\/api.w.org\/{rel}","templated":true}]}}