{"id":34538,"date":"2017-12-05T12:20:22","date_gmt":"2017-12-05T15:20:22","guid":{"rendered":"http:\/\/caririemacao.com\/1\/?p=34538"},"modified":"2017-12-05T12:20:22","modified_gmt":"2017-12-05T15:20:22","slug":"presidente-do-santos-descarta-negociacao-com-sao-paulo-por-victor-ferraz","status":"publish","type":"post","link":"https:\/\/www.caririemacao.com\/1\/2017\/12\/05\/presidente-do-santos-descarta-negociacao-com-sao-paulo-por-victor-ferraz\/","title":{"rendered":"Presidente do Santos descarta negocia\u00e7\u00e3o com S\u00e3o Paulo por Victor Ferraz"},"content":{"rendered":"<div class=\"mc-column\"><\/div>\n<div class=\"mc-article-body\">\n<article>\n<div class=\"mc-column mc-side-item__container\" data-block-type=\"ads\" data-block-id=\"0\">\n<div class=\"mc-side-item mc-side-item--right content-ads content-ads--side-ad\">\n<div id=\"banner_materia1\" class=\"tag-manager-publicidade-container tag-manager-publicidade-banner_materia1 tag-manager-publicidade-container--carregado tag-manager-publicidade-container--visivel\" data-google-query-id=\"CNvE-YmT89cCFVALkQodvJcOAQ\" data-cid=\"138218755969\" data-lid=\"616424773\">\n<div id=\"google_ads_iframe_\/95377733\/tvg_GE\/Futebol_1__container__\">Victor Ferraz n\u00e3o vai trocar o Santos pelo S\u00e3o Paulo, segundo o presidente do Peixe, Modesto Roma. O dirigente disse ter conversado nesta ter\u00e7a-feira com o mandat\u00e1rio do Tricolor, Carlos Augusto de Barros e Silva, o Leco, e encerrado a negocia\u00e7\u00e3o.<\/div>\n<\/div>\n<\/div>\n<\/div>\n<div class=\"mc-column content-text active-extra-styles \" data-block-type=\"unstyled\" data-block-weight=\"17\" data-block-id=\"2\">\n<p class=\"content-text__container \" data-track-category=\"Link no Texto\" data-track-links=\"\">Os dois participaram do 2\u00ba congresso brasileiro de direito desportivo. Leco saiu do evento sem dar entrevistas.<\/p>\n<\/div>\n<div class=\"mc-column content-text active-extra-styles \" data-block-type=\"unstyled\" data-block-weight=\"33\" data-block-id=\"3\">\n<p class=\"content-text__container \" data-track-category=\"Link no Texto\" data-track-links=\"\">\u2013 Esse assunto est\u00e1 encerrado. Conversei com o Leco sobre o Victor Ferraz inclusive hoje (ter\u00e7a). N\u00e3o tem negocia\u00e7\u00e3o. Conversamos e n\u00e3o tem nenhuma possibilidade de ele sair do Santos \u2013 afirmou Modesto.<\/p>\n<\/div>\n<div class=\"mc-column content-text active-extra-styles \" data-block-type=\"unstyled\" data-block-weight=\"23\" data-block-id=\"4\">\n<p class=\"content-text__container \" data-track-category=\"Link no Texto\" data-track-links=\"\">\u00c9 preciso lembrar, por\u00e9m, que o Santos ter\u00e1 elei\u00e7\u00f5es presidenciais no pr\u00f3ximo s\u00e1bado. O novo presidente pode, se assim desejar, mudar o panorama.<\/p>\n<\/div>\n<div class=\"mc-column content-text active-extra-styles \" data-block-type=\"unstyled\" data-block-weight=\"42\" data-block-id=\"5\">\n<p class=\"content-text__container \" data-track-category=\"Link no Texto\" data-track-links=\"\">O S\u00e3o Paulo busca ao menos um lateral-direito para 2018. Al\u00e9m de Ferraz, o clube do Morumbi analisa nomes como Cristovam, do Paran\u00e1, e Dudu, do Figueirense, como alternativas para a posi\u00e7\u00e3o. Ferraz tem contrato com o Santos at\u00e9 dezembro de 2019.<\/p>\n<\/div>\n<div data-track-category=\"fim do conteudo\" data-track-action=\"ultimo chunk conteudo\" data-track-noninteraction=\"false\" data-track-scroll=\"entrada completa viewport\">\n<div class=\"mc-column content-text active-extra-styles \" data-block-type=\"unstyled\" data-block-weight=\"6\" data-block-id=\"6\">\n<p><strong>CARIRI EM A\u00c7\u00c3O<\/strong><\/p>\n<p><em>Com G1 \/Foto:Ivan Storti\/Santos FC<\/em><\/p>\n<p><strong>Leia mais not\u00edcias em\u00a0<\/strong><a href=\"http:\/\/www.caririemacao.com\/\"><strong>caririemacao.com<\/strong><\/a><strong>, siga nossa p\u00e1gina no\u00a0<\/strong><a href=\"https:\/\/www.facebook.com\/CaririEmAcao\/?ref=aymt_homepage_panel\"><strong>Facebook<\/strong><\/a>,<strong>\u00a0<\/strong><a href=\"https:\/\/www.instagram.com\/cariri_em_acao\/?hl=pt-br\"><strong>Instagram<\/strong><\/a><strong>\u00a0e <\/strong><a href=\"https:\/\/www.youtube.com\/channel\/UCAptA0jQuYQy8vMhLt2m4qg\"><strong>Youtube<\/strong><\/a><strong>\u00a0e veja nossas mat\u00e9rias, v\u00eddeos e fotos. Voc\u00ea tamb\u00e9m pode enviar informa\u00e7\u00f5es \u00e0 Reda\u00e7\u00e3o do Portal Cariri em A\u00e7\u00e3o pelo WhatsApp (83) 9 9634.5791, (83) 9 9601-1162.<\/strong><\/p>\n<\/div>\n<\/div>\n<\/article>\n<\/div>\n","protected":false},"excerpt":{"rendered":"<p>Victor Ferraz n\u00e3o vai trocar o Santos pelo S\u00e3o Paulo, segundo o presidente do Peixe, Modesto Roma. O dirigente disse ter conversado nesta ter\u00e7a-feira com&hellip; <\/p>\n","protected":false},"author":2,"featured_media":34539,"comment_status":"closed","ping_status":"closed","sticky":false,"template":"","format":"standard","meta":{"sfsi_plus_gutenberg_text_before_share":"","sfsi_plus_gutenberg_show_text_before_share":"","sfsi_plus_gutenberg_icon_type":"","sfsi_plus_gutenberg_icon_alignemt":"","sfsi_plus_gutenburg_max_per_row":"","footnotes":""},"categories":[13],"tags":[],"class_list":["post-34538","post","type-post","status-publish","format-standard","has-post-thumbnail","hentry","category-esportes"],"_links":{"self":[{"href":"https:\/\/www.caririemacao.com\/1\/wp-json\/wp\/v2\/posts\/34538","targetHints":{"allow":["GET"]}}],"collection":[{"href":"https:\/\/www.caririemacao.com\/1\/wp-json\/wp\/v2\/posts"}],"about":[{"href":"https:\/\/www.caririemacao.com\/1\/wp-json\/wp\/v2\/types\/post"}],"author":[{"embeddable":true,"href":"https:\/\/www.caririemacao.com\/1\/wp-json\/wp\/v2\/users\/2"}],"replies":[{"embeddable":true,"href":"https:\/\/www.caririemacao.com\/1\/wp-json\/wp\/v2\/comments?post=34538"}],"version-history":[{"count":0,"href":"https:\/\/www.caririemacao.com\/1\/wp-json\/wp\/v2\/posts\/34538\/revisions"}],"wp:featuredmedia":[{"embeddable":true,"href":"https:\/\/www.caririemacao.com\/1\/wp-json\/wp\/v2\/media\/34539"}],"wp:attachment":[{"href":"https:\/\/www.caririemacao.com\/1\/wp-json\/wp\/v2\/media?parent=34538"}],"wp:term":[{"taxonomy":"category","embeddable":true,"href":"https:\/\/www.caririemacao.com\/1\/wp-json\/wp\/v2\/categories?post=34538"},{"taxonomy":"post_tag","embeddable":true,"href":"https:\/\/www.caririemacao.com\/1\/wp-json\/wp\/v2\/tags?post=34538"}],"curies":[{"name":"wp","href":"https:\/\/api.w.org\/{rel}","templated":true}]}}