{"id":34542,"date":"2017-12-05T12:26:08","date_gmt":"2017-12-05T15:26:08","guid":{"rendered":"http:\/\/caririemacao.com\/1\/?p=34542"},"modified":"2017-12-05T12:26:08","modified_gmt":"2017-12-05T15:26:08","slug":"sumeense-assume-diretoria-do-mda-em-brasilia","status":"publish","type":"post","link":"https:\/\/www.caririemacao.com\/1\/2017\/12\/05\/sumeense-assume-diretoria-do-mda-em-brasilia\/","title":{"rendered":"Sumeense assume Diretoria do MDA em Bras\u00edlia"},"content":{"rendered":"<p>O novo Diretor do Departamento de Financiamento e Prote\u00e7\u00e3o \u00e0 Produ\u00e7\u00e3o \u2013 DFPP da Secretaria Especial de Agricultura Familiar e Desenvolvimento Agr\u00e1rio \u2013 SEAD (ex- MDA) em Bras\u00edlia \u00e9 o sumeense Elias Freire. Elias que \u00e9 professor titular do IFPB e Doutor em Engenharia Agr\u00edcola pela UFCG tomou posse no cargo na manh\u00e3 desta segunda-feira (04).<\/p>\n<p>A SEAD \u00e9 respons\u00e1vel pelos programas governamentais de reforma agr\u00e1ria; promo\u00e7\u00e3o do desenvolvimento sustent\u00e1vel do segmento rural constitu\u00eddo pelos agricultores familiares; identifica\u00e7\u00e3o, reconhecimento, delimita\u00e7\u00e3o, demarca\u00e7\u00e3o e titula\u00e7\u00e3o das terras ocupadas pelos remanescentes das comunidades dos quilombos.<\/p>\n<p>O DFPP (Departamento de Financiamento e Prote\u00e7\u00e3o \u00e0 Produ\u00e7\u00e3o), que a partir de hoje ser\u00e1 gerido pelo sumeense Elias Freire, conta em seu organograma com cinco Coordena\u00e7\u00f5es: do Garantia Safra; de Financiamento \u00e0 Produ\u00e7\u00e3o Rural; do Seguro da Agricultura Familiar; de Cooperativismo; e de Diversifica\u00e7\u00e3o Econ\u00f4mica, Apoio \u00e0 Agricultura e Apoio Comercializa\u00e7\u00e3o. O \u00f3rg\u00e3o busca a partir de a\u00e7\u00f5es espec\u00edficas, criar condi\u00e7\u00f5es para que as fam\u00edlias agricultoras possam melhorar a qualidade de seus produtos, assegurando mais capital e mais prote\u00e7\u00e3o \u00e0 produ\u00e7\u00e3o e \u00e0 renda. As a\u00e7\u00f5es s\u00e3o desenvolvidas em todo o territ\u00f3rio nacional, mas algumas delas t\u00eam o semi\u00e1rido nordestino como prioridade.<\/p>\n<p>\u201cEspero contribuir com o desenvolvimento dessa atividade t\u00e3o importante para o pa\u00eds, que \u00e9 a agricultura familiar, buscando condi\u00e7\u00f5es para a implementa\u00e7\u00e3o de a\u00e7\u00f5es que possam melhorar a vida do homem do campo, dando-lhes mais dignidade e qualidade de vida. Sou sabedor das dificuldades enfrentadas por esses \u2018guerreiros\u2019 que a cada momento buscam melhores condi\u00e7\u00f5es de trabalho e, at\u00e9 mesmo, de sobreviv\u00eancia, pois minha origem remota da agricultura familiar.\u00a0 Meu pai sempre atuou nessa atividade e, ainda hoje, tenho v\u00e1rios familiares e amigos que buscam sua sobreviv\u00eancia nessa atividade. Por isso, buscar mecanismo e a\u00e7\u00f5es que possam contribuir para a atividade dessa categoria de trabalhadores ser\u00e1 o meu maior compromisso\u201d, destacou o diretor.<\/p>\n<p>Elias afirmou ainda que pretende contribuir com seu munic\u00edpio, Sum\u00e9, e com todo o Cariri atrav\u00e9s da fun\u00e7\u00e3o que ora lhe foi confiada.<\/p>\n<p><strong>CARIRI EM A\u00c7\u00c3O<\/strong><\/p>\n<p>Com Cariri Ligado<\/p>\n<p><strong>Leia mais not\u00edcias em\u00a0<\/strong><a style=\"font-style: inherit; font-weight: inherit;\" href=\"http:\/\/www.caririemacao.com\/\"><strong style=\"font-style: inherit;\">caririemacao.com<\/strong><\/a><strong style=\"font-style: inherit;\">, siga nossa p\u00e1gina no\u00a0<\/strong><a style=\"font-style: inherit; font-weight: inherit;\" href=\"https:\/\/www.facebook.com\/CaririEmAcao\/?ref=aymt_homepage_panel\"><strong style=\"font-style: inherit;\">Facebook<\/strong><\/a>,<strong style=\"font-style: inherit;\">\u00a0<\/strong><a style=\"font-style: inherit; font-weight: inherit;\" href=\"https:\/\/www.instagram.com\/cariri_em_acao\/?hl=pt-br\"><strong style=\"font-style: inherit;\">Instagram<\/strong><\/a><strong style=\"font-style: inherit;\">\u00a0e\u00a0<\/strong><a style=\"font-style: inherit; font-weight: inherit;\" href=\"https:\/\/www.youtube.com\/channel\/UCAptA0jQuYQy8vMhLt2m4qg\"><strong style=\"font-style: inherit;\">Youtube<\/strong><\/a><strong style=\"font-style: inherit;\">\u00a0e veja nossas mat\u00e9rias, v\u00eddeos e fotos. Voc\u00ea tamb\u00e9m pode enviar informa\u00e7\u00f5es \u00e0 Reda\u00e7\u00e3o do Portal Cariri em A\u00e7\u00e3o pelo WhatsApp (83) 9 9634.5791, (83) 9 9601-1162.<\/strong><\/p>\n","protected":false},"excerpt":{"rendered":"<p>O novo Diretor do Departamento de Financiamento e Prote\u00e7\u00e3o \u00e0 Produ\u00e7\u00e3o \u2013 DFPP da Secretaria Especial de Agricultura Familiar e Desenvolvimento Agr\u00e1rio \u2013 SEAD (ex-&hellip; <\/p>\n","protected":false},"author":2,"featured_media":34543,"comment_status":"closed","ping_status":"closed","sticky":false,"template":"","format":"standard","meta":{"sfsi_plus_gutenberg_text_before_share":"","sfsi_plus_gutenberg_show_text_before_share":"","sfsi_plus_gutenberg_icon_type":"","sfsi_plus_gutenberg_icon_alignemt":"","sfsi_plus_gutenburg_max_per_row":"","footnotes":""},"categories":[11],"tags":[],"class_list":["post-34542","post","type-post","status-publish","format-standard","has-post-thumbnail","hentry","category-politica"],"_links":{"self":[{"href":"https:\/\/www.caririemacao.com\/1\/wp-json\/wp\/v2\/posts\/34542","targetHints":{"allow":["GET"]}}],"collection":[{"href":"https:\/\/www.caririemacao.com\/1\/wp-json\/wp\/v2\/posts"}],"about":[{"href":"https:\/\/www.caririemacao.com\/1\/wp-json\/wp\/v2\/types\/post"}],"author":[{"embeddable":true,"href":"https:\/\/www.caririemacao.com\/1\/wp-json\/wp\/v2\/users\/2"}],"replies":[{"embeddable":true,"href":"https:\/\/www.caririemacao.com\/1\/wp-json\/wp\/v2\/comments?post=34542"}],"version-history":[{"count":0,"href":"https:\/\/www.caririemacao.com\/1\/wp-json\/wp\/v2\/posts\/34542\/revisions"}],"wp:featuredmedia":[{"embeddable":true,"href":"https:\/\/www.caririemacao.com\/1\/wp-json\/wp\/v2\/media\/34543"}],"wp:attachment":[{"href":"https:\/\/www.caririemacao.com\/1\/wp-json\/wp\/v2\/media?parent=34542"}],"wp:term":[{"taxonomy":"category","embeddable":true,"href":"https:\/\/www.caririemacao.com\/1\/wp-json\/wp\/v2\/categories?post=34542"},{"taxonomy":"post_tag","embeddable":true,"href":"https:\/\/www.caririemacao.com\/1\/wp-json\/wp\/v2\/tags?post=34542"}],"curies":[{"name":"wp","href":"https:\/\/api.w.org\/{rel}","templated":true}]}}