{"id":34547,"date":"2017-12-05T12:35:22","date_gmt":"2017-12-05T15:35:22","guid":{"rendered":"http:\/\/caririemacao.com\/1\/?p=34547"},"modified":"2017-12-05T12:35:22","modified_gmt":"2017-12-05T15:35:22","slug":"espera-por-cirurgia-eletiva-no-sus-chega-a-12-anos","status":"publish","type":"post","link":"https:\/\/www.caririemacao.com\/1\/2017\/12\/05\/espera-por-cirurgia-eletiva-no-sus-chega-a-12-anos\/","title":{"rendered":"Espera por cirurgia eletiva no SUS chega a 12 anos"},"content":{"rendered":"<p>Pelo menos 904 mil pessoas esperam por uma\u00a0cirurgia eletiva\u00a0\u2013 n\u00e3o urgente \u2013 no\u00a0Sistema \u00danico de Sa\u00fade (SUS). Parte desses pacientes aguarda o procedimento h\u00e1 mais de 10 anos. \u00c9 o que mostra levantamento in\u00e9dito feito pelo\u00a0Conselho Federal de Medicina (CFM)\u00a0com dados das secretarias da Sa\u00fade dos Estados e das capitais brasileiras obtidos por meio da Lei de Acesso \u00e0 Informa\u00e7\u00e3o. A demora para realizar procedimentos, afirmam especialistas, pode agravar o quadro dos pacientes.\u00a0 As informa\u00e7\u00f5es foram publicadas pelo jornal\u00a0<em>O Estado de S. Paulo.<\/em><\/p>\n<p>Segundo a entidade, o n\u00famero de demandas represadas \u00e9 provavelmente mais alto, j\u00e1 que somente 16 Estados e 10 capitais responderam. H\u00e1 ainda a fila por procedimentos nos servi\u00e7os de sa\u00fade federais.<\/p>\n<p>O levantamento revela tamb\u00e9m que a quantidade de pessoas que aguardam cirurgia no sistema p\u00fablico \u00e9 maior do que o medido pelo Minist\u00e9rio da Sa\u00fade. Em julho deste ano, a pasta divulgou a primeira lista \u00fanica desse tipo de procedimento \u2013 antes disso, os n\u00fameros eram registrados s\u00f3 pelos Estados e munic\u00edpios e nunca haviam sido centralizados.<\/p>\n<p>Na ocasi\u00e3o, a pasta informou que a fila era de 804 mil solicita\u00e7\u00f5es no Pa\u00eds. Na \u00faltima semana, novo balan\u00e7o apresentado pelo minist\u00e9rio apontou que, ap\u00f3s avalia\u00e7\u00e3o feita pela ouvidoria, o n\u00famero caiu para 667 mil pedidos, porque havia duplicidade de cadastros na primeira lista.<\/p>\n<p>\u201cTanto o n\u00famero do minist\u00e9rio quanto o levantado pelo CFM s\u00e3o subestimados, porque parte dos Estados n\u00e3o respondeu ou n\u00e3o possui os dados organizados. H\u00e1 ainda aquelas pessoas que precisam da cirurgia, mas nem sequer t\u00eam acesso ao especialista que d\u00e1 o encaminhamento\u201d, destaca o presidente em exerc\u00edcio do CFM, Mauro Luiz de Britto Ribeiro.<\/p>\n<p>O pr\u00f3prio ministro da Sa\u00fade, Ricardo Barros, admitiu haver falhas de informa\u00e7\u00e3o nas listas passadas pelos governos locais \u00e0 pasta. \u201cQuando os Estados come\u00e7aram a fazer mutir\u00f5es, constatamos que a maioria das pessoas que passaram pelas cirurgias n\u00e3o constavam da lista inicial passada pelo Estado. Isso demonstra que nossa fila n\u00e3o era exata\u201d, diz ele, referindo-se aos mutir\u00f5es realizados pelos Estados com verba extra federal repassada ap\u00f3s a cria\u00e7\u00e3o da fila \u00fanica, em julho.<\/p>\n<h3>Complica\u00e7\u00f5es<\/h3>\n<p>A demora na realiza\u00e7\u00e3o de cirurgias pode levar ao agravamento do quadro de sa\u00fade do paciente, piorando o progn\u00f3stico e aumentando os custos para o pr\u00f3prio sistema. Quem n\u00e3o faz a cirurgia eletiva, diz Britto Ribeiro, \u201cvai acabar caindo um dia no sistema de urg\u00eancia e emerg\u00eancia ou operado num quadro muito pior do que no in\u00edcio da doen\u00e7a.\u201d<\/p>\n<p>\u00c9 o caso da comerci\u00e1ria Ana C\u00e9lia Gon\u00e7alves, de 52 anos, que aguarda cirurgia renal desde 2012. Quando seu nome foi inclu\u00eddo na lista, ela tinha quadro leve de c\u00e1lculo renal. Neste ano, descobriu que o rim direito perdeu totalmente a funcionalidade com o agravamento da doen\u00e7a. Agora, a cirurgia ser\u00e1 de retirada completa do rim.<\/p>\n<p>\u201cO exame deste ano mostrou que o \u00f3rg\u00e3o est\u00e1 com 13% da capacidade, o que, para os m\u00e9dicos, j\u00e1 \u00e9 considerado perdido. O rim esquerdo tamb\u00e9m est\u00e1 em risco, tenho medo de perd\u00ea-lo tamb\u00e9m\u201d, afirma. \u201cMas, quando reclamo, s\u00f3 ou\u00e7o que tenho que ter paci\u00eancia e aguardar na fila\u201d, conta Ana C\u00e9lia, que se trata no Hospital Universit\u00e1rio Walter Cant\u00eddio, em Fortaleza.<\/p>\n<p>Ela diz sofrer de dores agudas e segue dieta restrita para o problema n\u00e3o piorar ainda mais. \u201cTenho medo de perder o outro rim e precisar, ent\u00e3o, de di\u00e1lise e entrar na fila de transplante.\u201d Procurado pela reportagem, o hospital n\u00e3o se manifestou.<\/p>\n<h3>Longa espera<\/h3>\n<p>Ao menos 750 pedidos de cirurgias no Pa\u00eds est\u00e3o na fila h\u00e1 mais de 10 anos. No Estado de S\u00e3o Paulo, h\u00e1 casos em que o paciente aguarda desde 2005, recorde entre os Estados que responderam ao CFM. Na rede paulista, 143 mil esperam por cirurgia eletiva.<\/p>\n<p>A secretaria paulista disse que demanda reprimida por cirurgias eletivas \u00e9 uma realidade nacional, causada sobretudo pela defasagem na tabela de valores de procedimentos hospitalares do minist\u00e9rio, \u201ccongelada h\u00e1 anos e que n\u00e3o cobre os reais valores dos atendimentos\u201d. Disse tamb\u00e9m que o n\u00famero anual de procedimentos feitos sob gest\u00e3o do Estado subiu 21% nos \u00faltimo sete anos, de 179,2 mil para 217,1 mil. Segundo o \u00f3rg\u00e3o, tamb\u00e9m s\u00e3o feitos mutir\u00f5es de cirurgias.<\/p>\n<p>Entre os procedimentos com o maior n\u00famero de demandas represadas no Brasil est\u00e3o as cirurgias de catarata (113.185), corre\u00e7\u00e3o de h\u00e9rnia (95.752), retirada da ves\u00edcula (90.275), varizes (77.854) e de am\u00edgdalas ou adenoide (37.776). S\u00f3 estes cinco tipos concentram quase metade de todos os pedidos na fila.<\/p>\n<p><strong>CARIRI EM A\u00c7\u00c3O<\/strong><\/p>\n<p><em>Com\u00a0VEJA com\/Foto: Reprodu\u00e7\u00e3o<\/em><\/p>\n<p><strong>Leia mais not\u00edcias em\u00a0<\/strong><a href=\"http:\/\/www.caririemacao.com\/\"><strong>caririemacao.com<\/strong><\/a><strong>, siga nossa p\u00e1gina no\u00a0<\/strong><a href=\"https:\/\/www.facebook.com\/CaririEmAcao\/?ref=aymt_homepage_panel\"><strong>Facebook<\/strong><\/a>,<strong>\u00a0<\/strong><a href=\"https:\/\/www.instagram.com\/cariri_em_acao\/?hl=pt-br\"><strong>Instagram<\/strong><\/a><strong>\u00a0e <\/strong><a href=\"https:\/\/www.youtube.com\/channel\/UCAptA0jQuYQy8vMhLt2m4qg\"><strong>Youtube<\/strong><\/a><strong>\u00a0e veja nossas mat\u00e9rias, v\u00eddeos e fotos. Voc\u00ea tamb\u00e9m pode enviar informa\u00e7\u00f5es \u00e0 Reda\u00e7\u00e3o do Portal Cariri em A\u00e7\u00e3o pelo WhatsApp (83) 9 9634.5791, (83) 9 9601-1162.<\/strong><\/p>\n","protected":false},"excerpt":{"rendered":"<p>Pelo menos 904 mil pessoas esperam por uma\u00a0cirurgia eletiva\u00a0\u2013 n\u00e3o urgente \u2013 no\u00a0Sistema \u00danico de Sa\u00fade (SUS). Parte desses pacientes aguarda o procedimento h\u00e1 mais&hellip; <\/p>\n","protected":false},"author":2,"featured_media":34548,"comment_status":"closed","ping_status":"closed","sticky":false,"template":"","format":"standard","meta":{"sfsi_plus_gutenberg_text_before_share":"","sfsi_plus_gutenberg_show_text_before_share":"","sfsi_plus_gutenberg_icon_type":"","sfsi_plus_gutenberg_icon_alignemt":"","sfsi_plus_gutenburg_max_per_row":"","footnotes":""},"categories":[16],"tags":[],"class_list":["post-34547","post","type-post","status-publish","format-standard","has-post-thumbnail","hentry","category-saude"],"_links":{"self":[{"href":"https:\/\/www.caririemacao.com\/1\/wp-json\/wp\/v2\/posts\/34547","targetHints":{"allow":["GET"]}}],"collection":[{"href":"https:\/\/www.caririemacao.com\/1\/wp-json\/wp\/v2\/posts"}],"about":[{"href":"https:\/\/www.caririemacao.com\/1\/wp-json\/wp\/v2\/types\/post"}],"author":[{"embeddable":true,"href":"https:\/\/www.caririemacao.com\/1\/wp-json\/wp\/v2\/users\/2"}],"replies":[{"embeddable":true,"href":"https:\/\/www.caririemacao.com\/1\/wp-json\/wp\/v2\/comments?post=34547"}],"version-history":[{"count":0,"href":"https:\/\/www.caririemacao.com\/1\/wp-json\/wp\/v2\/posts\/34547\/revisions"}],"wp:featuredmedia":[{"embeddable":true,"href":"https:\/\/www.caririemacao.com\/1\/wp-json\/wp\/v2\/media\/34548"}],"wp:attachment":[{"href":"https:\/\/www.caririemacao.com\/1\/wp-json\/wp\/v2\/media?parent=34547"}],"wp:term":[{"taxonomy":"category","embeddable":true,"href":"https:\/\/www.caririemacao.com\/1\/wp-json\/wp\/v2\/categories?post=34547"},{"taxonomy":"post_tag","embeddable":true,"href":"https:\/\/www.caririemacao.com\/1\/wp-json\/wp\/v2\/tags?post=34547"}],"curies":[{"name":"wp","href":"https:\/\/api.w.org\/{rel}","templated":true}]}}