{"id":34550,"date":"2017-12-05T12:51:46","date_gmt":"2017-12-05T15:51:46","guid":{"rendered":"http:\/\/caririemacao.com\/1\/?p=34550"},"modified":"2017-12-05T12:51:46","modified_gmt":"2017-12-05T15:51:46","slug":"em-meio-a-crise-financeira-dos-municipios-prefeitura-de-caraubas-paga-folha-de-pessoal","status":"publish","type":"post","link":"https:\/\/www.caririemacao.com\/1\/2017\/12\/05\/em-meio-a-crise-financeira-dos-municipios-prefeitura-de-caraubas-paga-folha-de-pessoal\/","title":{"rendered":"Em meio \u00e0 crise financeira dos Munic\u00edpios Prefeitura de Cara\u00fabas paga folha de pessoal"},"content":{"rendered":"<div>De acordo com dados do \u00cdndice Firjan de Gest\u00e3o Fiscal, os munic\u00edpios brasileiros enfrentam a pior situa\u00e7\u00e3o fiscal dos \u00faltimos dez anos. Segundo o economista-chefe da entidade, Guilherme Merc\u00eas, a crise municipal reflete o cen\u00e1rio dos estados e da Uni\u00e3o. \u201cNa verdade, essa deteriora\u00e7\u00e3o fiscal foi aparecendo em sequ\u00eancia nos n\u00edveis de governo.\u201d<\/div>\n<div>O \u00edndice avaliou as contas de 4.688 prefeituras. Outras 880 n\u00e3o foram analisadas porque n\u00e3o declararam as contas ao Tesouro Nacional dentro do prazo legal estabelecido pela Lei de Responsabilidade Fiscal (LRF).<\/div>\n<div>De acordo com o estudo, 87,4% das prefeituras brasileiras apresentam situa\u00e7\u00e3o fiscal entre dif\u00edcil e cr\u00edtica. \u201cNove em cada dez prefeituras est\u00e3o em situa\u00e7\u00e3o dif\u00edcil ou cr\u00edtica e quase um ter\u00e7o delas se mostra em uma situa\u00e7\u00e3o cr\u00edtica, ou seja, \u00e0 beira da fal\u00eancia\u201d, acrescentou Merc\u00eas.<\/div>\n<div>Em que pese toda a crise fiscal\/financeira a Prefeitura do munic\u00edpio de Cara\u00fabas vem conseguindo pagar a folha de seus servidores dentro do m\u00eas trabalhado, sem a necessidade de demiss\u00e3o como muitos outros munic\u00edpios o fizeram. De acordo com o prefeito Silvano Dudu, fizemos cortes de despesas de car\u00e1ter continuado e de custeio para conseguir manter a folha de servidores em dia. N\u00e3o est\u00e1 sendo f\u00e1cil \u00e9 bem verdade, mas \u00e9 apenas uma crise e esperamos que ela passe logo para que possamos conseguir investimentos mais pesados nas demais \u00e1reas do governo.<\/div>\n<div>As 30 cidades com n\u00edvel excelente de gest\u00e3o fiscal est\u00e3o distribu\u00eddas em v\u00e1rios estados do pa\u00eds, inclusive no Nordeste e isso mostra que a \u201clocaliza\u00e7\u00e3o geogr\u00e1fica n\u00e3o \u00e9 o determinante de uma boa gest\u00e3o fiscal e, sim, as atitudes dos gestores perante o or\u00e7amento p\u00fablico\u201d, afirmou o secret\u00e1rio de finan\u00e7as Silvo Fernandes.<\/div>\n<div>Cara\u00fabas j\u00e1 pagou 50% do d\u00e9cimo terceiro sal\u00e1rio de todos os servidores e estamos mantendo o compromisso de pagar em dia aos servidores, porque entendo que esse \u00e9 um dever de qualquer gestor p\u00fablico com aqueles que fazem a gest\u00e3o de fato acontecer, disse o prefeito Silvano Dudu. N\u00e3o existe segredo, apenas compromisso e respeito com quem dedica parte de sua vida ao servi\u00e7o p\u00fablico municipal, por isso zelamos pelo nosso maior patrim\u00f4nio, o servidor p\u00fablico, concluiu.<\/div>\n<div>\n<p><strong>CARIRI EM A\u00c7\u00c3O<\/strong><\/p>\n<p><em>Com Ascom\/Foto:Cariri em A\u00e7\u00e3o<\/em><\/p>\n<p><strong>Leia mais not\u00edcias em\u00a0<\/strong><a href=\"http:\/\/www.caririemacao.com\/\"><strong>caririemacao.com<\/strong><\/a><strong>, siga nossa p\u00e1gina no\u00a0<\/strong><a href=\"https:\/\/www.facebook.com\/CaririEmAcao\/?ref=aymt_homepage_panel\"><strong>Facebook<\/strong><\/a>,<strong>\u00a0<\/strong><a href=\"https:\/\/www.instagram.com\/cariri_em_acao\/?hl=pt-br\"><strong>Instagram<\/strong><\/a><strong>\u00a0e <\/strong><a href=\"https:\/\/www.youtube.com\/channel\/UCAptA0jQuYQy8vMhLt2m4qg\"><strong>Youtube<\/strong><\/a><strong>\u00a0e veja nossas mat\u00e9rias, v\u00eddeos e fotos. Voc\u00ea tamb\u00e9m pode enviar informa\u00e7\u00f5es \u00e0 Reda\u00e7\u00e3o do Portal Cariri em A\u00e7\u00e3o pelo WhatsApp (83) 9 9634.5791, (83) 9 9601-1162.<\/strong><\/p>\n<\/div>\n","protected":false},"excerpt":{"rendered":"<p>De acordo com dados do \u00cdndice Firjan de Gest\u00e3o Fiscal, os munic\u00edpios brasileiros enfrentam a pior situa\u00e7\u00e3o fiscal dos \u00faltimos dez anos. Segundo o economista-chefe&hellip; <\/p>\n","protected":false},"author":2,"featured_media":14904,"comment_status":"closed","ping_status":"closed","sticky":false,"template":"","format":"standard","meta":{"sfsi_plus_gutenberg_text_before_share":"","sfsi_plus_gutenberg_show_text_before_share":"","sfsi_plus_gutenberg_icon_type":"","sfsi_plus_gutenberg_icon_alignemt":"","sfsi_plus_gutenburg_max_per_row":"","footnotes":""},"categories":[6],"tags":[],"class_list":["post-34550","post","type-post","status-publish","format-standard","has-post-thumbnail","hentry","category-cidades"],"_links":{"self":[{"href":"https:\/\/www.caririemacao.com\/1\/wp-json\/wp\/v2\/posts\/34550","targetHints":{"allow":["GET"]}}],"collection":[{"href":"https:\/\/www.caririemacao.com\/1\/wp-json\/wp\/v2\/posts"}],"about":[{"href":"https:\/\/www.caririemacao.com\/1\/wp-json\/wp\/v2\/types\/post"}],"author":[{"embeddable":true,"href":"https:\/\/www.caririemacao.com\/1\/wp-json\/wp\/v2\/users\/2"}],"replies":[{"embeddable":true,"href":"https:\/\/www.caririemacao.com\/1\/wp-json\/wp\/v2\/comments?post=34550"}],"version-history":[{"count":0,"href":"https:\/\/www.caririemacao.com\/1\/wp-json\/wp\/v2\/posts\/34550\/revisions"}],"wp:featuredmedia":[{"embeddable":true,"href":"https:\/\/www.caririemacao.com\/1\/wp-json\/wp\/v2\/media\/14904"}],"wp:attachment":[{"href":"https:\/\/www.caririemacao.com\/1\/wp-json\/wp\/v2\/media?parent=34550"}],"wp:term":[{"taxonomy":"category","embeddable":true,"href":"https:\/\/www.caririemacao.com\/1\/wp-json\/wp\/v2\/categories?post=34550"},{"taxonomy":"post_tag","embeddable":true,"href":"https:\/\/www.caririemacao.com\/1\/wp-json\/wp\/v2\/tags?post=34550"}],"curies":[{"name":"wp","href":"https:\/\/api.w.org\/{rel}","templated":true}]}}