{"id":34552,"date":"2017-12-05T12:54:03","date_gmt":"2017-12-05T15:54:03","guid":{"rendered":"http:\/\/caririemacao.com\/1\/?p=34552"},"modified":"2017-12-05T12:54:03","modified_gmt":"2017-12-05T15:54:03","slug":"parceria-entre-projeto-olhar-pelo-proximo-e-prefeitura-realizara-exames-de-vista-e-consultas-oftalmologicas-em-santo-andre","status":"publish","type":"post","link":"https:\/\/www.caririemacao.com\/1\/2017\/12\/05\/parceria-entre-projeto-olhar-pelo-proximo-e-prefeitura-realizara-exames-de-vista-e-consultas-oftalmologicas-em-santo-andre\/","title":{"rendered":"Parceria entre Projeto Olhar Pelo Pr\u00f3ximo e Prefeitura realizar\u00e1 exames de vista e consultas oftalmol\u00f3gicas em Santo Andr\u00e9"},"content":{"rendered":"<div>Teve in\u00edcio nesta segunda-feira (04) e vai at\u00e9 a pr\u00f3xima quarta feira(06\/12) a triagem para identificar as pessoas que ser\u00e3o atendidas pela \u201cONG Olhar pelo Pr\u00f3ximo\u201d com exames gratuitos de vista, avalia\u00e7\u00e3o oftalmol\u00f3gica e encaminhamento cir\u00fargico.<\/div>\n<div><\/div>\n<div>A triagem \u00e9 realizada pela Secretaria Municipal de Sa\u00fade, beneficiando cidad\u00e3os a partir dos sete anos, resi<span class=\"text_exposed_show\">dentes na sede e zona rural do munic\u00edpio. Quem quiser participar, pode procurar a secretaria portando RG, CPF, Cart\u00e3o SUS e telefone de contato.<\/span><\/div>\n<div><span class=\"text_exposed_show\">\u00a0<\/span><\/div>\n<div>Ap\u00f3s a identifica\u00e7\u00e3o dos benefici\u00e1rios, o pr\u00f3ximo passo ser\u00e1 a realiza\u00e7\u00e3o dos exames entre os dias 18 e 19 de Dezembro, com m\u00e9dicos oftalmologistas da organiza\u00e7\u00e3o n\u00e3o governamental.<\/div>\n<div><\/div>\n<div>Para maiores informa\u00e7\u00f5es os interessados devem procurar seus Agentes Comunit\u00e1rios de Sa\u00fade na Fam\u00edlia.<\/div>\n<p><strong>CARIRI EM A\u00c7\u00c3O<\/strong><\/p>\n<p><em>Com Ascom\/Foto: Divulga\u00e7\u00e3o<\/em><\/p>\n<p><strong>Leia mais not\u00edcias em\u00a0<\/strong><a href=\"http:\/\/www.caririemacao.com\/\"><strong>caririemacao.com<\/strong><\/a><strong>, siga nossa p\u00e1gina no\u00a0<\/strong><a href=\"https:\/\/www.facebook.com\/CaririEmAcao\/?ref=aymt_homepage_panel\"><strong>Facebook<\/strong><\/a>,<strong>\u00a0<\/strong><a href=\"https:\/\/www.instagram.com\/cariri_em_acao\/?hl=pt-br\"><strong>Instagram<\/strong><\/a><strong>\u00a0e <\/strong><a href=\"https:\/\/www.youtube.com\/channel\/UCAptA0jQuYQy8vMhLt2m4qg\"><strong>Youtube<\/strong><\/a><strong>\u00a0e veja nossas mat\u00e9rias, v\u00eddeos e fotos. Voc\u00ea tamb\u00e9m pode enviar informa\u00e7\u00f5es \u00e0 Reda\u00e7\u00e3o do Portal Cariri em A\u00e7\u00e3o pelo WhatsApp (83) 9 9634.5791, (83) 9 9601-1162.<\/strong><\/p>\n","protected":false},"excerpt":{"rendered":"<p>Teve in\u00edcio nesta segunda-feira (04) e vai at\u00e9 a pr\u00f3xima quarta feira(06\/12) a triagem para identificar as pessoas que ser\u00e3o atendidas pela \u201cONG Olhar pelo&hellip; <\/p>\n","protected":false},"author":2,"featured_media":34553,"comment_status":"closed","ping_status":"closed","sticky":false,"template":"","format":"standard","meta":{"sfsi_plus_gutenberg_text_before_share":"","sfsi_plus_gutenberg_show_text_before_share":"","sfsi_plus_gutenberg_icon_type":"","sfsi_plus_gutenberg_icon_alignemt":"","sfsi_plus_gutenburg_max_per_row":"","footnotes":""},"categories":[6],"tags":[],"class_list":["post-34552","post","type-post","status-publish","format-standard","has-post-thumbnail","hentry","category-cidades"],"_links":{"self":[{"href":"https:\/\/www.caririemacao.com\/1\/wp-json\/wp\/v2\/posts\/34552","targetHints":{"allow":["GET"]}}],"collection":[{"href":"https:\/\/www.caririemacao.com\/1\/wp-json\/wp\/v2\/posts"}],"about":[{"href":"https:\/\/www.caririemacao.com\/1\/wp-json\/wp\/v2\/types\/post"}],"author":[{"embeddable":true,"href":"https:\/\/www.caririemacao.com\/1\/wp-json\/wp\/v2\/users\/2"}],"replies":[{"embeddable":true,"href":"https:\/\/www.caririemacao.com\/1\/wp-json\/wp\/v2\/comments?post=34552"}],"version-history":[{"count":0,"href":"https:\/\/www.caririemacao.com\/1\/wp-json\/wp\/v2\/posts\/34552\/revisions"}],"wp:featuredmedia":[{"embeddable":true,"href":"https:\/\/www.caririemacao.com\/1\/wp-json\/wp\/v2\/media\/34553"}],"wp:attachment":[{"href":"https:\/\/www.caririemacao.com\/1\/wp-json\/wp\/v2\/media?parent=34552"}],"wp:term":[{"taxonomy":"category","embeddable":true,"href":"https:\/\/www.caririemacao.com\/1\/wp-json\/wp\/v2\/categories?post=34552"},{"taxonomy":"post_tag","embeddable":true,"href":"https:\/\/www.caririemacao.com\/1\/wp-json\/wp\/v2\/tags?post=34552"}],"curies":[{"name":"wp","href":"https:\/\/api.w.org\/{rel}","templated":true}]}}