{"id":34569,"date":"2017-12-06T13:05:57","date_gmt":"2017-12-06T16:05:57","guid":{"rendered":"http:\/\/caririemacao.com\/1\/?p=34569"},"modified":"2017-12-06T13:08:06","modified_gmt":"2017-12-06T16:08:06","slug":"prefeito-consegue-ambulancia-e-destrava-obra-de-unidades-habitacionais-em-camalau","status":"publish","type":"post","link":"https:\/\/www.caririemacao.com\/1\/2017\/12\/06\/prefeito-consegue-ambulancia-e-destrava-obra-de-unidades-habitacionais-em-camalau\/","title":{"rendered":"Prefeito consegue ambul\u00e2ncia e destrava obra de unidades habitacionais em Camala\u00fa"},"content":{"rendered":"<p>O prefeito de Camala\u00fa, Sandro M\u00f4co, esteve cumprindo agenda com o senador paraibano, Raimundo Lira, tratando de diversos assuntos para o munic\u00edpio, buscando libera\u00e7\u00e3o de projetos e investimentos para o munic\u00edpio.<\/p>\n<p>Na audi\u00eancia que teve recentemente com o senador, o prefeito conseguiu uma emenda para a aquisi\u00e7\u00e3o de uma ambul\u00e2ncia para melhorar o atendimento das pessoas em Camala\u00fa.<\/p>\n<p>Sandro ainda sensibilizou o senador em rela\u00e7\u00e3o a obra das casas que estavam sendo constru\u00eddas pelo programa Minha Casa Minha Vida e que est\u00e3o paralisadas. Segundo o prefeito, o senador Raimundo garantiu que as obras ser\u00e3o reiniciadas, e em breve, as pessoas ter\u00e3o uma casa digna para suas fam\u00edlias.<\/p>\n<p><strong>CARIRI EM A\u00c7\u00c3O<\/strong><\/p>\n<p><strong style=\"font-style: inherit;\">Leia mais not\u00edcias em\u00a0<\/strong><a style=\"font-style: inherit; font-weight: inherit;\" href=\"http:\/\/www.caririemacao.com\/\"><strong style=\"font-style: inherit;\">caririemacao.com<\/strong><\/a><strong style=\"font-style: inherit;\">, siga nossa p\u00e1gina no\u00a0<\/strong><a style=\"font-style: inherit; font-weight: inherit;\" href=\"https:\/\/www.facebook.com\/CaririEmAcao\/?ref=aymt_homepage_panel\"><strong style=\"font-style: inherit;\">Facebook<\/strong><\/a>,<strong style=\"font-style: inherit;\">\u00a0<a style=\"font-style: inherit; font-weight: inherit;\" href=\"https:\/\/www.instagram.com\/cariri_em_acao\/?hl=pt-br\">Instagram<\/a>\u00a0e\u00a0<\/strong><a style=\"font-style: inherit; font-weight: inherit;\" href=\"https:\/\/www.youtube.com\/channel\/UCAptA0jQuYQy8vMhLt2m4qg\">Youtube<\/a><strong style=\"font-style: inherit;\">\u00a0e veja nossas mat\u00e9rias, v\u00eddeos e fotos. Voc\u00ea tamb\u00e9m pode enviar informa\u00e7\u00f5es \u00e0 Reda\u00e7\u00e3o do Portal Cariri em A\u00e7\u00e3o pelo WhatsApp (83) 9 9634.5791, (83) 9 9601-1162.<\/strong><\/p>\n","protected":false},"excerpt":{"rendered":"<p>O prefeito de Camala\u00fa, Sandro M\u00f4co, esteve cumprindo agenda com o senador paraibano, Raimundo Lira, tratando de diversos assuntos para o munic\u00edpio, buscando libera\u00e7\u00e3o de&hellip; <\/p>\n","protected":false},"author":2,"featured_media":34570,"comment_status":"closed","ping_status":"closed","sticky":false,"template":"","format":"standard","meta":{"sfsi_plus_gutenberg_text_before_share":"","sfsi_plus_gutenberg_show_text_before_share":"","sfsi_plus_gutenberg_icon_type":"","sfsi_plus_gutenberg_icon_alignemt":"","sfsi_plus_gutenburg_max_per_row":"","footnotes":""},"categories":[16],"tags":[],"class_list":["post-34569","post","type-post","status-publish","format-standard","has-post-thumbnail","hentry","category-saude"],"_links":{"self":[{"href":"https:\/\/www.caririemacao.com\/1\/wp-json\/wp\/v2\/posts\/34569","targetHints":{"allow":["GET"]}}],"collection":[{"href":"https:\/\/www.caririemacao.com\/1\/wp-json\/wp\/v2\/posts"}],"about":[{"href":"https:\/\/www.caririemacao.com\/1\/wp-json\/wp\/v2\/types\/post"}],"author":[{"embeddable":true,"href":"https:\/\/www.caririemacao.com\/1\/wp-json\/wp\/v2\/users\/2"}],"replies":[{"embeddable":true,"href":"https:\/\/www.caririemacao.com\/1\/wp-json\/wp\/v2\/comments?post=34569"}],"version-history":[{"count":0,"href":"https:\/\/www.caririemacao.com\/1\/wp-json\/wp\/v2\/posts\/34569\/revisions"}],"wp:featuredmedia":[{"embeddable":true,"href":"https:\/\/www.caririemacao.com\/1\/wp-json\/wp\/v2\/media\/34570"}],"wp:attachment":[{"href":"https:\/\/www.caririemacao.com\/1\/wp-json\/wp\/v2\/media?parent=34569"}],"wp:term":[{"taxonomy":"category","embeddable":true,"href":"https:\/\/www.caririemacao.com\/1\/wp-json\/wp\/v2\/categories?post=34569"},{"taxonomy":"post_tag","embeddable":true,"href":"https:\/\/www.caririemacao.com\/1\/wp-json\/wp\/v2\/tags?post=34569"}],"curies":[{"name":"wp","href":"https:\/\/api.w.org\/{rel}","templated":true}]}}