{"id":34572,"date":"2017-12-06T09:08:32","date_gmt":"2017-12-06T12:08:32","guid":{"rendered":"http:\/\/caririemacao.com\/1\/?p=34572"},"modified":"2017-12-06T09:08:32","modified_gmt":"2017-12-06T12:08:32","slug":"abertas-as-matriculas-para-programa-projovem-campo-em-sume","status":"publish","type":"post","link":"https:\/\/www.caririemacao.com\/1\/2017\/12\/06\/abertas-as-matriculas-para-programa-projovem-campo-em-sume\/","title":{"rendered":"Abertas as matr\u00edculas para programa Projovem Campo em Sum\u00e9"},"content":{"rendered":"<p class=\"m_-369833225071940579gmail-MsoNormal\">A Secretaria de Educa\u00e7\u00e3o de Sum\u00e9 comunica que j\u00e1 est\u00e3o abertas as matr\u00edculas para o Projovem Campo \u2013 Saberes da Terra.<\/p>\n<p class=\"m_-369833225071940579gmail-MsoNormal\">Os interessados em participar do Programa devem ter entre 18 e 29 anos e n\u00e3o ter terminado o ensino fundamental.<\/p>\n<p class=\"m_-369833225071940579gmail-MsoNormal\">As matr\u00edculas est\u00e3o sendo feitas na Secretaria de Educa\u00e7\u00e3o de Sum\u00e9 e para a sua realiza\u00e7\u00e3o \u00e9 necess\u00e1rio levar xerox do:<\/p>\n<p class=\"m_-369833225071940579gmail-MsoNormal\">&#8211; RG, CPF, Comprovante de resid\u00eancia, Hist\u00f3rico escolar, Duas fotos 3&#215;4. As matr\u00edculas seguem at\u00e9 25 de fevereiro de 2018.<\/p>\n<p><strong>CARIRI EM A\u00c7\u00c3O<\/strong><\/p>\n<p><em>Com Ascom \/Foto: Divulga\u00e7\u00e3o\u00a0\u00a0<\/em><\/p>\n<p><strong>Leia mais not\u00edcias em\u00a0<\/strong><a href=\"http:\/\/www.caririemacao.com\/\"><strong>caririemacao.com<\/strong><\/a><strong>, siga nossa p\u00e1gina no\u00a0<\/strong><a href=\"https:\/\/www.facebook.com\/CaririEmAcao\/?ref=aymt_homepage_panel\"><strong>Facebook<\/strong><\/a>,<strong>\u00a0<\/strong><a href=\"https:\/\/www.instagram.com\/cariri_em_acao\/?hl=pt-br\"><strong>Instagram<\/strong><\/a><strong>\u00a0e <\/strong><a href=\"https:\/\/www.youtube.com\/channel\/UCAptA0jQuYQy8vMhLt2m4qg\"><strong>Youtube<\/strong><\/a><strong>\u00a0e veja nossas mat\u00e9rias, v\u00eddeos e fotos. Voc\u00ea tamb\u00e9m pode enviar informa\u00e7\u00f5es \u00e0 Reda\u00e7\u00e3o do Portal Cariri em A\u00e7\u00e3o pelo WhatsApp (83) 9 9634.5791, (83) 9 9601-1162.<\/strong><\/p>\n","protected":false},"excerpt":{"rendered":"<p>A Secretaria de Educa\u00e7\u00e3o de Sum\u00e9 comunica que j\u00e1 est\u00e3o abertas as matr\u00edculas para o Projovem Campo \u2013 Saberes da Terra. Os interessados em participar&hellip; <\/p>\n","protected":false},"author":2,"featured_media":34573,"comment_status":"closed","ping_status":"closed","sticky":false,"template":"","format":"standard","meta":{"sfsi_plus_gutenberg_text_before_share":"","sfsi_plus_gutenberg_show_text_before_share":"","sfsi_plus_gutenberg_icon_type":"","sfsi_plus_gutenberg_icon_alignemt":"","sfsi_plus_gutenburg_max_per_row":"","footnotes":""},"categories":[2],"tags":[],"class_list":["post-34572","post","type-post","status-publish","format-standard","has-post-thumbnail","hentry","category-geral"],"_links":{"self":[{"href":"https:\/\/www.caririemacao.com\/1\/wp-json\/wp\/v2\/posts\/34572","targetHints":{"allow":["GET"]}}],"collection":[{"href":"https:\/\/www.caririemacao.com\/1\/wp-json\/wp\/v2\/posts"}],"about":[{"href":"https:\/\/www.caririemacao.com\/1\/wp-json\/wp\/v2\/types\/post"}],"author":[{"embeddable":true,"href":"https:\/\/www.caririemacao.com\/1\/wp-json\/wp\/v2\/users\/2"}],"replies":[{"embeddable":true,"href":"https:\/\/www.caririemacao.com\/1\/wp-json\/wp\/v2\/comments?post=34572"}],"version-history":[{"count":0,"href":"https:\/\/www.caririemacao.com\/1\/wp-json\/wp\/v2\/posts\/34572\/revisions"}],"wp:featuredmedia":[{"embeddable":true,"href":"https:\/\/www.caririemacao.com\/1\/wp-json\/wp\/v2\/media\/34573"}],"wp:attachment":[{"href":"https:\/\/www.caririemacao.com\/1\/wp-json\/wp\/v2\/media?parent=34572"}],"wp:term":[{"taxonomy":"category","embeddable":true,"href":"https:\/\/www.caririemacao.com\/1\/wp-json\/wp\/v2\/categories?post=34572"},{"taxonomy":"post_tag","embeddable":true,"href":"https:\/\/www.caririemacao.com\/1\/wp-json\/wp\/v2\/tags?post=34572"}],"curies":[{"name":"wp","href":"https:\/\/api.w.org\/{rel}","templated":true}]}}