{"id":34587,"date":"2017-12-06T10:46:17","date_gmt":"2017-12-06T13:46:17","guid":{"rendered":"http:\/\/caririemacao.com\/1\/?p=34587"},"modified":"2017-12-06T10:46:17","modified_gmt":"2017-12-06T13:46:17","slug":"tre-autoriza-pf-a-investigar-deputado-da-pb-e-filho-por-compra-de-votos","status":"publish","type":"post","link":"https:\/\/www.caririemacao.com\/1\/2017\/12\/06\/tre-autoriza-pf-a-investigar-deputado-da-pb-e-filho-por-compra-de-votos\/","title":{"rendered":"TRE autoriza PF a investigar deputado da PB e filho por compra de votos"},"content":{"rendered":"<div class=\"mc-column content-text active-extra-styles active-capital-letter\" data-block-type=\"unstyled\" data-block-weight=\"51\" data-block-id=\"2\">\n<p class=\"content-text__container theme-color-primary-first-letter\" data-track-category=\"Link no Texto\" data-track-links=\"\">O Tribunal Regional Eleitoral (TRE) da Para\u00edba autorizou a abertura de um inqu\u00e9rito policial para investigar o deputado estadual Arnaldo Monteiro (PSC) e o filho dele, Anderson Monteiro (PSC), por suspeita de compra de votos. A determina\u00e7\u00e3o, do juiz Paulo C\u00e2mara, foi publicada no Di\u00e1rio da Justi\u00e7a Eletr\u00f4nico desta ter\u00e7a-feira (5).<\/p>\n<\/div>\n<div class=\"mc-column content-text active-extra-styles \" data-block-type=\"unstyled\" data-block-weight=\"49\" data-block-id=\"3\">\n<p class=\"content-text__container \" data-track-category=\"Link no Texto\" data-track-links=\"\">A abertura do inqu\u00e9rito policial foi determinada a pedido do Minist\u00e9rio P\u00fablico Eleitoral. A den\u00fancia que chegou ao \u00f3rg\u00e3o informou a exist\u00eancia de \u201cesquema de compra de votos atrav\u00e9s do pagamento de contribui\u00e7\u00f5es sindicais dos trabalhadores rurais de Esperan\u00e7a\u201d, que seria comandada pelos dois, durante as elei\u00e7\u00f5es de 2016.<\/p>\n<\/div>\n<div class=\"mc-column content-text active-extra-styles \" data-block-type=\"unstyled\" data-block-weight=\"30\" data-block-id=\"4\">\n<p class=\"content-text__container \" data-track-category=\"Link no Texto\" data-track-links=\"\">O deputado Arnaldo Monteiro (PSC) e o ex-prefeito Anderson Monteiro (PSC) informaram que foram pegos de surpresa, porque n\u00e3o foram notificados, mas afirmaram que est\u00e3o tranquilos e negaram as acusa\u00e7\u00f5es.<\/p>\n<\/div>\n<div class=\"mc-column content-text active-extra-styles \" data-block-type=\"unstyled\" data-block-weight=\"33\" data-block-id=\"5\">\n<p class=\"content-text__container \" data-track-category=\"Link no Texto\" data-track-links=\"\">\u201cN\u00e3o cometemos nenhuma ilicitude. Isso deve ser desespero de algum advers\u00e1rio, que tentou fazer uma den\u00fancia infundada. Mas o papel do Minist\u00e9rio P\u00fablico \u00e9 pedir a apura\u00e7\u00e3o\u201d, disse o deputado Arnaldo Monteiro (PSC).<\/p>\n<\/div>\n<div class=\"mc-column content-text active-extra-styles \" data-block-type=\"unstyled\" data-block-weight=\"39\" data-block-id=\"6\">\n<p class=\"content-text__container \" data-track-category=\"Link no Texto\" data-track-links=\"\">\u201cForam quatro anos de Prefeitura e n\u00e3o tem nenhum ato de desonestidade da minha parte enquanto gestor e pol\u00edtico. O Minist\u00e9rio P\u00fablico faz sua parte, mas eu n\u00e3o tenho medo de nenhum processo\u201d, declarou o ex-prefeito Anderson Monteiro (PSC).<\/p>\n<\/div>\n<div data-track-category=\"fim do conteudo\" data-track-action=\"ultimo chunk conteudo\" data-track-noninteraction=\"false\" data-track-scroll=\"entrada completa viewport\">\n<div class=\"mc-column content-text active-extra-styles \" data-block-type=\"unstyled\" data-block-weight=\"23\" data-block-id=\"7\">\n<p class=\"content-text__container \" data-track-category=\"Link no Texto\" data-track-links=\"\">A investiga\u00e7\u00e3o vai ser feita pela Pol\u00edcia Federal. Segundo a determina\u00e7\u00e3o, o prazo para conclus\u00e3o das dilig\u00eancias \u00e9 de 60 dias, no m\u00e1ximo.<\/p>\n<\/div>\n<\/div>\n<p><strong>CARIRI EM A\u00c7\u00c3O<\/strong><\/p>\n<p><em>Com G1 \/Foto: Jornal da Para\u00edba<\/em><\/p>\n<p><strong>Leia mais not\u00edcias em\u00a0<\/strong><a href=\"http:\/\/www.caririemacao.com\/\"><strong>caririemacao.com<\/strong><\/a><strong>, siga nossa p\u00e1gina no\u00a0<\/strong><a href=\"https:\/\/www.facebook.com\/CaririEmAcao\/?ref=aymt_homepage_panel\"><strong>Facebook<\/strong><\/a>,<strong>\u00a0<\/strong><a href=\"https:\/\/www.instagram.com\/cariri_em_acao\/?hl=pt-br\"><strong>Instagram<\/strong><\/a><strong>\u00a0e <\/strong><a href=\"https:\/\/www.youtube.com\/channel\/UCAptA0jQuYQy8vMhLt2m4qg\"><strong>Youtube<\/strong><\/a><strong>\u00a0e veja nossas mat\u00e9rias, v\u00eddeos e fotos. Voc\u00ea tamb\u00e9m pode enviar informa\u00e7\u00f5es \u00e0 Reda\u00e7\u00e3o do Portal Cariri em A\u00e7\u00e3o pelo WhatsApp (83) 9 9634.5791, (83) 9 9601-1162.<\/strong><\/p>\n","protected":false},"excerpt":{"rendered":"<p>O Tribunal Regional Eleitoral (TRE) da Para\u00edba autorizou a abertura de um inqu\u00e9rito policial para investigar o deputado estadual Arnaldo Monteiro (PSC) e o filho&hellip; <\/p>\n","protected":false},"author":2,"featured_media":34588,"comment_status":"closed","ping_status":"closed","sticky":false,"template":"","format":"standard","meta":{"sfsi_plus_gutenberg_text_before_share":"","sfsi_plus_gutenberg_show_text_before_share":"","sfsi_plus_gutenberg_icon_type":"","sfsi_plus_gutenberg_icon_alignemt":"","sfsi_plus_gutenburg_max_per_row":"","footnotes":""},"categories":[11],"tags":[],"class_list":["post-34587","post","type-post","status-publish","format-standard","has-post-thumbnail","hentry","category-politica"],"_links":{"self":[{"href":"https:\/\/www.caririemacao.com\/1\/wp-json\/wp\/v2\/posts\/34587","targetHints":{"allow":["GET"]}}],"collection":[{"href":"https:\/\/www.caririemacao.com\/1\/wp-json\/wp\/v2\/posts"}],"about":[{"href":"https:\/\/www.caririemacao.com\/1\/wp-json\/wp\/v2\/types\/post"}],"author":[{"embeddable":true,"href":"https:\/\/www.caririemacao.com\/1\/wp-json\/wp\/v2\/users\/2"}],"replies":[{"embeddable":true,"href":"https:\/\/www.caririemacao.com\/1\/wp-json\/wp\/v2\/comments?post=34587"}],"version-history":[{"count":0,"href":"https:\/\/www.caririemacao.com\/1\/wp-json\/wp\/v2\/posts\/34587\/revisions"}],"wp:featuredmedia":[{"embeddable":true,"href":"https:\/\/www.caririemacao.com\/1\/wp-json\/wp\/v2\/media\/34588"}],"wp:attachment":[{"href":"https:\/\/www.caririemacao.com\/1\/wp-json\/wp\/v2\/media?parent=34587"}],"wp:term":[{"taxonomy":"category","embeddable":true,"href":"https:\/\/www.caririemacao.com\/1\/wp-json\/wp\/v2\/categories?post=34587"},{"taxonomy":"post_tag","embeddable":true,"href":"https:\/\/www.caririemacao.com\/1\/wp-json\/wp\/v2\/tags?post=34587"}],"curies":[{"name":"wp","href":"https:\/\/api.w.org\/{rel}","templated":true}]}}