{"id":34590,"date":"2017-12-06T10:54:40","date_gmt":"2017-12-06T13:54:40","guid":{"rendered":"http:\/\/caririemacao.com\/1\/?p=34590"},"modified":"2017-12-06T10:54:40","modified_gmt":"2017-12-06T13:54:40","slug":"ifpb-lanca-edital-com-761-vagas-para-cursos-superiores","status":"publish","type":"post","link":"https:\/\/www.caririemacao.com\/1\/2017\/12\/06\/ifpb-lanca-edital-com-761-vagas-para-cursos-superiores\/","title":{"rendered":"IFPB lan\u00e7a edital com 761 vagas para cursos superiores"},"content":{"rendered":"<p>Um edital com 761 vagas para cursos superiores referente ao per\u00edodo 2018.1, foi publicado pelo Instituto Federal de Educa\u00e7\u00e3o Ci\u00eancia e Tecnologia da Para\u00edba (IFPB). As inscri\u00e7\u00f5es acontecem entre 4 e 11 de janeiro e ser\u00e3o gratuitas. O edital foi publicado na quinta-feira (30).<\/p>\n<p>Conforme o edital, o processo se destina a preencher vagas de ingresso de graduados, reop\u00e7\u00e3o de curso, reingresso de estudantes e transfer\u00eancia Interinstitucional, nas modalidades presencial e \u00e0 dist\u00e2ncia nos campus de Cabedelo, Campina Grande, Cajazeiras, Jo\u00e3o Pessoa, Patos, Sousa, Monteiro, Princesa Isabel e Picu\u00ed. Ao todo s\u00e3o 26 cursos.<\/p>\n<p>O processo vai ser feito em fase \u00fanica a partir da an\u00e1lise do Coeficiente de Rendimento Escolar (CRE), com base no hist\u00f3rico escolar de cada candidato.<\/p>\n<p>Para participar do processo seletivo, o candidato deve acessar a<a href=\"https:\/\/estudante.ifpb.edu.br\/processoseletivo\/processo\/3\/edicao\/80\/\" target=\"_blank\" rel=\"noopener\">\u00a0plataforma do IFPB<\/a>, preencher um formul\u00e1rio eletr\u00f4nico e depois entregar a documenta\u00e7\u00e3o indicada pelo\u00a0<a href=\"https:\/\/estudante.ifpb.edu.br\/media\/Edital_138_PSE.pdf\" target=\"_blank\" rel=\"noopener\">Edital<\/a>, no setor de protocolo do IFPB. A divulga\u00e7\u00e3o da rela\u00e7\u00e3o de candidatos inscritos no processo seletivo est\u00e1 prevista para o dia 29 de janeiro e o resultado final para o dia 27 de fevereiro.<\/p>\n<h4>Cursos de Gradua\u00e7\u00e3o<\/h4>\n<p>As vagas s\u00e3o direcionadas para os curso de Design Gr\u00e1fico, Ci\u00eancias Biol\u00f3gicas, F\u00edsica, Qu\u00edmica, Letras, Engenharia Civil, Automa\u00e7\u00e3o Industrial, An\u00e1lise e Desenvolvimento de Sistemas, Matem\u00e1tica, Telem\u00e1tica, Constru\u00e7\u00e3o de Edif\u00edcios, Design de Interiores, Engenharia da Computa\u00e7\u00e3o, Geoprocessamento, Gest\u00e3o Ambiental, Telecomunica\u00e7\u00f5es, Redes de Computadores, Sistemas de Internet, Administra\u00e7\u00e3o, Engenharia El\u00e9trica, Neg\u00f3cios Imobili\u00e1rios, Seguran\u00e7a no Trabalho, Agroecologia, Tecnologia em Alimentos, Educa\u00e7\u00e3o F\u00edsica e Medicina Veterin\u00e1ria.<\/p>\n<p><strong>CARIRI EM A\u00c7\u00c3O<\/strong><\/p>\n<p><em>Com G1 \/Foto: Google\u00a0\u00a0 <\/em><\/p>\n<p><strong>Leia mais not\u00edcias em\u00a0<\/strong><a href=\"http:\/\/www.caririemacao.com\/\"><strong>caririemacao.com<\/strong><\/a><strong>, siga nossa p\u00e1gina no\u00a0<\/strong><a href=\"https:\/\/www.facebook.com\/CaririEmAcao\/?ref=aymt_homepage_panel\"><strong>Facebook<\/strong><\/a>,<strong>\u00a0<\/strong><a href=\"https:\/\/www.instagram.com\/cariri_em_acao\/?hl=pt-br\"><strong>Instagram<\/strong><\/a><strong>\u00a0e <\/strong><a href=\"https:\/\/www.youtube.com\/channel\/UCAptA0jQuYQy8vMhLt2m4qg\"><strong>Youtube<\/strong><\/a><strong>\u00a0e veja nossas mat\u00e9rias, v\u00eddeos e fotos. Voc\u00ea tamb\u00e9m pode enviar informa\u00e7\u00f5es \u00e0 Reda\u00e7\u00e3o do Portal Cariri em A\u00e7\u00e3o pelo WhatsApp (83) 9 9634.5791, (83) 9 9601-1162.<\/strong><\/p>\n","protected":false},"excerpt":{"rendered":"<p>Um edital com 761 vagas para cursos superiores referente ao per\u00edodo 2018.1, foi publicado pelo Instituto Federal de Educa\u00e7\u00e3o Ci\u00eancia e Tecnologia da Para\u00edba (IFPB).&hellip; <\/p>\n","protected":false},"author":2,"featured_media":12778,"comment_status":"closed","ping_status":"closed","sticky":false,"template":"","format":"standard","meta":{"sfsi_plus_gutenberg_text_before_share":"","sfsi_plus_gutenberg_show_text_before_share":"","sfsi_plus_gutenberg_icon_type":"","sfsi_plus_gutenberg_icon_alignemt":"","sfsi_plus_gutenburg_max_per_row":"","footnotes":""},"categories":[2],"tags":[],"class_list":["post-34590","post","type-post","status-publish","format-standard","has-post-thumbnail","hentry","category-geral"],"_links":{"self":[{"href":"https:\/\/www.caririemacao.com\/1\/wp-json\/wp\/v2\/posts\/34590","targetHints":{"allow":["GET"]}}],"collection":[{"href":"https:\/\/www.caririemacao.com\/1\/wp-json\/wp\/v2\/posts"}],"about":[{"href":"https:\/\/www.caririemacao.com\/1\/wp-json\/wp\/v2\/types\/post"}],"author":[{"embeddable":true,"href":"https:\/\/www.caririemacao.com\/1\/wp-json\/wp\/v2\/users\/2"}],"replies":[{"embeddable":true,"href":"https:\/\/www.caririemacao.com\/1\/wp-json\/wp\/v2\/comments?post=34590"}],"version-history":[{"count":0,"href":"https:\/\/www.caririemacao.com\/1\/wp-json\/wp\/v2\/posts\/34590\/revisions"}],"wp:featuredmedia":[{"embeddable":true,"href":"https:\/\/www.caririemacao.com\/1\/wp-json\/wp\/v2\/media\/12778"}],"wp:attachment":[{"href":"https:\/\/www.caririemacao.com\/1\/wp-json\/wp\/v2\/media?parent=34590"}],"wp:term":[{"taxonomy":"category","embeddable":true,"href":"https:\/\/www.caririemacao.com\/1\/wp-json\/wp\/v2\/categories?post=34590"},{"taxonomy":"post_tag","embeddable":true,"href":"https:\/\/www.caririemacao.com\/1\/wp-json\/wp\/v2\/tags?post=34590"}],"curies":[{"name":"wp","href":"https:\/\/api.w.org\/{rel}","templated":true}]}}