{"id":34594,"date":"2017-12-06T10:59:08","date_gmt":"2017-12-06T13:59:08","guid":{"rendered":"http:\/\/caririemacao.com\/1\/?p=34594"},"modified":"2017-12-06T10:59:08","modified_gmt":"2017-12-06T13:59:08","slug":"previdencia-lider-de-temer-aguinaldo-diz-que-pp-nao-precisa-necessariamente-fechar-questao-sobre-reforma","status":"publish","type":"post","link":"https:\/\/www.caririemacao.com\/1\/2017\/12\/06\/previdencia-lider-de-temer-aguinaldo-diz-que-pp-nao-precisa-necessariamente-fechar-questao-sobre-reforma\/","title":{"rendered":"Previd\u00eancia: l\u00edder de Temer, Aguinaldo diz que PP n\u00e3o precisa necessariamente fechar quest\u00e3o sobre reforma"},"content":{"rendered":"<p>A Executiva do Partido Progressista (PP) n\u00e3o tratou abertamente do posicionamento do partido sobre a reforma da Previd\u00eancia em reuni\u00e3o realizada nessa ter\u00e7a-feira (5). Segundo aliados, o presidente da legenda, Ciro Nogueira, teme que o governo n\u00e3o conseguir\u00e1 colocar a mat\u00e9ria em vota\u00e7\u00e3o na C\u00e2mara por falta de apoio.<\/p>\n<p>O presidente do partido s\u00f3 defender\u00e1 oficialmente o fechamento de quest\u00e3o a favor da mat\u00e9ria quando a data da vota\u00e7\u00e3o for marcada pelo presidente da Casa, Rodrigo Maia (DEM-RJ). A reuni\u00e3o desta ter\u00e7a serviu apenas para discutir a mudan\u00e7a do nome da legenda. Nos bastidores, alguns deputados avaliaram que o encontro serviu apenas como uma sinaliza\u00e7\u00e3o pol\u00edtica.<\/p>\n<p>O l\u00edder do governo, Aguinaldo Ribeiro (PB), chegou apenas no fim da reuni\u00e3o e permaneceu na sala da presid\u00eancia do PP por cerca de dez minutos. Na sa\u00edda, disse que o PP n\u00e3o precisa necessariamente fechar quest\u00e3o sobre a Previd\u00eancia e que cada partido deve avaliar internamente qual \u00e9 a melhor decis\u00e3o, lembrando de vota\u00e7\u00f5es emblem\u00e1ticas como as duas den\u00fancias contra o presidente Michel Temer. Ele admitiu, no entanto, que o fechamento de quest\u00e3o dos principais partidos da base poderia aumentar o apoio \u00e0 proposta, al\u00e9m de servir como uma sinaliza\u00e7\u00e3o positiva para o mercado.<\/p>\n<p><strong>CARIRI EM A\u00c7\u00c3O<\/strong><\/p>\n<p><em>Com Blog do Gordinho\/Foto: Google\u00a0\u00a0 <\/em><\/p>\n<p><strong>Leia mais not\u00edcias em\u00a0<\/strong><a href=\"http:\/\/www.caririemacao.com\/\"><strong>caririemacao.com<\/strong><\/a><strong>, siga nossa p\u00e1gina no\u00a0<\/strong><a href=\"https:\/\/www.facebook.com\/CaririEmAcao\/?ref=aymt_homepage_panel\"><strong>Facebook<\/strong><\/a>,<strong>\u00a0<\/strong><a href=\"https:\/\/www.instagram.com\/cariri_em_acao\/?hl=pt-br\"><strong>Instagram<\/strong><\/a><strong>\u00a0e <\/strong><a href=\"https:\/\/www.youtube.com\/channel\/UCAptA0jQuYQy8vMhLt2m4qg\"><strong>Youtube<\/strong><\/a><strong>\u00a0e veja nossas mat\u00e9rias, v\u00eddeos e fotos. Voc\u00ea tamb\u00e9m pode enviar informa\u00e7\u00f5es \u00e0 Reda\u00e7\u00e3o do Portal Cariri em A\u00e7\u00e3o pelo WhatsApp (83) 9 9634.5791, (83) 9 9601-1162.<\/strong><\/p>\n","protected":false},"excerpt":{"rendered":"<p>A Executiva do Partido Progressista (PP) n\u00e3o tratou abertamente do posicionamento do partido sobre a reforma da Previd\u00eancia em reuni\u00e3o realizada nessa ter\u00e7a-feira (5). Segundo&hellip; <\/p>\n","protected":false},"author":2,"featured_media":33188,"comment_status":"closed","ping_status":"closed","sticky":false,"template":"","format":"standard","meta":{"sfsi_plus_gutenberg_text_before_share":"","sfsi_plus_gutenberg_show_text_before_share":"","sfsi_plus_gutenberg_icon_type":"","sfsi_plus_gutenberg_icon_alignemt":"","sfsi_plus_gutenburg_max_per_row":"","footnotes":""},"categories":[11],"tags":[],"class_list":["post-34594","post","type-post","status-publish","format-standard","has-post-thumbnail","hentry","category-politica"],"_links":{"self":[{"href":"https:\/\/www.caririemacao.com\/1\/wp-json\/wp\/v2\/posts\/34594","targetHints":{"allow":["GET"]}}],"collection":[{"href":"https:\/\/www.caririemacao.com\/1\/wp-json\/wp\/v2\/posts"}],"about":[{"href":"https:\/\/www.caririemacao.com\/1\/wp-json\/wp\/v2\/types\/post"}],"author":[{"embeddable":true,"href":"https:\/\/www.caririemacao.com\/1\/wp-json\/wp\/v2\/users\/2"}],"replies":[{"embeddable":true,"href":"https:\/\/www.caririemacao.com\/1\/wp-json\/wp\/v2\/comments?post=34594"}],"version-history":[{"count":0,"href":"https:\/\/www.caririemacao.com\/1\/wp-json\/wp\/v2\/posts\/34594\/revisions"}],"wp:featuredmedia":[{"embeddable":true,"href":"https:\/\/www.caririemacao.com\/1\/wp-json\/wp\/v2\/media\/33188"}],"wp:attachment":[{"href":"https:\/\/www.caririemacao.com\/1\/wp-json\/wp\/v2\/media?parent=34594"}],"wp:term":[{"taxonomy":"category","embeddable":true,"href":"https:\/\/www.caririemacao.com\/1\/wp-json\/wp\/v2\/categories?post=34594"},{"taxonomy":"post_tag","embeddable":true,"href":"https:\/\/www.caririemacao.com\/1\/wp-json\/wp\/v2\/tags?post=34594"}],"curies":[{"name":"wp","href":"https:\/\/api.w.org\/{rel}","templated":true}]}}