{"id":34596,"date":"2017-12-06T11:10:58","date_gmt":"2017-12-06T14:10:58","guid":{"rendered":"http:\/\/caririemacao.com\/1\/?p=34596"},"modified":"2017-12-06T11:10:58","modified_gmt":"2017-12-06T14:10:58","slug":"governo-quer-aprovar-logo-reforma-da-previdencia","status":"publish","type":"post","link":"https:\/\/www.caririemacao.com\/1\/2017\/12\/06\/governo-quer-aprovar-logo-reforma-da-previdencia\/","title":{"rendered":"Governo quer aprovar logo reforma da Previd\u00eancia"},"content":{"rendered":"<section class=\"l-noticia\">O governo e lideran\u00e7as aliadas trabalham para votar j\u00e1 na pr\u00f3xima semana a Proposta de Emenda \u00e0 Constitui\u00e7\u00e3o (PEC) 287\/2016, que modifica o sistema previdenci\u00e1rio nacional. O PMDB, partido do presidente Michel Temer, foi a primeira sigla a anunciar que dever\u00e1 fechar quest\u00e3o na vota\u00e7\u00e3o da reforma da Previd\u00eancia.<\/p>\n<p>\u201cA maioria absoluta da bancada do PMDB definiu que vai encaminhar a sugest\u00e3o do fechamento de quest\u00e3o para Executiva Nacional do partido como manda o nosso estatuto, acredito que o presidente Juc\u00e1 [senador Romero Juc\u00e1, de Roraima] ir\u00e1 convocar a reuni\u00e3o da executiva para deliberar sobre esse assunto\u201d, disse o l\u00edder do PMDB na C\u00e2mara, deputado Baleia Rossi (SP).<\/p>\n<p>Segundo Rossi, outros partidos tamb\u00e9m dever\u00e3o fechar quest\u00e3o sobre o tema e conduzir suas bancadas a votar favoravelmente \u00e0 aprova\u00e7\u00e3o da reforma. A estrat\u00e9gia de convencimento dos parlamentares a respeito do tema prosseguir\u00e1 nos pr\u00f3ximos dias.<\/p>\n<p>\u201cN\u00f3s vamos dialogar com todos os parlamentares, e tenho certeza que existe uma quase unanimidade na C\u00e2mara Federal da import\u00e2ncia da aprova\u00e7\u00e3o dessa reforma da Previd\u00eancia, inclusive nos partidos de oposi\u00e7\u00e3o. Todos os parlamentares sabem que o rombo da Previd\u00eancia \u00e9 gigantesco e a n\u00e3o vota\u00e7\u00e3o significa mais de R$ 100 bilh\u00f5es de d\u00e9ficit\u201d, ressaltou.<\/p>\n<p>Para ser aprovada na C\u00e2mara, a reforma precisa de pelo menos 308 votos do total de 513 deputados, em dois turnos de vota\u00e7\u00e3o.<\/p>\n<p>O presidente da C\u00e2mara, deputado Rodrigo Maia, afirmou que a reforma tem como objetivo combater as desigualdades no sistema previdenci\u00e1rio brasileiro. \u201cA reforma trata de organizar o sistema com um ped\u00e1gio para aqueles que se aposentam muito cedo. S\u00e3o aqueles que ganham mais e com esse ped\u00e1gio trabalhar\u00e3o um pouco mais. Com isso, a gente pode estabilizar o sistema previdenci\u00e1rio brasileiro\u201d, destacou.<\/p>\n<p>\u201cN\u00e3o estamos tirando direito de ningu\u00e9m, n\u00e3o estamos cortando sal\u00e1rio, n\u00e3o estamos cortando aposentadoria. Estamos mantendo o cintur\u00e3o da seguridade social, com o sal\u00e1rio m\u00ednimo sendo a refer\u00eancia da aposentadoria. Ent\u00e3o, acho que essa emenda constitucional bem explicada, a cada dia que passa, mais brasileiros apoiar\u00e3o a sua aprova\u00e7\u00e3o. Ela vai garantir uma estabilidade\u201d, concluiu.<\/p>\n<p>O relator da reforma, deputado Arthur Maia (PPS-BA), manifestou otimismo com a possibilidade de aprova\u00e7\u00e3o da reforma na pr\u00f3xima semana. Segundo ele, nos \u00faltimos dias est\u00e1 havendo uma mudan\u00e7a grande na compreens\u00e3o da proposta pelos parlamentares e tamb\u00e9m pela popula\u00e7\u00e3o no sentido de que a PEC n\u00e3o retira direitos dos trabalhadores, mas busca combater as desigualdades.<\/p>\n<p>\u201cH\u00e1 uma mudan\u00e7a clara no sentimento dos parlamentares, que \u00e9 oriundo da mudan\u00e7a de percep\u00e7\u00e3o que a pr\u00f3pria sociedade teve. A sociedade brasileira, nos \u00faltimos dias, p\u00f4de compreender claramente que a reforma acaba com privil\u00e9gios, nada mais do que isso. Ela acaba com privil\u00e9gios que est\u00e3o destruindo a Previd\u00eancia Social, acabam desregulando completamente a economia do Brasil\u201d, destacou.<\/p>\n<p>\u201cEnt\u00e3o, hoje temos uma realidade diferente aqui na C\u00e2mara em que todas as a\u00e7\u00f5es apontam que v\u00e1rios partidos da base fechem quest\u00e3o. O meu sentimento \u00e9 que, se os principais partidos \u2013 entre eles PMDB, PSDB \u2013 fecharem quest\u00e3o, a minha expectativa \u00e9 que realmente haja um avan\u00e7o nessa dire\u00e7\u00e3o em outros partidos\u201d, completou Arthur Maia.<\/p>\n<p>De acordo com o relator, h\u00e1 ambiente prop\u00edcio para votar e aprovar a reforma da Previd\u00eancia na pr\u00f3xima semana. \u201cExistem plenamente condi\u00e7\u00f5es de iniciarmos discuss\u00f5es na segunda-feira e avan\u00e7armos para, ainda na semana que vem, a vota\u00e7\u00e3o em primeiro turno aqui na Casa. Esse \u00edmpeto que est\u00e1 acontecendo na sociedade claramente se transferiu para os deputados, que est\u00e3o vendo claramente que a sociedade deseja o fim dos privil\u00e9gios\u201d, afirmou.<\/p>\n<p><strong>Oposi\u00e7\u00e3o<\/strong><\/p>\n<p>Para o vice-l\u00edder da minoria, deputado Henrique Fontana (PT-RS), apesar do otimismo dos aliados, o governo n\u00e3o tem votos necess\u00e1rios para aprovar a reforma da Previd\u00eancia. \u201cO fato \u00e9 que o governo n\u00e3o tem votos para aprovar essas mudan\u00e7as nas aposentadorias, que s\u00e3o mudan\u00e7as que prejudicam milh\u00f5es de brasileiros que aguardam para se aposentar\u201d, disse.<\/p>\n<p>Segundo Fontana, a propaganda do governo de que a reforma visa a combater privil\u00e9gios \u00e9 falsa na medida que, se for aprovada, ir\u00e1 reduzir de 20% a 40% os benef\u00edcios dos trabalhadores que est\u00e3o pr\u00f3ximos de se aposentar e que esperam receber de R$ 2mil a R$ 3 mil por m\u00eas.<\/p>\n<p>\u201cO governo usa a t\u00e1tica do sufoco, mas por enquanto est\u00e1 blefando. Est\u00e1 fazendo um misto de blefar de um lado e chantagear de outro. O governo vende uma ideia, e o pr\u00f3prio presidente da Casa [deputado Rodrigo Maia], que parece que assumiu a lideran\u00e7a do governo, procura vender o que se chama de terrorismo econ\u00f4mico. Dizem que a economia brasileira s\u00f3 tem caminho se cortar a aposentadoria de milh\u00f5es de trabalhadores. N\u00f3s temos outras formas de equilibrar contas p\u00fablicas, buscar mais recursos e especialmente para combater privil\u00e9gios\u201d, finalizou.<\/p>\n<p><strong>CARIRI EM A\u00c7\u00c3O<\/strong><\/p>\n<p><em>Com Mais PB\/Foto:Google\u00a0\u00a0 <\/em><\/p>\n<p><strong>Leia mais not\u00edcias em\u00a0<\/strong><a href=\"http:\/\/www.caririemacao.com\/\"><strong>caririemacao.com<\/strong><\/a><strong>, siga nossa p\u00e1gina no\u00a0<\/strong><a href=\"https:\/\/www.facebook.com\/CaririEmAcao\/?ref=aymt_homepage_panel\"><strong>Facebook<\/strong><\/a>,<strong>\u00a0<\/strong><a href=\"https:\/\/www.instagram.com\/cariri_em_acao\/?hl=pt-br\"><strong>Instagram<\/strong><\/a><strong>\u00a0e <\/strong><a href=\"https:\/\/www.youtube.com\/channel\/UCAptA0jQuYQy8vMhLt2m4qg\"><strong>Youtube<\/strong><\/a><strong>\u00a0e veja nossas mat\u00e9rias, v\u00eddeos e fotos. Voc\u00ea tamb\u00e9m pode enviar informa\u00e7\u00f5es \u00e0 Reda\u00e7\u00e3o do Portal Cariri em A\u00e7\u00e3o pelo WhatsApp (83) 9 9634.5791, (83) 9 9601-1162.<\/strong><\/p>\n<\/section>\n","protected":false},"excerpt":{"rendered":"<p>O governo e lideran\u00e7as aliadas trabalham para votar j\u00e1 na pr\u00f3xima semana a Proposta de Emenda \u00e0 Constitui\u00e7\u00e3o (PEC) 287\/2016, que modifica o sistema previdenci\u00e1rio&hellip; <\/p>\n","protected":false},"author":2,"featured_media":33611,"comment_status":"closed","ping_status":"closed","sticky":false,"template":"","format":"standard","meta":{"sfsi_plus_gutenberg_text_before_share":"","sfsi_plus_gutenberg_show_text_before_share":"","sfsi_plus_gutenberg_icon_type":"","sfsi_plus_gutenberg_icon_alignemt":"","sfsi_plus_gutenburg_max_per_row":"","footnotes":""},"categories":[11],"tags":[],"class_list":["post-34596","post","type-post","status-publish","format-standard","has-post-thumbnail","hentry","category-politica"],"_links":{"self":[{"href":"https:\/\/www.caririemacao.com\/1\/wp-json\/wp\/v2\/posts\/34596","targetHints":{"allow":["GET"]}}],"collection":[{"href":"https:\/\/www.caririemacao.com\/1\/wp-json\/wp\/v2\/posts"}],"about":[{"href":"https:\/\/www.caririemacao.com\/1\/wp-json\/wp\/v2\/types\/post"}],"author":[{"embeddable":true,"href":"https:\/\/www.caririemacao.com\/1\/wp-json\/wp\/v2\/users\/2"}],"replies":[{"embeddable":true,"href":"https:\/\/www.caririemacao.com\/1\/wp-json\/wp\/v2\/comments?post=34596"}],"version-history":[{"count":0,"href":"https:\/\/www.caririemacao.com\/1\/wp-json\/wp\/v2\/posts\/34596\/revisions"}],"wp:featuredmedia":[{"embeddable":true,"href":"https:\/\/www.caririemacao.com\/1\/wp-json\/wp\/v2\/media\/33611"}],"wp:attachment":[{"href":"https:\/\/www.caririemacao.com\/1\/wp-json\/wp\/v2\/media?parent=34596"}],"wp:term":[{"taxonomy":"category","embeddable":true,"href":"https:\/\/www.caririemacao.com\/1\/wp-json\/wp\/v2\/categories?post=34596"},{"taxonomy":"post_tag","embeddable":true,"href":"https:\/\/www.caririemacao.com\/1\/wp-json\/wp\/v2\/tags?post=34596"}],"curies":[{"name":"wp","href":"https:\/\/api.w.org\/{rel}","templated":true}]}}