{"id":34598,"date":"2017-12-06T11:12:17","date_gmt":"2017-12-06T14:12:17","guid":{"rendered":"http:\/\/caririemacao.com\/1\/?p=34598"},"modified":"2017-12-06T11:12:17","modified_gmt":"2017-12-06T14:12:17","slug":"rejeicao-ao-congresso-atinge-patamar-recorde-revela-pesquisa","status":"publish","type":"post","link":"https:\/\/www.caririemacao.com\/1\/2017\/12\/06\/rejeicao-ao-congresso-atinge-patamar-recorde-revela-pesquisa\/","title":{"rendered":"Rejei\u00e7\u00e3o ao Congresso atinge patamar recorde, revela pesquisa"},"content":{"rendered":"<p>A rejei\u00e7\u00e3o ao trabalho exercido pelos congressistas, senadores e deputados federais, atingiu seu recorde na hist\u00f3ria do pa\u00eds, conforme revela Pesquisa Datafolha. O levantamento revela que 60% dos brasileiros entrevistados, entre os dias 29 e 30 de novembro, consideram ruim ou p\u00e9ssimo o trabalho desenvolvido pelos 513 deputados e pelos 81 senadores da atual legislatura.<\/p>\n<div class=\"player_dynad_tv\">\n<div id=\"_dynad_c_I5550001923_15125689594411501615006\"><iframe id=\"IF5550001923_15125689594411501615006\" data-src=\"http:\/\/s.dynad.net\/stack\/eF7DkcrK-Tpjt1hjwr4I4xO529XbpE2i67M0rSEhlvPDVKbQ_tcj7XAQPsWhT1lh.html\" name=\"I5550001923_15125689594411501615006\" width=\"100%\" height=\"0\" frameborder=\"0\" marginwidth=\"0\" marginheight=\"0\" scrolling=\"No\" align=\"top\" data-mce-fragment=\"1\" src=\"data:image\/svg+xml;base64,PHN2ZyB3aWR0aD0iMSIgaGVpZ2h0PSIxIiB4bWxucz0iaHR0cDovL3d3dy53My5vcmcvMjAwMC9zdmciPjwvc3ZnPg==\" class=\"lazyload\" data-load-mode=\"1\"><\/iframe><\/div>\n<\/div>\n<p>Nos dois \u00faltimos levantamentos do instituto, os n\u00fameros tamb\u00e9m apresentavam um recorde de rejei\u00e7\u00e3o. Nas pesquisas realizadas em dezembro de 2016 e abril de 2017, o percentual ficou em 58% de rejei\u00e7\u00e3o e 7% de aprova\u00e7\u00e3o. No levantamento atual, a aprova\u00e7\u00e3o desceu a 5%, tamb\u00e9m o pior n\u00famero j\u00e1 registrado.<\/p>\n<p>De acordo com a s\u00e9rie de pesquisas Datafolha, iniciada em 1993, a atual legislatura \u00e9, na m\u00e9dia, a mais mal avaliada desde ent\u00e3o.\u00a0 A pesquisa foi realizada quase um m\u00eas ap\u00f3s a C\u00e2mara barrar a segunda den\u00fancia contra o presidente Michel Temer (PMDB), por obstru\u00e7\u00e3o de Justi\u00e7a e organiza\u00e7\u00e3o criminosa.<\/p>\n<p>Caminhando junto com a rejei\u00e7\u00e3o dos parlamentares, as \u00faltimas pesquisas divulgadas tamb\u00e9m revelam que Temer \u00e9 o presidente mais mal avaliado da hist\u00f3ria do pa\u00eds.<\/p>\n<p>No \u00faltimo s\u00e1bado,\u00a0 pesquisa divulgada pelo Datafolha sobre a avalia\u00e7\u00e3o do governo, mostrou que 62% dos entrevistados consideram o atual governo pior que o anterior. Apenas 13% avaliam Temer melhor que a ex-presidente Dilma Rousseff (PT), e 23% que n\u00e3o h\u00e1 diferen\u00e7a entre eles. Em dezembro do ano passado, 40% consideravam o governo peemedebista pior do que o petista.<\/p>\n<p>O levantamento tamb\u00e9m confirma o alto \u00edndice de rejei\u00e7\u00e3o a Temer (71%). Nesse aspecto, houve um recuo de dois pontos percentuais em rela\u00e7\u00e3o a setembro. Essa diferen\u00e7a, contudo, est\u00e1 dentro da margem de erro. Para 23%, o governo \u00e9 regular (eram 20% na pesquisa anterior), e para 5% (mesmo \u00edndice registrado h\u00e1 tr\u00eas meses), bom ou \u00f3timo.<\/p>\n<p><strong>CARIRI EM A\u00c7\u00c3O<\/strong><\/p>\n<p><em>Com Congresso em Foco\/Foto: Google\u00a0\u00a0 <\/em><\/p>\n<p><strong>Leia mais not\u00edcias em\u00a0<\/strong><a href=\"http:\/\/www.caririemacao.com\/\"><strong>caririemacao.com<\/strong><\/a><strong>, siga nossa p\u00e1gina no\u00a0<\/strong><a href=\"https:\/\/www.facebook.com\/CaririEmAcao\/?ref=aymt_homepage_panel\"><strong>Facebook<\/strong><\/a>,<strong>\u00a0<\/strong><a href=\"https:\/\/www.instagram.com\/cariri_em_acao\/?hl=pt-br\"><strong>Instagram<\/strong><\/a><strong>\u00a0e <\/strong><a href=\"https:\/\/www.youtube.com\/channel\/UCAptA0jQuYQy8vMhLt2m4qg\"><strong>Youtube<\/strong><\/a><strong>\u00a0e veja nossas mat\u00e9rias, v\u00eddeos e fotos. Voc\u00ea tamb\u00e9m pode enviar informa\u00e7\u00f5es \u00e0 Reda\u00e7\u00e3o do Portal Cariri em A\u00e7\u00e3o pelo WhatsApp (83) 9 9634.5791, (83) 9 9601-1162.<\/strong><\/p>\n","protected":false},"excerpt":{"rendered":"<p>A rejei\u00e7\u00e3o ao trabalho exercido pelos congressistas, senadores e deputados federais, atingiu seu recorde na hist\u00f3ria do pa\u00eds, conforme revela Pesquisa Datafolha. O levantamento revela&hellip; <\/p>\n","protected":false},"author":2,"featured_media":17789,"comment_status":"closed","ping_status":"closed","sticky":false,"template":"","format":"standard","meta":{"sfsi_plus_gutenberg_text_before_share":"","sfsi_plus_gutenberg_show_text_before_share":"","sfsi_plus_gutenberg_icon_type":"","sfsi_plus_gutenberg_icon_alignemt":"","sfsi_plus_gutenburg_max_per_row":"","footnotes":""},"categories":[11],"tags":[],"class_list":["post-34598","post","type-post","status-publish","format-standard","has-post-thumbnail","hentry","category-politica"],"_links":{"self":[{"href":"https:\/\/www.caririemacao.com\/1\/wp-json\/wp\/v2\/posts\/34598","targetHints":{"allow":["GET"]}}],"collection":[{"href":"https:\/\/www.caririemacao.com\/1\/wp-json\/wp\/v2\/posts"}],"about":[{"href":"https:\/\/www.caririemacao.com\/1\/wp-json\/wp\/v2\/types\/post"}],"author":[{"embeddable":true,"href":"https:\/\/www.caririemacao.com\/1\/wp-json\/wp\/v2\/users\/2"}],"replies":[{"embeddable":true,"href":"https:\/\/www.caririemacao.com\/1\/wp-json\/wp\/v2\/comments?post=34598"}],"version-history":[{"count":0,"href":"https:\/\/www.caririemacao.com\/1\/wp-json\/wp\/v2\/posts\/34598\/revisions"}],"wp:featuredmedia":[{"embeddable":true,"href":"https:\/\/www.caririemacao.com\/1\/wp-json\/wp\/v2\/media\/17789"}],"wp:attachment":[{"href":"https:\/\/www.caririemacao.com\/1\/wp-json\/wp\/v2\/media?parent=34598"}],"wp:term":[{"taxonomy":"category","embeddable":true,"href":"https:\/\/www.caririemacao.com\/1\/wp-json\/wp\/v2\/categories?post=34598"},{"taxonomy":"post_tag","embeddable":true,"href":"https:\/\/www.caririemacao.com\/1\/wp-json\/wp\/v2\/tags?post=34598"}],"curies":[{"name":"wp","href":"https:\/\/api.w.org\/{rel}","templated":true}]}}