{"id":34600,"date":"2017-12-06T11:14:56","date_gmt":"2017-12-06T14:14:56","guid":{"rendered":"http:\/\/caririemacao.com\/1\/?p=34600"},"modified":"2017-12-06T11:14:56","modified_gmt":"2017-12-06T14:14:56","slug":"governo-viabiliza-participacao-de-equipe-paraibana-no-campeonato-brasileiro-de-basquete","status":"publish","type":"post","link":"https:\/\/www.caririemacao.com\/1\/2017\/12\/06\/governo-viabiliza-participacao-de-equipe-paraibana-no-campeonato-brasileiro-de-basquete\/","title":{"rendered":"Governo viabiliza participa\u00e7\u00e3o de equipe paraibana no Campeonato Brasileiro de Basquete"},"content":{"rendered":"<p>A equipe da Associa\u00e7\u00e3o Atl\u00e9tica da Pessoa com Defici\u00eancia da Para\u00edba (AAPD-PB), com apoio do Governo do Estado, por meio da Secretaria de Estado da Juventude, Esporte e Lazer (Sejel), viajou a S\u00e3o Paulo na \u00faltima ter\u00e7a-feira (5) para as disputas do Campeonato Brasileiro de Basquetebol em Cadeira de Rodas 2017 da Primeira Divis\u00e3o. Toda a delega\u00e7\u00e3o paraibana teve as passagens a\u00e9reas viabilizadas pelo Governo do Estado.<\/p>\n<p>A AAPD-PB est\u00e1 inserida no grupo A, ao lado do Am\u00e9rica Tigres, do Rio Grande do Norte; da equipe catarinense da Afadefi e ainda do Magic Hands e Gadecamp, ambos de S\u00e3o Paulo. A equipe paraibana ganhou o direito de participar da divis\u00e3o de elite porque, em 2016, foi vice-campe\u00e3 da segundona, que ocorreu em Niteroi-RJ.<\/p>\n<p>\u201cSem a colabora\u00e7\u00e3o do Governo do Estado, por interm\u00e9dio do secret\u00e1rio Bruno Roberto, o time n\u00e3o poderia ter ido \u00e0 segunda divis\u00e3o de 2016 e agora, na primeira de 2017, no rol das melhores do pa\u00eds. O esfor\u00e7o ser\u00e1 concentrado no intuito de tentar trazer um excelente resultado para o nosso Estado\u201d, disse Romero Sousa, da comiss\u00e3o t\u00e9cnica da AAPD-PB.<\/p>\n<p>No apoio \u00e0s modalidades do paradesporto, h\u00e1 duas semanas, a delega\u00e7\u00e3o da Para\u00edba que foi \u00e0s Paralimp\u00edadas Escolares, tamb\u00e9m em S\u00e3o Paulo, e que conquistou 65 medalhas, tamb\u00e9m teve o apoio da gest\u00e3o estadual. \u201cN\u00e3o poder\u00edamos deixar de registrar que o Governo viabilizou o transporte a\u00e9reo de todos os paraibanos, entre paratletas, t\u00e9cnicos e dirigentes, que foram \u00e0s Paralimp\u00edadas Escolares\u201d, frisou Jean Klaud, gerente executivo do paradesporto da Sejel.<\/p>\n<p>O secret\u00e1rio da Juventude, Esporte e Lazer, Bruno Roberto, destacou que, al\u00e9m da contribui\u00e7\u00e3o com o deslocamento, houve a aquisi\u00e7\u00e3o de novos equipamentos. \u201cNovas cadeiras foram compradas para que a condi\u00e7\u00e3o da equipe possa ser marcada positivamente nesse Campeonato Brasileiro. Todos j\u00e1 s\u00e3o grandes vencedores s\u00f3 em estar integrados na Primeira Divis\u00e3o, juntamente com os melhores do Brasil\u201d, afirmou.<\/p>\n<p><strong>Para\u00edba Paral\u00edmpica<\/strong>\u00a0\u2013 A Sejel confirmou tamb\u00e9m no dia da viagem da equipe de basquete a compra de equipamentos novos tamb\u00e9m para o programa Para\u00edba Paral\u00edmpica, que disponibiliza escolinhas de in\u00fameras modalidades paradesportivas em mais de dez cidades da Para\u00edba.<\/p>\n<p><strong>CARIRI EM A\u00c7\u00c3O<\/strong><\/p>\n<p><em>Com Secom PB\/Foto: Reprodu\u00e7\u00e3o\u00a0\u00a0<\/em><\/p>\n<p><strong>Leia mais not\u00edcias em\u00a0<\/strong><a href=\"http:\/\/www.caririemacao.com\/\"><strong>caririemacao.com<\/strong><\/a><strong>, siga nossa p\u00e1gina no\u00a0<\/strong><a href=\"https:\/\/www.facebook.com\/CaririEmAcao\/?ref=aymt_homepage_panel\"><strong>Facebook<\/strong><\/a>,<strong>\u00a0<\/strong><a href=\"https:\/\/www.instagram.com\/cariri_em_acao\/?hl=pt-br\"><strong>Instagram<\/strong><\/a><strong>\u00a0e <\/strong><a href=\"https:\/\/www.youtube.com\/channel\/UCAptA0jQuYQy8vMhLt2m4qg\"><strong>Youtube<\/strong><\/a><strong>\u00a0e veja nossas mat\u00e9rias, v\u00eddeos e fotos. Voc\u00ea tamb\u00e9m pode enviar informa\u00e7\u00f5es \u00e0 Reda\u00e7\u00e3o do Portal Cariri em A\u00e7\u00e3o pelo WhatsApp (83) 9 9634.5791, (83) 9 9601-1162.<\/strong><\/p>\n","protected":false},"excerpt":{"rendered":"<p>A equipe da Associa\u00e7\u00e3o Atl\u00e9tica da Pessoa com Defici\u00eancia da Para\u00edba (AAPD-PB), com apoio do Governo do Estado, por meio da Secretaria de Estado da&hellip; <\/p>\n","protected":false},"author":2,"featured_media":34602,"comment_status":"closed","ping_status":"closed","sticky":false,"template":"","format":"standard","meta":{"sfsi_plus_gutenberg_text_before_share":"","sfsi_plus_gutenberg_show_text_before_share":"","sfsi_plus_gutenberg_icon_type":"","sfsi_plus_gutenberg_icon_alignemt":"","sfsi_plus_gutenburg_max_per_row":"","footnotes":""},"categories":[13],"tags":[],"class_list":["post-34600","post","type-post","status-publish","format-standard","has-post-thumbnail","hentry","category-esportes"],"_links":{"self":[{"href":"https:\/\/www.caririemacao.com\/1\/wp-json\/wp\/v2\/posts\/34600","targetHints":{"allow":["GET"]}}],"collection":[{"href":"https:\/\/www.caririemacao.com\/1\/wp-json\/wp\/v2\/posts"}],"about":[{"href":"https:\/\/www.caririemacao.com\/1\/wp-json\/wp\/v2\/types\/post"}],"author":[{"embeddable":true,"href":"https:\/\/www.caririemacao.com\/1\/wp-json\/wp\/v2\/users\/2"}],"replies":[{"embeddable":true,"href":"https:\/\/www.caririemacao.com\/1\/wp-json\/wp\/v2\/comments?post=34600"}],"version-history":[{"count":0,"href":"https:\/\/www.caririemacao.com\/1\/wp-json\/wp\/v2\/posts\/34600\/revisions"}],"wp:featuredmedia":[{"embeddable":true,"href":"https:\/\/www.caririemacao.com\/1\/wp-json\/wp\/v2\/media\/34602"}],"wp:attachment":[{"href":"https:\/\/www.caririemacao.com\/1\/wp-json\/wp\/v2\/media?parent=34600"}],"wp:term":[{"taxonomy":"category","embeddable":true,"href":"https:\/\/www.caririemacao.com\/1\/wp-json\/wp\/v2\/categories?post=34600"},{"taxonomy":"post_tag","embeddable":true,"href":"https:\/\/www.caririemacao.com\/1\/wp-json\/wp\/v2\/tags?post=34600"}],"curies":[{"name":"wp","href":"https:\/\/api.w.org\/{rel}","templated":true}]}}