{"id":34604,"date":"2017-12-06T11:25:27","date_gmt":"2017-12-06T14:25:27","guid":{"rendered":"http:\/\/caririemacao.com\/1\/?p=34604"},"modified":"2017-12-06T11:32:59","modified_gmt":"2017-12-06T14:32:59","slug":"prefeitura-de-monteiro-investe-em-urbanizacao-de-pracas-e-canteiros","status":"publish","type":"post","link":"https:\/\/www.caririemacao.com\/1\/2017\/12\/06\/prefeitura-de-monteiro-investe-em-urbanizacao-de-pracas-e-canteiros\/","title":{"rendered":"Prefeitura de Monteiro investe em urbaniza\u00e7\u00e3o de pra\u00e7as e canteiros"},"content":{"rendered":"<p style=\"font-weight: 400;\">A Prefeitura de Monteiro, atrav\u00e9s de uma parceria entre as Secretarias de Administra\u00e7\u00e3o, Infraestrutura e Agricultura e Meio Ambiente est\u00e1 realizando a urbaniza\u00e7\u00e3o de pra\u00e7as e canteiros da \u00e1rea central, bem como a retirada de placas comerciais colocadas nos canteiros centrais como forma de facilitar a mobilidade urbana.<\/p>\n<p style=\"font-weight: 400;\">Nas pra\u00e7as e canteiros est\u00e3o sendo utilizadas plantas como Ix\u00f3ria, Mor\u00e9ia, Nuvem, Camar\u00e3o, Brom\u00e9lia e Palmeira Areca por serem resistentes ao clima seco e sol escaldante da regi\u00e3o do Cariri paraibano.<\/p>\n<p style=\"font-weight: 400;\">Outros investimentos realizados pela Prefeitura de Monteiro foram \u00e0 aquisi\u00e7\u00f5es de parques infantis para crian\u00e7as de at\u00e9 seis anos de idade, armados nas parcas Jo\u00e3o Pessoa e no Parque das \u00c1guas.<\/p>\n<p style=\"font-weight: 400;\">Para a prefeita Anna Lorena, esta urbaniza\u00e7\u00e3o precisa do apoio coletivo da popula\u00e7\u00e3o, para que estas plantas e os parques sejam preservados. \u201cPrecisamos do importante apoio da sociedade que pode ajudar ao poder p\u00fablico a evitar a depreda\u00e7\u00e3o destas \u00e1reas que est\u00e3o sendo urbanizadas, embelezando cada vez mais a nossa cidade e oferecendo oportunidade de lazer para as crian\u00e7as\u201d, disse a prefeita.<\/p>\n<p><strong>CARIRI EM A\u00c7\u00c3O<\/strong><\/p>\n<p><em>Com Ascom \/Foto: Google\u00a0\u00a0 <\/em><\/p>\n<p><strong>Leia mais not\u00edcias em\u00a0<\/strong><a href=\"http:\/\/www.caririemacao.com\/\"><strong>caririemacao.com<\/strong><\/a><strong>, siga nossa p\u00e1gina no\u00a0<\/strong><a href=\"https:\/\/www.facebook.com\/CaririEmAcao\/?ref=aymt_homepage_panel\"><strong>Facebook<\/strong><\/a>,<strong>\u00a0<\/strong><a href=\"https:\/\/www.instagram.com\/cariri_em_acao\/?hl=pt-br\"><strong>Instagram<\/strong><\/a><strong>\u00a0e <\/strong><a href=\"https:\/\/www.youtube.com\/channel\/UCAptA0jQuYQy8vMhLt2m4qg\"><strong>Youtube<\/strong><\/a><strong>\u00a0e veja nossas mat\u00e9rias, v\u00eddeos e fotos. Voc\u00ea tamb\u00e9m pode enviar informa\u00e7\u00f5es \u00e0 Reda\u00e7\u00e3o do Portal Cariri em A\u00e7\u00e3o pelo WhatsApp (83) 9 9634.5791, (83) 9 9601-1162.<\/strong><\/p>\n","protected":false},"excerpt":{"rendered":"<p>A Prefeitura de Monteiro, atrav\u00e9s de uma parceria entre as Secretarias de Administra\u00e7\u00e3o, Infraestrutura e Agricultura e Meio Ambiente est\u00e1 realizando a urbaniza\u00e7\u00e3o de pra\u00e7as&hellip; <\/p>\n","protected":false},"author":2,"featured_media":34611,"comment_status":"closed","ping_status":"closed","sticky":false,"template":"","format":"standard","meta":{"sfsi_plus_gutenberg_text_before_share":"","sfsi_plus_gutenberg_show_text_before_share":"","sfsi_plus_gutenberg_icon_type":"","sfsi_plus_gutenberg_icon_alignemt":"","sfsi_plus_gutenburg_max_per_row":"","footnotes":""},"categories":[6],"tags":[],"class_list":["post-34604","post","type-post","status-publish","format-standard","has-post-thumbnail","hentry","category-cidades"],"_links":{"self":[{"href":"https:\/\/www.caririemacao.com\/1\/wp-json\/wp\/v2\/posts\/34604","targetHints":{"allow":["GET"]}}],"collection":[{"href":"https:\/\/www.caririemacao.com\/1\/wp-json\/wp\/v2\/posts"}],"about":[{"href":"https:\/\/www.caririemacao.com\/1\/wp-json\/wp\/v2\/types\/post"}],"author":[{"embeddable":true,"href":"https:\/\/www.caririemacao.com\/1\/wp-json\/wp\/v2\/users\/2"}],"replies":[{"embeddable":true,"href":"https:\/\/www.caririemacao.com\/1\/wp-json\/wp\/v2\/comments?post=34604"}],"version-history":[{"count":0,"href":"https:\/\/www.caririemacao.com\/1\/wp-json\/wp\/v2\/posts\/34604\/revisions"}],"wp:featuredmedia":[{"embeddable":true,"href":"https:\/\/www.caririemacao.com\/1\/wp-json\/wp\/v2\/media\/34611"}],"wp:attachment":[{"href":"https:\/\/www.caririemacao.com\/1\/wp-json\/wp\/v2\/media?parent=34604"}],"wp:term":[{"taxonomy":"category","embeddable":true,"href":"https:\/\/www.caririemacao.com\/1\/wp-json\/wp\/v2\/categories?post=34604"},{"taxonomy":"post_tag","embeddable":true,"href":"https:\/\/www.caririemacao.com\/1\/wp-json\/wp\/v2\/tags?post=34604"}],"curies":[{"name":"wp","href":"https:\/\/api.w.org\/{rel}","templated":true}]}}