{"id":34607,"date":"2017-12-06T11:22:00","date_gmt":"2017-12-06T14:22:00","guid":{"rendered":"http:\/\/caririemacao.com\/1\/?p=34607"},"modified":"2017-12-06T11:22:00","modified_gmt":"2017-12-06T14:22:00","slug":"tce-analisa-contas-de-um-prefeito-e-3-ex-prefeitos-do-cariri-nesta-quarta-feira","status":"publish","type":"post","link":"https:\/\/www.caririemacao.com\/1\/2017\/12\/06\/tce-analisa-contas-de-um-prefeito-e-3-ex-prefeitos-do-cariri-nesta-quarta-feira\/","title":{"rendered":"TCE analisa contas de um prefeito e 3 ex-prefeitos do Cariri nesta quarta-feira"},"content":{"rendered":"<p class=\"m5358461813932395698gmail-msonormal\">O Tribunal de Contas do Estado (TCE-PB) tem na pauta de julgamentos\u00a0 para esta quarta-feira(5), a analise das presta\u00e7\u00f5es de contas anuais de 15 Prefeituras, 4 s\u00e3o do Cariri. Na ocasi\u00e3o, tamb\u00e9m ser\u00e3o examinadas as contas de 2015 do Projeto Cooperar, neste caso, sob relatoria do conselheiro substituto Renato S\u00e9rgio Santiago Melo.<\/p>\n<p class=\"m5358461813932395698gmail-msonormal\">Do Cariri, o TCE verificar\u00e1 as contas dos ex-prefeitos de\u00a0Serra Branca (Eduardo Jos\u00e9 Torre\u00e3o Mota, 2013), Amparo (Jos\u00e9 Arnaldo da Silva, 2014) e Congo (Romualdo Antonio Quirino de Sousa, 2015).<\/p>\n<p class=\"m5358461813932395698gmail-msonormal\">E das demais cidades: S\u00e3o Jos\u00e9 de Piranhas (Ren\u00ea Trigueiro Caroca, exerc\u00edcio de 2014), Nova Olinda (Maria do Carmo Silva, 2015), Areia de Bara\u00fanas (Vanderlita Guedes Pereira, 2014 e 2015), Cacimba de Dentro (Edmilson Gomes de Souza, 2015), Vieir\u00f3polis (Antonio Cesar Braga, 2015), Lastro (Wilmeson Emmanuel Mendes Sarmento,\u00a02015), \u00c1gua Branca\u00a0(Tarc\u00edsio Alves Firmino, 2015) e Mamanguape (Eduardo Carneiro de Brito, 2015).<\/p>\n<p class=\"m5358461813932395698gmail-msonormal\">Tamb\u00e9m ser\u00e3o verificadas, as contas dos atuais prefeitos de\u00a0S\u00e3o Jo\u00e3o do Cariri (Cosme Gon\u00e7alves de Farias, 2015),\u00a0 de Campina Grande (Romero Rodrigues Veiga, exerc\u00edcio de 2013), Serra Grande (Jairo Halley de Moura Cruz, 2015), e Serra da Raiz (Adailma Fernandes da Silva Lima, 2016).<\/p>\n<p class=\"m5358461813932395698gmail-msonormal\">Presididas pelo conselheiro Andr\u00e9 Carlos Torres Pontes, as sess\u00f5es do TCE ocorrem, ordinariamente, \u00e0s quartas-feiras, a partir das 9 horas, com acesso permitido ao p\u00fablico e transmiss\u00f5es ao vivo pela\u00a0<strong><a href=\"https:\/\/www.youtube.com\/channel\/UCWvNiZAzsk_b5sdIjlYzRHA\">TV TCE-PB\u00a0no Youtube.<\/a><\/strong><\/p>\n<p>&nbsp;<\/p>\n<p><strong>CARIRI EM A\u00c7\u00c3O<\/strong><\/p>\n<p><em>Com Ascom TCE-PB \/Foto: Google\u00a0\u00a0 <\/em><\/p>\n<p><strong>Leia mais not\u00edcias em\u00a0<\/strong><a href=\"http:\/\/www.caririemacao.com\/\"><strong>caririemacao.com<\/strong><\/a><strong>, siga nossa p\u00e1gina no\u00a0<\/strong><a href=\"https:\/\/www.facebook.com\/CaririEmAcao\/?ref=aymt_homepage_panel\"><strong>Facebook<\/strong><\/a>,<strong>\u00a0<\/strong><a href=\"https:\/\/www.instagram.com\/cariri_em_acao\/?hl=pt-br\"><strong>Instagram<\/strong><\/a><strong>\u00a0e <\/strong><a href=\"https:\/\/www.youtube.com\/channel\/UCAptA0jQuYQy8vMhLt2m4qg\"><strong>Youtube<\/strong><\/a><strong>\u00a0e veja nossas mat\u00e9rias, v\u00eddeos e fotos. Voc\u00ea tamb\u00e9m pode enviar informa\u00e7\u00f5es \u00e0 Reda\u00e7\u00e3o do Portal Cariri em A\u00e7\u00e3o pelo WhatsApp (83) 9 9634.5791, (83) 9 9601-1162.<\/strong><\/p>\n","protected":false},"excerpt":{"rendered":"<p>O Tribunal de Contas do Estado (TCE-PB) tem na pauta de julgamentos\u00a0 para esta quarta-feira(5), a analise das presta\u00e7\u00f5es de contas anuais de 15 Prefeituras,&hellip; <\/p>\n","protected":false},"author":2,"featured_media":11050,"comment_status":"closed","ping_status":"closed","sticky":false,"template":"","format":"standard","meta":{"sfsi_plus_gutenberg_text_before_share":"","sfsi_plus_gutenberg_show_text_before_share":"","sfsi_plus_gutenberg_icon_type":"","sfsi_plus_gutenberg_icon_alignemt":"","sfsi_plus_gutenburg_max_per_row":"","footnotes":""},"categories":[6],"tags":[],"class_list":["post-34607","post","type-post","status-publish","format-standard","has-post-thumbnail","hentry","category-cidades"],"_links":{"self":[{"href":"https:\/\/www.caririemacao.com\/1\/wp-json\/wp\/v2\/posts\/34607","targetHints":{"allow":["GET"]}}],"collection":[{"href":"https:\/\/www.caririemacao.com\/1\/wp-json\/wp\/v2\/posts"}],"about":[{"href":"https:\/\/www.caririemacao.com\/1\/wp-json\/wp\/v2\/types\/post"}],"author":[{"embeddable":true,"href":"https:\/\/www.caririemacao.com\/1\/wp-json\/wp\/v2\/users\/2"}],"replies":[{"embeddable":true,"href":"https:\/\/www.caririemacao.com\/1\/wp-json\/wp\/v2\/comments?post=34607"}],"version-history":[{"count":0,"href":"https:\/\/www.caririemacao.com\/1\/wp-json\/wp\/v2\/posts\/34607\/revisions"}],"wp:featuredmedia":[{"embeddable":true,"href":"https:\/\/www.caririemacao.com\/1\/wp-json\/wp\/v2\/media\/11050"}],"wp:attachment":[{"href":"https:\/\/www.caririemacao.com\/1\/wp-json\/wp\/v2\/media?parent=34607"}],"wp:term":[{"taxonomy":"category","embeddable":true,"href":"https:\/\/www.caririemacao.com\/1\/wp-json\/wp\/v2\/categories?post=34607"},{"taxonomy":"post_tag","embeddable":true,"href":"https:\/\/www.caririemacao.com\/1\/wp-json\/wp\/v2\/tags?post=34607"}],"curies":[{"name":"wp","href":"https:\/\/api.w.org\/{rel}","templated":true}]}}