{"id":34610,"date":"2017-12-06T11:30:37","date_gmt":"2017-12-06T14:30:37","guid":{"rendered":"http:\/\/caririemacao.com\/1\/?p=34610"},"modified":"2017-12-06T11:30:37","modified_gmt":"2017-12-06T14:30:37","slug":"meirelles-reafirma-que-economia-deve-crescer-3-em-2018","status":"publish","type":"post","link":"https:\/\/www.caririemacao.com\/1\/2017\/12\/06\/meirelles-reafirma-que-economia-deve-crescer-3-em-2018\/","title":{"rendered":"Meirelles reafirma que economia deve crescer 3% em 2018"},"content":{"rendered":"<p>O ministro da Fazenda, Henrique Meirelles, disse nesta ter\u00e7a-feira em S\u00e3o Paulo que o Produto Interno Bruto (PIB) deve crescer 3% no pr\u00f3ximo ano. A proje\u00e7\u00e3o de Meirelles \u00e9 mais otimista do que o mercado. Segundo o boletim Focus, a estimativa dos economistas consultados \u00e9 de um aumento de 2, 6%. No terceiro trimestre a economia brasileira avan\u00e7ou 0, 1% no comparativo com o segundo trimestre deste ano e a expectativa.<\/p>\n<p>&#8211; A economia est\u00e1 passando por uma profunda transforma\u00e7\u00e3o e todos os indicadores confirmam isso. Todos os setores est\u00e3o crescendo e em 2018 o PIB brasileiro deve alcan\u00e7ar 3% de aumento. O investimento voltou a crescer depois de 15 trimestres de queda, o emprego tamb\u00e9m est\u00e1 melhorando &#8211; disse Meirelles durante a entrega do pr\u00eamio Brasileiros do Ano, concedido pela revista Isto \u00c9, da Editora Tr\u00eas. O ministro recebeu o t\u00edtulo de Brasileiro do Ano na Economia.<\/p>\n<p>Segundo Meirelles, no entanto, para que os investimentos em educa\u00e7\u00e3o, sa\u00fade e infraestrutura sejam ampliados \u00e9 necess\u00e1rio a aprova\u00e7\u00e3o das reformas estruturantes. O ministro n\u00e3o citou a reforma da Previd\u00eancia, a grande quest\u00e3o em foco atualmente no Congresso e no governo.<\/p>\n<p>&#8211; H\u00e1 muito ainda a se fazer. \u00c9 fundamental a aprova\u00e7\u00e3o das reformas para aumentar a produtividade brasileira. Sem isso o Brasil n\u00e3o vai alcan\u00e7ar os patamares de crescimento que s\u00e3o anseios de todos os brasileiros- ressaltou.<\/p>\n<p>A reforma da Previd\u00eancia \u00e9, segundo Meirelles, fundamental para que o ajuste fiscal seja cumprido nos pr\u00f3ximos anos. Hoje, os gastos com a aposentadoria chega a 50% do PIB. Sem, a reforma as despesas podem atingir 80% das riquezas do pa\u00eds em dez anos.<\/p>\n<p><strong>CARIRI EM A\u00c7\u00c3O<\/strong><\/p>\n<p><em>Com Ag\u00eancia O Globo\/Foto: Google\u00a0\u00a0 <\/em><\/p>\n<p><strong>Leia mais not\u00edcias em\u00a0<\/strong><a href=\"http:\/\/www.caririemacao.com\/\"><strong>caririemacao.com<\/strong><\/a><strong>, siga nossa p\u00e1gina no\u00a0<\/strong><a href=\"https:\/\/www.facebook.com\/CaririEmAcao\/?ref=aymt_homepage_panel\"><strong>Facebook<\/strong><\/a>,<strong>\u00a0<\/strong><a href=\"https:\/\/www.instagram.com\/cariri_em_acao\/?hl=pt-br\"><strong>Instagram<\/strong><\/a><strong>\u00a0e <\/strong><a href=\"https:\/\/www.youtube.com\/channel\/UCAptA0jQuYQy8vMhLt2m4qg\"><strong>Youtube<\/strong><\/a><strong>\u00a0e veja nossas mat\u00e9rias, v\u00eddeos e fotos. Voc\u00ea tamb\u00e9m pode enviar informa\u00e7\u00f5es \u00e0 Reda\u00e7\u00e3o do Portal Cariri em A\u00e7\u00e3o pelo WhatsApp (83) 9 9634.5791, (83) 9 9601-1162.<\/strong><\/p>\n","protected":false},"excerpt":{"rendered":"<p>O ministro da Fazenda, Henrique Meirelles, disse nesta ter\u00e7a-feira em S\u00e3o Paulo que o Produto Interno Bruto (PIB) deve crescer 3% no pr\u00f3ximo ano. A&hellip; <\/p>\n","protected":false},"author":2,"featured_media":28226,"comment_status":"closed","ping_status":"closed","sticky":false,"template":"","format":"standard","meta":{"sfsi_plus_gutenberg_text_before_share":"","sfsi_plus_gutenberg_show_text_before_share":"","sfsi_plus_gutenberg_icon_type":"","sfsi_plus_gutenberg_icon_alignemt":"","sfsi_plus_gutenburg_max_per_row":"","footnotes":""},"categories":[2],"tags":[],"class_list":["post-34610","post","type-post","status-publish","format-standard","has-post-thumbnail","hentry","category-geral"],"_links":{"self":[{"href":"https:\/\/www.caririemacao.com\/1\/wp-json\/wp\/v2\/posts\/34610","targetHints":{"allow":["GET"]}}],"collection":[{"href":"https:\/\/www.caririemacao.com\/1\/wp-json\/wp\/v2\/posts"}],"about":[{"href":"https:\/\/www.caririemacao.com\/1\/wp-json\/wp\/v2\/types\/post"}],"author":[{"embeddable":true,"href":"https:\/\/www.caririemacao.com\/1\/wp-json\/wp\/v2\/users\/2"}],"replies":[{"embeddable":true,"href":"https:\/\/www.caririemacao.com\/1\/wp-json\/wp\/v2\/comments?post=34610"}],"version-history":[{"count":0,"href":"https:\/\/www.caririemacao.com\/1\/wp-json\/wp\/v2\/posts\/34610\/revisions"}],"wp:featuredmedia":[{"embeddable":true,"href":"https:\/\/www.caririemacao.com\/1\/wp-json\/wp\/v2\/media\/28226"}],"wp:attachment":[{"href":"https:\/\/www.caririemacao.com\/1\/wp-json\/wp\/v2\/media?parent=34610"}],"wp:term":[{"taxonomy":"category","embeddable":true,"href":"https:\/\/www.caririemacao.com\/1\/wp-json\/wp\/v2\/categories?post=34610"},{"taxonomy":"post_tag","embeddable":true,"href":"https:\/\/www.caririemacao.com\/1\/wp-json\/wp\/v2\/tags?post=34610"}],"curies":[{"name":"wp","href":"https:\/\/api.w.org\/{rel}","templated":true}]}}