{"id":34614,"date":"2017-12-06T11:37:55","date_gmt":"2017-12-06T14:37:55","guid":{"rendered":"http:\/\/caririemacao.com\/1\/?p=34614"},"modified":"2017-12-06T11:37:55","modified_gmt":"2017-12-06T14:37:55","slug":"lula-diz-que-o-maior-problema-do-brasil-nao-e-a-previdencia","status":"publish","type":"post","link":"https:\/\/www.caririemacao.com\/1\/2017\/12\/06\/lula-diz-que-o-maior-problema-do-brasil-nao-e-a-previdencia\/","title":{"rendered":"Lula diz que o maior problema do Brasil n\u00e3o \u00e9 a Previd\u00eancia"},"content":{"rendered":"<p>O ex-presidente Luis In\u00e1cio Lula da Silva afirmou na manh\u00e3 desta quarta-feira, 6, em Campos, em entrevista \u00e0 r\u00e1dio\u00a0<em>Continental AM<\/em>\u00a0que o maior problema do Pa\u00eds hoje n\u00e3o \u00e9 a Previd\u00eancia, como sustenta o governo do presidente Michel Temer, que luta para\u00a0aprovar a medida na C\u00e2mara dos Deputados antes do fim deste ano. O petista est\u00e1 realizando essa semana mais uma etapa de sua caravana, agora no Rio de Janeiro.<\/p>\n<p>\u201cAcho que o PT tem a clareza que minha volta \u00e0 Presid\u00eancia (da Rep\u00fablica) pode fazer com que o povo volte a sonhar, porque n\u00e3o \u00e9 poss\u00edvel que algu\u00e9m ache que o maior problema do Brasil \u00e9 a Previd\u00eancia&#8221;, disse ele. Segundo o petista, em sua gest\u00e3o no governo federal, quando se criava empregos e os sal\u00e1rios aumentavam todos os anos, &#8220;a previd\u00eancia era superavit\u00e1ria&#8221;.<\/p>\n<p>Para o ex-presidente da Rep\u00fablica, virtual candidato \u00e0s elei\u00e7\u00f5es gerais do ano que vem, \u201cse o povo n\u00e3o tem dinheiro para comprar, por que as empresas v\u00e3o produzir, empregar?&#8221; No seu entender, as duas coisas caminham juntas, portanto, s\u00f3 haver\u00e1 produ\u00e7\u00e3o se houver consumo. &#8220;O Brasil tem um mercado de 207 milh\u00f5es de pessoas. Gente ansiosa pra comprar, mas que hoje n\u00e3o tem dinheiro. Se tiver produtos a pre\u00e7os compat\u00edveis, as pessoas v\u00e3o comprar.&#8221;<\/p>\n<p>Na entrevista, Lula disse ainda que ficou oito anos na presid\u00eancia e n\u00e3o aumentou o g\u00e1s de cozinha uma \u00fanica vez. E continuou: &#8220;O Temer, em sete meses, j\u00e1 aumentou 68%. Tem lugar do Pa\u00eds onde o g\u00e1s j\u00e1 est\u00e1 custando R$ 105. \u00c9 um produto da cesta b\u00e1sica. N\u00e3o pode ser aumentado desse jeito.&#8221;<\/p>\n<p>Em outro trecho, ele destaca: &#8220;Dizem que o mercado \u00e9 meu advers\u00e1rio, mas os empres\u00e1rios ganharam dinheiro no meu governo. O mercado precisa aprender a viver com o trabalho da na\u00e7\u00e3o.&#8221;E volta a criticar o presidente Michel Temer, ao dizer que &#8220;nenhum presidente que tivesse sido eleito com 99% dos votos teria a desfa\u00e7atez para fazer o que Temer est\u00e1 fazendo, entregando para o golpe algo com que o povo jamais concordaria&#8221;.<\/p>\n<p><strong>CARIRI EM A\u00c7\u00c3O<\/strong><\/p>\n<p><em>Com MSN\/Foto: Google\u00a0\u00a0 <\/em><\/p>\n<p><strong>Leia mais not\u00edcias em\u00a0<\/strong><a href=\"http:\/\/www.caririemacao.com\/\"><strong>caririemacao.com<\/strong><\/a><strong>, siga nossa p\u00e1gina no\u00a0<\/strong><a href=\"https:\/\/www.facebook.com\/CaririEmAcao\/?ref=aymt_homepage_panel\"><strong>Facebook<\/strong><\/a>,<strong>\u00a0<\/strong><a href=\"https:\/\/www.instagram.com\/cariri_em_acao\/?hl=pt-br\"><strong>Instagram<\/strong><\/a><strong>\u00a0e <\/strong><a href=\"https:\/\/www.youtube.com\/channel\/UCAptA0jQuYQy8vMhLt2m4qg\"><strong>Youtube<\/strong><\/a><strong>\u00a0e veja nossas mat\u00e9rias, v\u00eddeos e fotos. Voc\u00ea tamb\u00e9m pode enviar informa\u00e7\u00f5es \u00e0 Reda\u00e7\u00e3o do Portal Cariri em A\u00e7\u00e3o pelo WhatsApp (83) 9 9634.5791, (83) 9 9601-1162.<\/strong><\/p>\n","protected":false},"excerpt":{"rendered":"<p>O ex-presidente Luis In\u00e1cio Lula da Silva afirmou na manh\u00e3 desta quarta-feira, 6, em Campos, em entrevista \u00e0 r\u00e1dio\u00a0Continental AM\u00a0que o maior problema do Pa\u00eds&hellip; <\/p>\n","protected":false},"author":2,"featured_media":34617,"comment_status":"closed","ping_status":"closed","sticky":false,"template":"","format":"standard","meta":{"sfsi_plus_gutenberg_text_before_share":"","sfsi_plus_gutenberg_show_text_before_share":"","sfsi_plus_gutenberg_icon_type":"","sfsi_plus_gutenberg_icon_alignemt":"","sfsi_plus_gutenburg_max_per_row":"","footnotes":""},"categories":[1],"tags":[],"class_list":["post-34614","post","type-post","status-publish","format-standard","has-post-thumbnail","hentry","category-o-site"],"_links":{"self":[{"href":"https:\/\/www.caririemacao.com\/1\/wp-json\/wp\/v2\/posts\/34614","targetHints":{"allow":["GET"]}}],"collection":[{"href":"https:\/\/www.caririemacao.com\/1\/wp-json\/wp\/v2\/posts"}],"about":[{"href":"https:\/\/www.caririemacao.com\/1\/wp-json\/wp\/v2\/types\/post"}],"author":[{"embeddable":true,"href":"https:\/\/www.caririemacao.com\/1\/wp-json\/wp\/v2\/users\/2"}],"replies":[{"embeddable":true,"href":"https:\/\/www.caririemacao.com\/1\/wp-json\/wp\/v2\/comments?post=34614"}],"version-history":[{"count":0,"href":"https:\/\/www.caririemacao.com\/1\/wp-json\/wp\/v2\/posts\/34614\/revisions"}],"wp:featuredmedia":[{"embeddable":true,"href":"https:\/\/www.caririemacao.com\/1\/wp-json\/wp\/v2\/media\/34617"}],"wp:attachment":[{"href":"https:\/\/www.caririemacao.com\/1\/wp-json\/wp\/v2\/media?parent=34614"}],"wp:term":[{"taxonomy":"category","embeddable":true,"href":"https:\/\/www.caririemacao.com\/1\/wp-json\/wp\/v2\/categories?post=34614"},{"taxonomy":"post_tag","embeddable":true,"href":"https:\/\/www.caririemacao.com\/1\/wp-json\/wp\/v2\/tags?post=34614"}],"curies":[{"name":"wp","href":"https:\/\/api.w.org\/{rel}","templated":true}]}}