{"id":34621,"date":"2017-12-06T11:45:45","date_gmt":"2017-12-06T14:45:45","guid":{"rendered":"http:\/\/caririemacao.com\/1\/?p=34621"},"modified":"2017-12-06T11:45:45","modified_gmt":"2017-12-06T14:45:45","slug":"secretaria-de-assistencia-social-realiza-nesta-quinta-feira-casamento-comunitario-em-serra-branca","status":"publish","type":"post","link":"https:\/\/www.caririemacao.com\/1\/2017\/12\/06\/secretaria-de-assistencia-social-realiza-nesta-quinta-feira-casamento-comunitario-em-serra-branca\/","title":{"rendered":"Secretaria de Assist\u00eancia Social realiza nesta quinta feira, Casamento Comunit\u00e1rio em Serra Branca"},"content":{"rendered":"<p style=\"font-weight: 400;\">A Prefeitura Municipal de Serra Branca atrav\u00e9s da Secretaria de Assist\u00eancia Social realiza nesta quinta feira, a V Edi\u00e7\u00e3o do Casamento Comunit\u00e1rio.<\/p>\n<p style=\"font-weight: 400;\">O evento acontece na Palho\u00e7a do Flamengo \u00e0 partir das 16 e 30hs.<\/p>\n<p style=\"font-weight: 400;\">O Casamento Comunit\u00e1rio da Assist\u00eancia Social tem como objetivo proporcionar a oficializa\u00e7\u00e3o da uni\u00e3o civil do casal carente que n\u00e3o possui recursos financeiros para arcar com o pagamento do Cart\u00f3rio, al\u00e9m de contar com um grande evento de recep\u00e7\u00e3o, com buffet, decora\u00e7\u00e3o, bolos, brinde com champanhe e m\u00fasica ao vivo, onde os casais receber\u00e3o uma quantidade de senhas para convidar seus familiares e ter\u00e3o mesas exclusivas para eles.<\/p>\n<p style=\"font-weight: 400;\">Esta a\u00e7\u00e3o \u00e9 realizada em parceria entre Prefeitura Municipal na pessoa do Prefeito Souzinha que arca com as despesas de registro e com o evento em si, o Poder Judici\u00e1rio Dr Bruno Medrado Juiz de Direito e o Cart\u00f3rio de Registro Civil das Pessoas naturais de Serra Branca que tem como tabeli\u00e3 a Sra. N\u00edobe Maracaj\u00e1, ambos que s\u00e3o respons\u00e1veis pela realiza\u00e7\u00e3o dos casamentos.<\/p>\n<p><strong>CARIRI EM A\u00c7\u00c3O<\/strong><\/p>\n<p><em>Com Tribuna do Cariri\u00a0\/Foto: Google\u00a0\u00a0 <\/em><\/p>\n<p><strong>Leia mais not\u00edcias em\u00a0<\/strong><a href=\"http:\/\/www.caririemacao.com\/\"><strong>caririemacao.com<\/strong><\/a><strong>, siga nossa p\u00e1gina no\u00a0<\/strong><a href=\"https:\/\/www.facebook.com\/CaririEmAcao\/?ref=aymt_homepage_panel\"><strong>Facebook<\/strong><\/a>,<strong>\u00a0<\/strong><a href=\"https:\/\/www.instagram.com\/cariri_em_acao\/?hl=pt-br\"><strong>Instagram<\/strong><\/a><strong>\u00a0e <\/strong><a href=\"https:\/\/www.youtube.com\/channel\/UCAptA0jQuYQy8vMhLt2m4qg\"><strong>Youtube<\/strong><\/a><strong>\u00a0e veja nossas mat\u00e9rias, v\u00eddeos e fotos. Voc\u00ea tamb\u00e9m pode enviar informa\u00e7\u00f5es \u00e0 Reda\u00e7\u00e3o do Portal Cariri em A\u00e7\u00e3o pelo WhatsApp (83) 9 9634.5791, (83) 9 9601-1162.<\/strong><\/p>\n","protected":false},"excerpt":{"rendered":"<p>A Prefeitura Municipal de Serra Branca atrav\u00e9s da Secretaria de Assist\u00eancia Social realiza nesta quinta feira, a V Edi\u00e7\u00e3o do Casamento Comunit\u00e1rio. O evento acontece&hellip; <\/p>\n","protected":false},"author":2,"featured_media":34622,"comment_status":"closed","ping_status":"closed","sticky":false,"template":"","format":"standard","meta":{"sfsi_plus_gutenberg_text_before_share":"","sfsi_plus_gutenberg_show_text_before_share":"","sfsi_plus_gutenberg_icon_type":"","sfsi_plus_gutenberg_icon_alignemt":"","sfsi_plus_gutenburg_max_per_row":"","footnotes":""},"categories":[2],"tags":[],"class_list":["post-34621","post","type-post","status-publish","format-standard","has-post-thumbnail","hentry","category-geral"],"_links":{"self":[{"href":"https:\/\/www.caririemacao.com\/1\/wp-json\/wp\/v2\/posts\/34621","targetHints":{"allow":["GET"]}}],"collection":[{"href":"https:\/\/www.caririemacao.com\/1\/wp-json\/wp\/v2\/posts"}],"about":[{"href":"https:\/\/www.caririemacao.com\/1\/wp-json\/wp\/v2\/types\/post"}],"author":[{"embeddable":true,"href":"https:\/\/www.caririemacao.com\/1\/wp-json\/wp\/v2\/users\/2"}],"replies":[{"embeddable":true,"href":"https:\/\/www.caririemacao.com\/1\/wp-json\/wp\/v2\/comments?post=34621"}],"version-history":[{"count":0,"href":"https:\/\/www.caririemacao.com\/1\/wp-json\/wp\/v2\/posts\/34621\/revisions"}],"wp:featuredmedia":[{"embeddable":true,"href":"https:\/\/www.caririemacao.com\/1\/wp-json\/wp\/v2\/media\/34622"}],"wp:attachment":[{"href":"https:\/\/www.caririemacao.com\/1\/wp-json\/wp\/v2\/media?parent=34621"}],"wp:term":[{"taxonomy":"category","embeddable":true,"href":"https:\/\/www.caririemacao.com\/1\/wp-json\/wp\/v2\/categories?post=34621"},{"taxonomy":"post_tag","embeddable":true,"href":"https:\/\/www.caririemacao.com\/1\/wp-json\/wp\/v2\/tags?post=34621"}],"curies":[{"name":"wp","href":"https:\/\/api.w.org\/{rel}","templated":true}]}}