{"id":34631,"date":"2017-12-07T08:43:42","date_gmt":"2017-12-07T11:43:42","guid":{"rendered":"http:\/\/caririemacao.com\/1\/?p=34631"},"modified":"2017-12-07T08:43:42","modified_gmt":"2017-12-07T11:43:42","slug":"prefeitura-de-sume-ornamenta-praca-jose-americo-com-material-reciclavel","status":"publish","type":"post","link":"https:\/\/www.caririemacao.com\/1\/2017\/12\/07\/prefeitura-de-sume-ornamenta-praca-jose-americo-com-material-reciclavel\/","title":{"rendered":"Prefeitura de Sum\u00e9 ornamenta pra\u00e7a Jos\u00e9 Am\u00e9rico com material recicl\u00e1vel"},"content":{"rendered":"<p>A Prefeitura de Sum\u00e9 est\u00e1 finalizando a ornamenta\u00e7\u00e3o natalina da Pra\u00e7a Jos\u00e9 Am\u00e9rico, no centro da cidade.<\/p>\n<p>Com a decora\u00e7\u00e3o, a pra\u00e7a, que \u00e9 a mais movimentada da cidade, j\u00e1 est\u00e1 num ambiente de beleza e harmonia, com valoriza\u00e7\u00e3o do espa\u00e7o urbano local onde as fam\u00edlias sumeenses ir\u00e3o contemplar a decora\u00e7\u00e3o e ilumina\u00e7\u00e3o natalina.<\/p>\n<p>Este ano o diferencial na ornamenta\u00e7\u00e3o foi o material usado e o envolvimento de v\u00e1rias pessoas que ajudaram a confeccionar os enfeites.<\/p>\n<p>Grande parte do material foi produzido com garrafas pet e suas tampas, al\u00e9m de cds, bambol\u00eas em desuso, bolas, la\u00e7os, fitas, tnt e outros acess\u00f3rios do almoxarifado da Educa\u00e7\u00e3o que foram restaurados pela equipe.<\/p>\n<p>Muitas pessoas estiveram envolvidas no projeto ajudando na confec\u00e7\u00e3o dos arranjos, a exemplo dos alunos e professores da rede municipal que adquiriram as garrafas pet.<\/p>\n<p>Os trabalhos tiveram a coordena\u00e7\u00e3o da servidora da Secretaria de Educa\u00e7\u00e3o, Cleidinha Cavalcanti.<\/p>\n<p>A confec\u00e7\u00e3o manual contou com a ajuda dos professores de Arte do munic\u00edpio, Guilherme Panho e Joelma Gomes, assim como dos servidores Aparecida Gomes, Isa\u00edas Pereira, Messias Alexandre, H\u00e9lio Brito, Marta Poliana, V\u00e2nia Freitas, Luana Oliveira, Nydya Christinne, Mauricea Sim\u00f5es, Poliana Ferreira e Breno Amorim.<\/p>\n<p>Os usu\u00e1rios do CAPS e dos Servi\u00e7os de Conviv\u00eancia tamb\u00e9m participaram dos trabalhos, al\u00e9m de toda a equipe da Secretaria de Obras e Servi\u00e7os Urbanos, do gari Reginaldo, da professora Lenita Clarindo e da artes\u00e3 Fernanda Magalh\u00e3es.<\/p>\n<p>A Prefeitura tamb\u00e9m investiu na ilumina\u00e7\u00e3o com pisca-piscas e o prefeito \u00c9den Duarte agradeceu o empenho de todos que contribu\u00edram neste trabalho coletivo ajudando a ornamentar a cidade, deixando-a mais bonita para o per\u00edodo natalino, \u00e9poca em que o munic\u00edpio recebe muitos visitantes que vem comemorar as festas de fim de ano com seus familiares e amigos.<\/p>\n<p><strong>CARIRI EM A\u00c7\u00c3O<\/strong><\/p>\n<p><em>Com Ascom\/Foto: Divulga\u00e7\u00e3o<\/em><\/p>\n<p><strong>Leia mais not\u00edcias em\u00a0<\/strong><a href=\"http:\/\/www.caririemacao.com\/\"><strong>caririemacao.com<\/strong><\/a><strong>, siga nossa p\u00e1gina no\u00a0<\/strong><a href=\"https:\/\/www.facebook.com\/CaririEmAcao\/?ref=aymt_homepage_panel\"><strong>Facebook<\/strong><\/a>,<strong>\u00a0<\/strong><a href=\"https:\/\/www.instagram.com\/cariri_em_acao\/?hl=pt-br\"><strong>Instagram<\/strong><\/a><strong>\u00a0e <\/strong><a href=\"https:\/\/www.youtube.com\/channel\/UCAptA0jQuYQy8vMhLt2m4qg\"><strong>Youtube<\/strong><\/a><strong>\u00a0e veja nossas mat\u00e9rias, v\u00eddeos e fotos. Voc\u00ea tamb\u00e9m pode enviar informa\u00e7\u00f5es \u00e0 Reda\u00e7\u00e3o do Portal Cariri em A\u00e7\u00e3o pelo WhatsApp (83) 9 9634.5791, (83) 9 9601-1162.<\/strong><\/p>\n<p>&nbsp;<\/p>\n<p>&nbsp;<\/p>\n","protected":false},"excerpt":{"rendered":"<p>A Prefeitura de Sum\u00e9 est\u00e1 finalizando a ornamenta\u00e7\u00e3o natalina da Pra\u00e7a Jos\u00e9 Am\u00e9rico, no centro da cidade. Com a decora\u00e7\u00e3o, a pra\u00e7a, que \u00e9 a&hellip; <\/p>\n","protected":false},"author":2,"featured_media":34632,"comment_status":"closed","ping_status":"closed","sticky":false,"template":"","format":"standard","meta":{"sfsi_plus_gutenberg_text_before_share":"","sfsi_plus_gutenberg_show_text_before_share":"","sfsi_plus_gutenberg_icon_type":"","sfsi_plus_gutenberg_icon_alignemt":"","sfsi_plus_gutenburg_max_per_row":"","footnotes":""},"categories":[6],"tags":[],"class_list":["post-34631","post","type-post","status-publish","format-standard","has-post-thumbnail","hentry","category-cidades"],"_links":{"self":[{"href":"https:\/\/www.caririemacao.com\/1\/wp-json\/wp\/v2\/posts\/34631","targetHints":{"allow":["GET"]}}],"collection":[{"href":"https:\/\/www.caririemacao.com\/1\/wp-json\/wp\/v2\/posts"}],"about":[{"href":"https:\/\/www.caririemacao.com\/1\/wp-json\/wp\/v2\/types\/post"}],"author":[{"embeddable":true,"href":"https:\/\/www.caririemacao.com\/1\/wp-json\/wp\/v2\/users\/2"}],"replies":[{"embeddable":true,"href":"https:\/\/www.caririemacao.com\/1\/wp-json\/wp\/v2\/comments?post=34631"}],"version-history":[{"count":0,"href":"https:\/\/www.caririemacao.com\/1\/wp-json\/wp\/v2\/posts\/34631\/revisions"}],"wp:featuredmedia":[{"embeddable":true,"href":"https:\/\/www.caririemacao.com\/1\/wp-json\/wp\/v2\/media\/34632"}],"wp:attachment":[{"href":"https:\/\/www.caririemacao.com\/1\/wp-json\/wp\/v2\/media?parent=34631"}],"wp:term":[{"taxonomy":"category","embeddable":true,"href":"https:\/\/www.caririemacao.com\/1\/wp-json\/wp\/v2\/categories?post=34631"},{"taxonomy":"post_tag","embeddable":true,"href":"https:\/\/www.caririemacao.com\/1\/wp-json\/wp\/v2\/tags?post=34631"}],"curies":[{"name":"wp","href":"https:\/\/api.w.org\/{rel}","templated":true}]}}