{"id":34637,"date":"2017-12-07T08:57:51","date_gmt":"2017-12-07T11:57:51","guid":{"rendered":"http:\/\/caririemacao.com\/1\/?p=34637"},"modified":"2017-12-07T08:57:51","modified_gmt":"2017-12-07T11:57:51","slug":"previdencia-reuniao-de-temer-termina-sem-fechar-lista-de-apoios-a-reforma","status":"publish","type":"post","link":"https:\/\/www.caririemacao.com\/1\/2017\/12\/07\/previdencia-reuniao-de-temer-termina-sem-fechar-lista-de-apoios-a-reforma\/","title":{"rendered":"Previd\u00eancia: reuni\u00e3o de Temer termina sem fechar lista de apoios \u00e0 reforma"},"content":{"rendered":"<p>O governo esperava terminar de contabilizar na noite dessa quarta-feira (6) quantos votos existem a favor da reforma da Previd\u00eancia. O presidente Michel Temer reuniu 19 ministros, mais deputados e senadores da base aliada, al\u00e9m de l\u00edderes de partido. Foram mais de 47 presentes em uma reuni\u00e3o no Pal\u00e1cio da Alvorada, mas o governo ainda n\u00e3o tem a resposta que queria.<\/p>\n<p>A expectativa era receber dos partidos, no encontro que terminou no final da noite, os n\u00fameros de quantos deputados votam com o governo. A resposta veio apenas do PP. Temer espera esses n\u00fameros at\u00e9 esta quinta-feira (7), ao meio-dia. Na sa\u00edda da reuni\u00e3o, que durou mais de duas horas, o deputado Beto Mansur (PRB-SP) conversou com a imprensa. Ele afirmou que o governo tem cerca de 260 votos, e continuar\u00e1 buscando o apoio necess\u00e1rio.<\/p>\n<p>\u201cFiz uma an\u00e1lise de 260 votos, que t\u00ednhamos at\u00e9 o dia de ontem. Alguns partidos ainda ficaram de entregar. [\u2026] Com esse fechamento, o presidente [da C\u00e2mara] Rodrigo Maia ter\u00e1 condi\u00e7\u00f5es de saber se pauta a vota\u00e7\u00e3o na semana que vem\u201d. O deputado, um dos aliados mais fi\u00e9is de Temer, afirmou que o governo quer \u201cvotar na certeza\u201d, contabilizando cerca de 325 votos antes de ir para plen\u00e1rio. Para ser aprovada na C\u00e2mara, a reforma precisa de 308 votos.<\/p>\n<p><strong>Abordagem dos indecisos<\/strong><\/p>\n<p>Ainda de acordo com Mansur, Temer tem abordado os parlamentares indecisos questionando sobre qual legado eles querem deixar. O presidente usa como argumento a afirma\u00e7\u00e3o de que a reforma ser\u00e1 positiva para os mais pobres e cortar\u00e1 privil\u00e9gios. \u201cO presidente foi muito claro [com os deputados]. Qual \u00e9 a resposta que o deputado vai dar \u00e0 sociedade brasileira votando contra a reforma? Que ele est\u00e1 mantendo privil\u00e9gios?\u201d<\/p>\n<p>O aliado de Temer procurou passar tranquilidade, dizendo que o governo ainda tem 15 dias at\u00e9 o recesso legislativo para buscar os votos e colocar a reforma em vota\u00e7\u00e3o, em primeiro e segundo turno. \u201cN\u00f3s vamos buscar o n\u00famero de votos, e queremos um n\u00famero bem consolidado para vencer no plen\u00e1rio. At\u00e9 o dia 21, teremos condi\u00e7\u00f5es de votar o primeiro e segundo turno\u201d.<\/p>\n<p><strong>Fechamento de quest\u00e3o<\/strong><\/p>\n<p>Ap\u00f3s reuni\u00e3o com ministros e parlamentares, no \u00faltimo domingo (3), na casa do presidente da C\u00e2mara, Rodrigo Maia, as tratativas em prol da reforma avan\u00e7aram. No encontro surgiu a ideia de os partidos aliados do governo fecharem quest\u00e3o a favor do tema. O PMDB e o PTB j\u00e1 definiram se definiram por este caminho. Al\u00e9m do partido de Temer, PP, DEM, PR, PRB, PSD e SD podem seguir o mesmo caminho. A possibilidade deu \u00e2nimo novo ao governo, que iniciou a semana otimista.<\/p>\n<p>Mesmo que n\u00e3o haja fechamento de quest\u00e3o no PSDB, o governo conta com os votos do partido, cuja alian\u00e7a com o governo segue questionada. \u201cAcredito que o atual presidente do PSDB [Alberto Goldman] e o pr\u00f3ximo presidente, Geraldo Alckmin, est\u00e3o trabalhando no sentido do partido, [mesmo que] n\u00e3o fechar quest\u00e3o, mas d\u00ea um apoio efetivo para a reforma\u201d, disse Mansur.<\/p>\n<p>Quando um partido fecha quest\u00e3o, os parlamentares que n\u00e3o acompanham a decis\u00e3o da executiva podem sofrer penalidades, como suspens\u00e3o de atividades partid\u00e1rias ou at\u00e9 mesmo expuls\u00e3o da legenda.<\/p>\n<p><strong>CARIRI EM A\u00c7\u00c3O<\/strong><\/p>\n<p><em>Com Ag\u00eancia Brasil\/Foto:Google\u00a0\u00a0 <\/em><\/p>\n<p><strong>Leia mais not\u00edcias em\u00a0<\/strong><a href=\"http:\/\/www.caririemacao.com\/\"><strong>caririemacao.com<\/strong><\/a><strong>, siga nossa p\u00e1gina no\u00a0<\/strong><a href=\"https:\/\/www.facebook.com\/CaririEmAcao\/?ref=aymt_homepage_panel\"><strong>Facebook<\/strong><\/a>,<strong>\u00a0<\/strong><a href=\"https:\/\/www.instagram.com\/cariri_em_acao\/?hl=pt-br\"><strong>Instagram<\/strong><\/a><strong>\u00a0e <\/strong><a href=\"https:\/\/www.youtube.com\/channel\/UCAptA0jQuYQy8vMhLt2m4qg\"><strong>Youtube<\/strong><\/a><strong>\u00a0e veja nossas mat\u00e9rias, v\u00eddeos e fotos. Voc\u00ea tamb\u00e9m pode enviar informa\u00e7\u00f5es \u00e0 Reda\u00e7\u00e3o do Portal Cariri em A\u00e7\u00e3o pelo WhatsApp (83) 9 9634.5791, (83) 9 9601-1162.<\/strong><\/p>\n","protected":false},"excerpt":{"rendered":"<p>O governo esperava terminar de contabilizar na noite dessa quarta-feira (6) quantos votos existem a favor da reforma da Previd\u00eancia. O presidente Michel Temer reuniu&hellip; <\/p>\n","protected":false},"author":2,"featured_media":22333,"comment_status":"closed","ping_status":"closed","sticky":false,"template":"","format":"standard","meta":{"sfsi_plus_gutenberg_text_before_share":"","sfsi_plus_gutenberg_show_text_before_share":"","sfsi_plus_gutenberg_icon_type":"","sfsi_plus_gutenberg_icon_alignemt":"","sfsi_plus_gutenburg_max_per_row":"","footnotes":""},"categories":[11],"tags":[],"class_list":["post-34637","post","type-post","status-publish","format-standard","has-post-thumbnail","hentry","category-politica"],"_links":{"self":[{"href":"https:\/\/www.caririemacao.com\/1\/wp-json\/wp\/v2\/posts\/34637","targetHints":{"allow":["GET"]}}],"collection":[{"href":"https:\/\/www.caririemacao.com\/1\/wp-json\/wp\/v2\/posts"}],"about":[{"href":"https:\/\/www.caririemacao.com\/1\/wp-json\/wp\/v2\/types\/post"}],"author":[{"embeddable":true,"href":"https:\/\/www.caririemacao.com\/1\/wp-json\/wp\/v2\/users\/2"}],"replies":[{"embeddable":true,"href":"https:\/\/www.caririemacao.com\/1\/wp-json\/wp\/v2\/comments?post=34637"}],"version-history":[{"count":0,"href":"https:\/\/www.caririemacao.com\/1\/wp-json\/wp\/v2\/posts\/34637\/revisions"}],"wp:featuredmedia":[{"embeddable":true,"href":"https:\/\/www.caririemacao.com\/1\/wp-json\/wp\/v2\/media\/22333"}],"wp:attachment":[{"href":"https:\/\/www.caririemacao.com\/1\/wp-json\/wp\/v2\/media?parent=34637"}],"wp:term":[{"taxonomy":"category","embeddable":true,"href":"https:\/\/www.caririemacao.com\/1\/wp-json\/wp\/v2\/categories?post=34637"},{"taxonomy":"post_tag","embeddable":true,"href":"https:\/\/www.caririemacao.com\/1\/wp-json\/wp\/v2\/tags?post=34637"}],"curies":[{"name":"wp","href":"https:\/\/api.w.org\/{rel}","templated":true}]}}