{"id":34639,"date":"2017-12-07T09:06:18","date_gmt":"2017-12-07T12:06:18","guid":{"rendered":"http:\/\/caririemacao.com\/1\/?p=34639"},"modified":"2017-12-07T09:06:18","modified_gmt":"2017-12-07T12:06:18","slug":"senado-aprova-pec-de-lira-que-amplia-repasse-do-fpm-aos-municipios","status":"publish","type":"post","link":"https:\/\/www.caririemacao.com\/1\/2017\/12\/07\/senado-aprova-pec-de-lira-que-amplia-repasse-do-fpm-aos-municipios\/","title":{"rendered":"Senado aprova PEC de Lira que amplia repasse do FPM aos Munic\u00edpios"},"content":{"rendered":"<p>O Senado aprovou nesta quarta-feira (06) a Proposta de Emenda \u00e0 Constitui\u00e7\u00e3o (PEC) 29\/2017, do Senador Raimundo Lira (PMDB-PB), que vai proporcionar a todos os Munic\u00edpios brasileiros um repasse adicional do FPM \u2013 Fundo de Participa\u00e7\u00e3o dos Munic\u00edpios, no m\u00eas de setembro, a exemplo do que j\u00e1 ocorre nos meses de junho e dezembro. A proposta garante 1% a mais do repasse da Uni\u00e3o relativo \u00e0 arrecada\u00e7\u00e3o do Imposto de Renda (IR) e do Imposto sobre Produtos Industrializados (IPI).<\/p>\n<div class=\"green-area t-left t-cont text-center\">\n<div class=\"anuncio\">\n<div id=\"div-gpt-ad-1493386374551-0\" data-google-query-id=\"CJ_gn_vp99cCFcoMkQod-1gJuQ\">\n<div id=\"google_ads_iframe_\/20819522\/New_Sec_Conteudo_0__container__\">A aprova\u00e7\u00e3o da proposta era aguardada com grande expectativa pelos prefeitos de todo o Pa\u00eds, sobretudo em fun\u00e7\u00e3o do atual momento de dificuldades econ\u00f4micas por que passam as Administra\u00e7\u00f5es Municipais. A PEC foi aprovada em Plen\u00e1rio, por unanimidade, em primeiro e segundo turnos, e sob calend\u00e1rio especial, gra\u00e7as a um acordo de l\u00edderes que dispensou o interst\u00edcio constitucional e permitiu rapidez na tramita\u00e7\u00e3o, considerando a sua import\u00e2ncia.<\/div>\n<\/div>\n<\/div>\n<\/div>\n<p><strong>Em favor dos Munic\u00edpios<\/strong><\/p>\n<p>Desde a apresenta\u00e7\u00e3o da proposta, Lira vinha debatendo com os demais Senadores sobre a necessidade de sua aprova\u00e7\u00e3o, por conta da situa\u00e7\u00e3o de fragilidade fiscal em que se encontram as Prefeituras e da import\u00e2ncia que o FPM tem sobre a economia municipal, principalmente das cidades de menor porte, mais dependentes dos repasses. Na Para\u00edba, a proposta recebeu apoios e elogios de Prefeitos e da opini\u00e3o p\u00fablica.<\/p>\n<p>Segundo Lira, a PEC ir\u00e1 corrigir uma grande injusti\u00e7a, que \u00e9 a distribui\u00e7\u00e3o das receitas tribut\u00e1rias no Brasil, pois os Munic\u00edpios ficam com uma parcela pequena da arrecada\u00e7\u00e3o. \u201cIsso faz com que as Prefeituras n\u00e3o consigam, muitas vezes, cumprir com necessidades b\u00e1sicas como infraestrutura, educa\u00e7\u00e3o e sa\u00fade, para manter o conforto e seguran\u00e7a da popula\u00e7\u00e3o\u201d.<\/p>\n<p><strong>R$ 5,6 milh\u00f5es a mais para os Munic\u00edpios<\/strong><\/p>\n<p>A expectativa \u00e9 de que at\u00e9 o ano de 2021 sejam injetados nas economias municipais R$ 5,6 bilh\u00f5es, a cada m\u00eas de setembro. A PEC segue para an\u00e1lise na C\u00e2mara e, para que j\u00e1 tenha validade a partir de 2018, os deputados devem aprovar a mat\u00e9ria at\u00e9 o final desse ano. \u201cEsse \u00e9 um tema que interessa a todos os parlamentares, prefeitos e brasileiros. Tenho convic\u00e7\u00e3o que a mat\u00e9ria ser\u00e1 aprovada a tempo. J\u00e1 estamos em negocia\u00e7\u00e3o para que isso aconte\u00e7a\u201d, afirma Lira.<\/p>\n<p><strong>CARIRI EM A\u00c7\u00c3O<\/strong><\/p>\n<p><em>ComAscom \/Foto: Reprodu\u00e7\u00e3o, Divulga\u00e7\u00e3o, Google\u00a0\u00a0 <\/em><\/p>\n<p><strong>Leia mais not\u00edcias em\u00a0<\/strong><a href=\"http:\/\/www.caririemacao.com\/\"><strong>caririemacao.com<\/strong><\/a><strong>, siga nossa p\u00e1gina no\u00a0<\/strong><a href=\"https:\/\/www.facebook.com\/CaririEmAcao\/?ref=aymt_homepage_panel\"><strong>Facebook<\/strong><\/a>,<strong>\u00a0<\/strong><a href=\"https:\/\/www.instagram.com\/cariri_em_acao\/?hl=pt-br\"><strong>Instagram<\/strong><\/a><strong>\u00a0e <\/strong><a href=\"https:\/\/www.youtube.com\/channel\/UCAptA0jQuYQy8vMhLt2m4qg\"><strong>Youtube<\/strong><\/a><strong>\u00a0e veja nossas mat\u00e9rias, v\u00eddeos e fotos. Voc\u00ea tamb\u00e9m pode enviar informa\u00e7\u00f5es \u00e0 Reda\u00e7\u00e3o do Portal Cariri em A\u00e7\u00e3o pelo WhatsApp (83) 9 9634.5791, (83) 9 9601-1162.<\/strong><\/p>\n","protected":false},"excerpt":{"rendered":"<p>O Senado aprovou nesta quarta-feira (06) a Proposta de Emenda \u00e0 Constitui\u00e7\u00e3o (PEC) 29\/2017, do Senador Raimundo Lira (PMDB-PB), que vai proporcionar a todos os&hellip; <\/p>\n","protected":false},"author":2,"featured_media":5929,"comment_status":"closed","ping_status":"closed","sticky":false,"template":"","format":"standard","meta":{"sfsi_plus_gutenberg_text_before_share":"","sfsi_plus_gutenberg_show_text_before_share":"","sfsi_plus_gutenberg_icon_type":"","sfsi_plus_gutenberg_icon_alignemt":"","sfsi_plus_gutenburg_max_per_row":"","footnotes":""},"categories":[11],"tags":[],"class_list":["post-34639","post","type-post","status-publish","format-standard","has-post-thumbnail","hentry","category-politica"],"_links":{"self":[{"href":"https:\/\/www.caririemacao.com\/1\/wp-json\/wp\/v2\/posts\/34639","targetHints":{"allow":["GET"]}}],"collection":[{"href":"https:\/\/www.caririemacao.com\/1\/wp-json\/wp\/v2\/posts"}],"about":[{"href":"https:\/\/www.caririemacao.com\/1\/wp-json\/wp\/v2\/types\/post"}],"author":[{"embeddable":true,"href":"https:\/\/www.caririemacao.com\/1\/wp-json\/wp\/v2\/users\/2"}],"replies":[{"embeddable":true,"href":"https:\/\/www.caririemacao.com\/1\/wp-json\/wp\/v2\/comments?post=34639"}],"version-history":[{"count":0,"href":"https:\/\/www.caririemacao.com\/1\/wp-json\/wp\/v2\/posts\/34639\/revisions"}],"wp:featuredmedia":[{"embeddable":true,"href":"https:\/\/www.caririemacao.com\/1\/wp-json\/wp\/v2\/media\/5929"}],"wp:attachment":[{"href":"https:\/\/www.caririemacao.com\/1\/wp-json\/wp\/v2\/media?parent=34639"}],"wp:term":[{"taxonomy":"category","embeddable":true,"href":"https:\/\/www.caririemacao.com\/1\/wp-json\/wp\/v2\/categories?post=34639"},{"taxonomy":"post_tag","embeddable":true,"href":"https:\/\/www.caririemacao.com\/1\/wp-json\/wp\/v2\/tags?post=34639"}],"curies":[{"name":"wp","href":"https:\/\/api.w.org\/{rel}","templated":true}]}}