{"id":34641,"date":"2017-12-07T09:12:43","date_gmt":"2017-12-07T12:12:43","guid":{"rendered":"http:\/\/caririemacao.com\/1\/?p=34641"},"modified":"2017-12-07T09:12:43","modified_gmt":"2017-12-07T12:12:43","slug":"declaracao-de-estela-contra-pm-ainda-repercute-joao-henrique-diz-que-colega-foi-infeliz","status":"publish","type":"post","link":"https:\/\/www.caririemacao.com\/1\/2017\/12\/07\/declaracao-de-estela-contra-pm-ainda-repercute-joao-henrique-diz-que-colega-foi-infeliz\/","title":{"rendered":"Declara\u00e7\u00e3o de Estela contra PM ainda repercute; Jo\u00e3o Henrique diz que colega foi &#8216;infeliz&#8217;"},"content":{"rendered":"<p>Ap\u00f3s declara\u00e7\u00f5es feitas na Assembleia Legislativa da Para\u00edba (ALPB) pela deputada estadual Estela Bezerra (PSB) contra a Pol\u00edcia, que gerou grande repercuss\u00e3o em toda Para\u00edba, o deputado Jo\u00e3o Henrique, que \u00e9 militar reformado, emitiu, nesta quarta-feira (6), uma nota repudiando a fala da socialista e se solidarizando com as categorias.<\/p>\n<div class=\"green-area t-left t-cont text-center\">\n<div class=\"anuncio\">\n<div id=\"div-gpt-ad-1493386374551-0\" data-google-query-id=\"CIOInJzt99cCFQ8QkQodProHNw\">\n<div id=\"google_ads_iframe_\/20819522\/New_Sec_Conteudo_0__container__\">A frase pol\u00eamica da deputada foi a seguinte: \u201cDigo isso com a tranquilidade de quem transita nas comunidades mais vulner\u00e1veis dessa cidade sabendo que muitos trabalhadores e trabalhadoras que ali est\u00e3o se sentem mais acuados do que protegidos com a presen\u00e7a da Pol\u00edcia\u201d.<\/div>\n<\/div>\n<\/div>\n<\/div>\n<p>Al\u00e9m da nota de rep\u00fadio das entidades da categoria, o deputado Jo\u00e3o Henrique lamentou a falta de respeito para com os policiais que arriscam suas vidas para defender a popula\u00e7\u00e3o e cobrou um pedido de desculpas da deputada que at\u00e9 o momento n\u00e3o o fez.<\/p>\n<p>Jo\u00e3o Henrique ainda disse que as Pol\u00edcias da Para\u00edba, tanto Militar, quanto Civil, merecem aplausos por realizarem suas respectivas fun\u00e7\u00f5es dignamente mesmo sem condi\u00e7\u00f5es de trabalho. E pediu que ao inv\u00e9s de emitir cr\u00edticas, ela solicitasse ao Governo que representa, mais dignidade para os policiais, realiza\u00e7\u00e3o de concurso p\u00fablico para aumentar o efetivo nas ruas, a devolu\u00e7\u00e3o da paridade entre ativos e inativos, a garantia do seguro de vida do policial e que cumpra as decis\u00f5es judiciais com tr\u00e2nsito em julgado em favor da Pol\u00edcia e bombeiro Militar da Para\u00edba.<\/p>\n<p>&#8220;Como policial reformado eu n\u00e3o poderia me calar diante de um pronunciamento t\u00e3o infeliz e lament\u00e1vel. Sabemos da luta di\u00e1ria dos nossos policiais para trabalhar nas ruas e manter a ordem mesmo sem estrutura adequada de trabalho. Mas, eles n\u00e3o deixam de realizar suas a\u00e7\u00f5es e, principalmente, n\u00e3o deixam de defender o cidad\u00e3o paraibano, mesmo sem receber o reconhecimento deste Governo que virou as costas para Seguran\u00e7a P\u00fablica. Quero me solidarizar com os companheiros policiais, entidades e pedir que a deputada se retrate pelas coloca\u00e7\u00f5es inoportunas que n\u00e3o condizem com a realidade. Aproveito a ocasi\u00e3o para cobrar um posicionamento por parte do comando da Policia Militar que em outras oportunidades emitiram nota oficial e se calaram diante deste fato lament\u00e1vel&#8221;, afirmou Jo\u00e3o Henrique.<\/p>\n<p><strong>CARIRI EM A\u00c7\u00c3O<\/strong><\/p>\n<p><em>Com Ascom\/Foto: Google\u00a0\u00a0 <\/em><\/p>\n<p><strong>Leia mais not\u00edcias em\u00a0<\/strong><a href=\"http:\/\/www.caririemacao.com\/\"><strong>caririemacao.com<\/strong><\/a><strong>, siga nossa p\u00e1gina no\u00a0<\/strong><a href=\"https:\/\/www.facebook.com\/CaririEmAcao\/?ref=aymt_homepage_panel\"><strong>Facebook<\/strong><\/a>,<strong>\u00a0<\/strong><a href=\"https:\/\/www.instagram.com\/cariri_em_acao\/?hl=pt-br\"><strong>Instagram<\/strong><\/a><strong>\u00a0e <\/strong><a href=\"https:\/\/www.youtube.com\/channel\/UCAptA0jQuYQy8vMhLt2m4qg\"><strong>Youtube<\/strong><\/a><strong>\u00a0e veja nossas mat\u00e9rias, v\u00eddeos e fotos. Voc\u00ea tamb\u00e9m pode enviar informa\u00e7\u00f5es \u00e0 Reda\u00e7\u00e3o do Portal Cariri em A\u00e7\u00e3o pelo WhatsApp (83) 9 9634.5791, (83) 9 9601-1162.<\/strong><\/p>\n","protected":false},"excerpt":{"rendered":"<p>Ap\u00f3s declara\u00e7\u00f5es feitas na Assembleia Legislativa da Para\u00edba (ALPB) pela deputada estadual Estela Bezerra (PSB) contra a Pol\u00edcia, que gerou grande repercuss\u00e3o em toda Para\u00edba,&hellip; <\/p>\n","protected":false},"author":2,"featured_media":19348,"comment_status":"closed","ping_status":"closed","sticky":false,"template":"","format":"standard","meta":{"sfsi_plus_gutenberg_text_before_share":"","sfsi_plus_gutenberg_show_text_before_share":"","sfsi_plus_gutenberg_icon_type":"","sfsi_plus_gutenberg_icon_alignemt":"","sfsi_plus_gutenburg_max_per_row":"","footnotes":""},"categories":[11],"tags":[],"class_list":["post-34641","post","type-post","status-publish","format-standard","has-post-thumbnail","hentry","category-politica"],"_links":{"self":[{"href":"https:\/\/www.caririemacao.com\/1\/wp-json\/wp\/v2\/posts\/34641","targetHints":{"allow":["GET"]}}],"collection":[{"href":"https:\/\/www.caririemacao.com\/1\/wp-json\/wp\/v2\/posts"}],"about":[{"href":"https:\/\/www.caririemacao.com\/1\/wp-json\/wp\/v2\/types\/post"}],"author":[{"embeddable":true,"href":"https:\/\/www.caririemacao.com\/1\/wp-json\/wp\/v2\/users\/2"}],"replies":[{"embeddable":true,"href":"https:\/\/www.caririemacao.com\/1\/wp-json\/wp\/v2\/comments?post=34641"}],"version-history":[{"count":0,"href":"https:\/\/www.caririemacao.com\/1\/wp-json\/wp\/v2\/posts\/34641\/revisions"}],"wp:featuredmedia":[{"embeddable":true,"href":"https:\/\/www.caririemacao.com\/1\/wp-json\/wp\/v2\/media\/19348"}],"wp:attachment":[{"href":"https:\/\/www.caririemacao.com\/1\/wp-json\/wp\/v2\/media?parent=34641"}],"wp:term":[{"taxonomy":"category","embeddable":true,"href":"https:\/\/www.caririemacao.com\/1\/wp-json\/wp\/v2\/categories?post=34641"},{"taxonomy":"post_tag","embeddable":true,"href":"https:\/\/www.caririemacao.com\/1\/wp-json\/wp\/v2\/tags?post=34641"}],"curies":[{"name":"wp","href":"https:\/\/api.w.org\/{rel}","templated":true}]}}