{"id":34643,"date":"2017-12-07T09:23:05","date_gmt":"2017-12-07T12:23:05","guid":{"rendered":"http:\/\/caririemacao.com\/1\/?p=34643"},"modified":"2017-12-07T09:23:05","modified_gmt":"2017-12-07T12:23:05","slug":"veneziano-confirma-votar-contra-reforma-da-previdencia-e-diz-nao-temer-expulsao-do-pmdb","status":"publish","type":"post","link":"https:\/\/www.caririemacao.com\/1\/2017\/12\/07\/veneziano-confirma-votar-contra-reforma-da-previdencia-e-diz-nao-temer-expulsao-do-pmdb\/","title":{"rendered":"Veneziano confirma votar contra Reforma da Previd\u00eancia e diz n\u00e3o temer expuls\u00e3o do PMDB"},"content":{"rendered":"<p>O deputado federal Veneziano Vital do R\u00eago (PMDB) voltou a afirmar que ir\u00e1 votar contra a Reforma Previdenci\u00e1ria, caso o projeto realmente v\u00e1 a plen\u00e1rio na C\u00e2mara dos Deputados. O parlamentar paraibano lembrou que em outro projeto pol\u00eamico que foi votado no Congresso, o da Reforma Trabalhista, ele tamb\u00e9m se posicionou contra.<\/p>\n<p>\u201cEu votarei contra sim o projeto da Reforma da Previd\u00eancia. Acredito que este projeto n\u00e3o pode ser votado assim, sem antes ter uma consulta popular. Dessa forma que est\u00e1 a\u00ed eu n\u00e3o voto\u201d, sentenciou Veneziano que ainda fez quest\u00e3o de lembrar: \u201cJ\u00e1 votei contra a Reforma Trabalhista por entender que retirou direitos dos trabalhadores e n\u00e3o ser\u00e1 dessa vez que irei me colocar contra os que mais precisam\u201d, resumiu.<\/p>\n<p><a href=\"http:\/\/caririemacao.com\/1\/wp-content\/uploads\/2017\/12\/veneziano-previdencia.jpg\"><img fetchpriority=\"high\" decoding=\"async\" class=\"aligncenter wp-image-34644 size-full\" src=\"http:\/\/caririemacao.com\/1\/wp-content\/uploads\/2017\/12\/veneziano-previdencia.jpg\" alt=\"\" width=\"650\" height=\"420\" srcset=\"https:\/\/www.caririemacao.com\/1\/wp-content\/uploads\/2017\/12\/veneziano-previdencia.jpg 650w, https:\/\/www.caririemacao.com\/1\/wp-content\/uploads\/2017\/12\/veneziano-previdencia-300x194.jpg 300w\" sizes=\"(max-width: 650px) 100vw, 650px\" \/><\/a><\/p>\n<p>O deputado tamb\u00e9m disse n\u00e3o temer sofrer nova puni\u00e7\u00e3o por conta do PMDB, j\u00e1 que o partido \u2018fechou quest\u00e3o\u2019 em votar a favor da Reforma da Previd\u00eancia.<\/p>\n<p>\u201cEu n\u00e3o temo qualquer puni\u00e7\u00e3o. Eu voto conforme o que achar correto e, jamais irei votar para prejudicar ao povo e as classes trabalhistas. J\u00e1 sofri puni\u00e7\u00e3o injusta pelo meu partido e volto a repetir, n\u00e3o temo ser expulso\u201d, lembrou o parlamentar sobre a informa\u00e7\u00e3o de que o PMDB estuda at\u00e9 expuls\u00e3o de deputados que n\u00e3o votarem com o partido neste projeto da Reforma da Previd\u00eancia.<\/p>\n<div class=\"fbcb_container\" style=\"text-align: left;\" align=\"center\">\u00a0<strong>CARIRI EM A\u00c7\u00c3O<\/strong><em>Com Para\u00edba\u00a0J\u00e1 \/Foto: Google\u00a0\u00a0 <\/em><\/p>\n<p><strong>Leia mais not\u00edcias em\u00a0<\/strong><a href=\"http:\/\/www.caririemacao.com\/\"><strong>caririemacao.com<\/strong><\/a><strong>, siga nossa p\u00e1gina no\u00a0<\/strong><a href=\"https:\/\/www.facebook.com\/CaririEmAcao\/?ref=aymt_homepage_panel\"><strong>Facebook<\/strong><\/a>,<strong>\u00a0<\/strong><a href=\"https:\/\/www.instagram.com\/cariri_em_acao\/?hl=pt-br\"><strong>Instagram<\/strong><\/a><strong>\u00a0e <\/strong><a href=\"https:\/\/www.youtube.com\/channel\/UCAptA0jQuYQy8vMhLt2m4qg\"><strong>Youtube<\/strong><\/a><strong>\u00a0e veja nossas mat\u00e9rias, v\u00eddeos e fotos. Voc\u00ea tamb\u00e9m pode enviar informa\u00e7\u00f5es \u00e0 Reda\u00e7\u00e3o do Portal Cariri em A\u00e7\u00e3o pelo WhatsApp (83) 9 9634.5791, (83) 9 9601-1162.<\/strong><\/p>\n<\/div>\n","protected":false},"excerpt":{"rendered":"<p>O deputado federal Veneziano Vital do R\u00eago (PMDB) voltou a afirmar que ir\u00e1 votar contra a Reforma Previdenci\u00e1ria, caso o projeto realmente v\u00e1 a plen\u00e1rio&hellip; <\/p>\n","protected":false},"author":2,"featured_media":34645,"comment_status":"closed","ping_status":"closed","sticky":false,"template":"","format":"standard","meta":{"sfsi_plus_gutenberg_text_before_share":"","sfsi_plus_gutenberg_show_text_before_share":"","sfsi_plus_gutenberg_icon_type":"","sfsi_plus_gutenberg_icon_alignemt":"","sfsi_plus_gutenburg_max_per_row":"","footnotes":""},"categories":[11],"tags":[],"class_list":["post-34643","post","type-post","status-publish","format-standard","has-post-thumbnail","hentry","category-politica"],"_links":{"self":[{"href":"https:\/\/www.caririemacao.com\/1\/wp-json\/wp\/v2\/posts\/34643","targetHints":{"allow":["GET"]}}],"collection":[{"href":"https:\/\/www.caririemacao.com\/1\/wp-json\/wp\/v2\/posts"}],"about":[{"href":"https:\/\/www.caririemacao.com\/1\/wp-json\/wp\/v2\/types\/post"}],"author":[{"embeddable":true,"href":"https:\/\/www.caririemacao.com\/1\/wp-json\/wp\/v2\/users\/2"}],"replies":[{"embeddable":true,"href":"https:\/\/www.caririemacao.com\/1\/wp-json\/wp\/v2\/comments?post=34643"}],"version-history":[{"count":0,"href":"https:\/\/www.caririemacao.com\/1\/wp-json\/wp\/v2\/posts\/34643\/revisions"}],"wp:featuredmedia":[{"embeddable":true,"href":"https:\/\/www.caririemacao.com\/1\/wp-json\/wp\/v2\/media\/34645"}],"wp:attachment":[{"href":"https:\/\/www.caririemacao.com\/1\/wp-json\/wp\/v2\/media?parent=34643"}],"wp:term":[{"taxonomy":"category","embeddable":true,"href":"https:\/\/www.caririemacao.com\/1\/wp-json\/wp\/v2\/categories?post=34643"},{"taxonomy":"post_tag","embeddable":true,"href":"https:\/\/www.caririemacao.com\/1\/wp-json\/wp\/v2\/tags?post=34643"}],"curies":[{"name":"wp","href":"https:\/\/api.w.org\/{rel}","templated":true}]}}