{"id":34647,"date":"2017-12-07T09:30:23","date_gmt":"2017-12-07T12:30:23","guid":{"rendered":"http:\/\/caririemacao.com\/1\/?p=34647"},"modified":"2017-12-07T09:30:23","modified_gmt":"2017-12-07T12:30:23","slug":"briga-pelo-orcamento-de-2018-do-estado-nao-acabou","status":"publish","type":"post","link":"https:\/\/www.caririemacao.com\/1\/2017\/12\/07\/briga-pelo-orcamento-de-2018-do-estado-nao-acabou\/","title":{"rendered":"Briga pelo Or\u00e7amento de 2018 do Estado n\u00e3o acabou"},"content":{"rendered":"<section class=\"l-noticia\">O presidente do Tribunal de Justi\u00e7a do Estado da Para\u00edba, desembargador Jo\u00e1s de Brito Pereira Filho acredita que a vota\u00e7\u00e3o da Lei do Or\u00e7amento Anual para o exerc\u00edcio financeiro de 2018 ser\u00e1 contestada na justi\u00e7a pela Associa\u00e7\u00e3o dos Magistrados, que anteriormente j\u00e1 havia \u00a0entrado com uma liminar para suspender a tramita\u00e7\u00e3o da LOA no Poder Legislativo.<\/p>\n<p>A Associa\u00e7\u00e3o pediu ao Poder Executivo a implementa\u00e7\u00e3o de 3% equivalente a varia\u00e7\u00e3o do \u00a0IPCA de um ano para o or\u00e7amento do Judici\u00e1rio, mas acabou sendo aprovada sem a solicita\u00e7\u00e3o de reajuste do duod\u00e9cimo n\u00e3o s\u00f3 do Judici\u00e1rio como tamb\u00e9m da Defensoria P\u00fablica e do Minist\u00e9rio P\u00fablico. Segundo o presidente, n\u00e3o houve nenhum incremento e o or\u00e7amento que foi passado ao Legislativo por for\u00e7a da a\u00e7\u00e3o judicial, foi ainda o de 2016 que est\u00e1 congelado em R$ 619 milh\u00f5es.<\/p>\n<p>\u201cEssa mat\u00e9ria certamente vai desaguar no Judici\u00e1rio porque h\u00e1 uma A\u00e7\u00e3o Direta de Inconstitucionalidade, que ainda precisa ser analisada o m\u00e9rito dela, posteriormente. Primeiro, dever\u00e1 haver ou n\u00e3o a confirma\u00e7\u00e3o da liminar que ser\u00e1 submetida ao Pleno do Tribunal de Justi\u00e7a e segundo passo, o julgamento de m\u00e9rito dessa ADI e depois se a Associa\u00e7\u00e3o assim entender, ir\u00e1 tomar as provid\u00eancias , ap\u00f3s a san\u00e7\u00e3o da LOA\u201d, explicou.<\/p>\n<p>O desembargador contestou a fala do governo de que o Judici\u00e1rio \u00e9 o mais favorecido com os recursos do Estado e ao mesmo que o Estado n\u00e3o pode conceder reajuste alegando que n\u00e3o tem recursos para isso. Segundo ele, o governo tem utilizado o super\u00e1vit com decretos de suplementa\u00e7\u00f5es para diversos \u00f3rg\u00e3os. \u00a0\u201cComo \u00e9 que se justifica o super\u00e1vit e n\u00e3o faz o repasse o duod\u00e9cimo integral ao Poderes?\u201d, indagou.<\/p>\n<p>O presidente tamb\u00e9m rebateu as insinua\u00e7\u00f5es de que o seq\u00fcestro de R$ 30 milh\u00f5es das contas de Estado n\u00e3o seria para pagamentos de precat\u00f3rios. Conforme Jo\u00e1s de Brito, obrigatoriamente, o recurso \u00e9 utilizado para pagamento de precat\u00f3rios e que n\u00e3o deve haver outra destina\u00e7\u00e3o.<\/p>\n<p>\u201cEsse pagamento \u00e9 observado pelo Conselho Nacional de Justi\u00e7a, que tem um controle rigoroso at\u00e9 porque h\u00e1 uma ordem cronol\u00f3gica para o pagamento de precat\u00f3rios. N\u00e3o houve nenhum uso indevido desse recurso e \u00e9 at\u00e9 motivo de afastamento do cargo, caso um presidente utilize desse tipo a\u00e7\u00e3o\u201d, explicou.<\/p>\n<p>Na Para\u00edba, segundo o desembargador, a Justi\u00e7a s\u00f3 tem conseguido pagar os acordos feitos pelos os editais e os preferenciais com os R$ 11,3 milh\u00f5es repassados pelo governo do Estado quando o correto seria de R$ 41, 5 milh\u00f5es para cumprir com as determina\u00e7\u00f5es da emenda constitucional. J\u00e1 o pagamento dos precat\u00f3rios ordin\u00e1rios est\u00e1 parado desde 2006.<\/p>\n<p>\u201cO valor repassado n\u00e3o tem sido suficiente para pagar o estoque de precat\u00f3rios da Para\u00edba\u201d, enfatizou o presidente informando ainda que os precat\u00f3rios do Estado est\u00e3o or\u00e7ados em \u00a0R$ 2, 157 bilh\u00f5es, cujo montante est\u00e1 inserido no or\u00e7amento at\u00e9 o ano de 2020 quando dever\u00e1 ser totalmente quitado.<\/p>\n<p><strong>CARIRI EM A\u00c7\u00c3O<\/strong><\/p>\n<p><em>Com <\/em>Para\u00edba Online<em>\/Foto: Google\u00a0\u00a0<\/em><\/p>\n<p><strong>Leia mais not\u00edcias em\u00a0<\/strong><a href=\"http:\/\/www.caririemacao.com\/\"><strong>caririemacao.com<\/strong><\/a><strong>, siga nossa p\u00e1gina no\u00a0<\/strong><a href=\"https:\/\/www.facebook.com\/CaririEmAcao\/?ref=aymt_homepage_panel\"><strong>Facebook<\/strong><\/a>,<strong>\u00a0<\/strong><a href=\"https:\/\/www.instagram.com\/cariri_em_acao\/?hl=pt-br\"><strong>Instagram<\/strong><\/a><strong>\u00a0e <\/strong><a href=\"https:\/\/www.youtube.com\/channel\/UCAptA0jQuYQy8vMhLt2m4qg\"><strong>Youtube<\/strong><\/a><strong>\u00a0e veja nossas mat\u00e9rias, v\u00eddeos e fotos. Voc\u00ea tamb\u00e9m pode enviar informa\u00e7\u00f5es \u00e0 Reda\u00e7\u00e3o do Portal Cariri em A\u00e7\u00e3o pelo WhatsApp (83) 9 9634.5791, (83) 9 9601-1162.<\/strong><\/p>\n<\/section>\n","protected":false},"excerpt":{"rendered":"<p>O presidente do Tribunal de Justi\u00e7a do Estado da Para\u00edba, desembargador Jo\u00e1s de Brito Pereira Filho acredita que a vota\u00e7\u00e3o da Lei do Or\u00e7amento Anual&hellip; <\/p>\n","protected":false},"author":2,"featured_media":34648,"comment_status":"closed","ping_status":"closed","sticky":false,"template":"","format":"standard","meta":{"sfsi_plus_gutenberg_text_before_share":"","sfsi_plus_gutenberg_show_text_before_share":"","sfsi_plus_gutenberg_icon_type":"","sfsi_plus_gutenberg_icon_alignemt":"","sfsi_plus_gutenburg_max_per_row":"","footnotes":""},"categories":[2],"tags":[],"class_list":["post-34647","post","type-post","status-publish","format-standard","has-post-thumbnail","hentry","category-geral"],"_links":{"self":[{"href":"https:\/\/www.caririemacao.com\/1\/wp-json\/wp\/v2\/posts\/34647","targetHints":{"allow":["GET"]}}],"collection":[{"href":"https:\/\/www.caririemacao.com\/1\/wp-json\/wp\/v2\/posts"}],"about":[{"href":"https:\/\/www.caririemacao.com\/1\/wp-json\/wp\/v2\/types\/post"}],"author":[{"embeddable":true,"href":"https:\/\/www.caririemacao.com\/1\/wp-json\/wp\/v2\/users\/2"}],"replies":[{"embeddable":true,"href":"https:\/\/www.caririemacao.com\/1\/wp-json\/wp\/v2\/comments?post=34647"}],"version-history":[{"count":0,"href":"https:\/\/www.caririemacao.com\/1\/wp-json\/wp\/v2\/posts\/34647\/revisions"}],"wp:featuredmedia":[{"embeddable":true,"href":"https:\/\/www.caririemacao.com\/1\/wp-json\/wp\/v2\/media\/34648"}],"wp:attachment":[{"href":"https:\/\/www.caririemacao.com\/1\/wp-json\/wp\/v2\/media?parent=34647"}],"wp:term":[{"taxonomy":"category","embeddable":true,"href":"https:\/\/www.caririemacao.com\/1\/wp-json\/wp\/v2\/categories?post=34647"},{"taxonomy":"post_tag","embeddable":true,"href":"https:\/\/www.caririemacao.com\/1\/wp-json\/wp\/v2\/tags?post=34647"}],"curies":[{"name":"wp","href":"https:\/\/api.w.org\/{rel}","templated":true}]}}