{"id":34655,"date":"2017-12-07T09:44:17","date_gmt":"2017-12-07T12:44:17","guid":{"rendered":"http:\/\/caririemacao.com\/1\/?p=34655"},"modified":"2017-12-07T09:44:17","modified_gmt":"2017-12-07T12:44:17","slug":"ccj-aprova-eleicoes-diretas-em-caso-de-vacancia-da-presidencia","status":"publish","type":"post","link":"https:\/\/www.caririemacao.com\/1\/2017\/12\/07\/ccj-aprova-eleicoes-diretas-em-caso-de-vacancia-da-presidencia\/","title":{"rendered":"CCJ aprova elei\u00e7\u00f5es diretas em caso de vac\u00e2ncia da Presid\u00eancia"},"content":{"rendered":"<p>A Comiss\u00e3o de Constitui\u00e7\u00e3o e Justi\u00e7a e de Cidadania aprovou proposta de emenda \u00e0 Constitui\u00e7\u00e3o (PEC\u00a0227\/16) que prev\u00ea elei\u00e7\u00f5es diretas no caso de vac\u00e2ncia da Presid\u00eancia e da Vice-Presid\u00eancia da Rep\u00fablica a qualquer tempo do mandato, exceto nos seis \u00faltimos meses.<\/p>\n<p>A proposta, do deputado Miro Teixeira (Rede-RJ), \u00e9 pol\u00eamica e sua discuss\u00e3o foi adiada v\u00e1rias vezes. Deputados aliados ao governo obstru\u00edam os trabalhos, enquanto a oposi\u00e7\u00e3o queria votar a PEC. A vis\u00e3o era de que enquanto havia a possibilidade de afastamento do presidente Michel Temer, ap\u00f3s duas den\u00fancias feitas pela Procuradoria-Geral da Rep\u00fablica (PGR), a PEC poderia ser usada para antecipar as elei\u00e7\u00f5es de 2018.<\/p>\n<p>Com o final das den\u00fancias e a impossibilidade pr\u00e1tica de aprovar essa PEC rapidamente sem um acordo, o ambiente pol\u00edtico ficou mais favor\u00e1vel \u00e0 medida. De fato, ap\u00f3s semanas de\u00a0<span class=\"termoGlossario\">obstru\u00e7\u00e3o<\/span>\u00a0a PEC foi aprovada hoje em menos de 1 minuto.<\/p>\n<p>O relator, deputado Arnaldo Faria de S\u00e1 (PTB-SP), defendeu a\u00a0<span class=\"termoGlossario\">admissibilidade<\/span>\u00a0da proposta. Ele adotou o mesmo voto do deputado Espiridi\u00e3o Amim (PP-SC), afastado da CCJ durante o debate das den\u00fancias contra Temer porque poderia votar contra a orienta\u00e7\u00e3o do partido de rejeit\u00e1-las.<\/p>\n<p>\u201cUma mat\u00e9ria extremamente pol\u00eamica, que causou desgaste sem necessidade, porque n\u00e3o h\u00e1 nada que se possa objetar quanto a elei\u00e7\u00f5es diretas no Brasil\u201d, disse.<\/p>\n<p><strong>Proposta no Senado<\/strong><\/p>\n<p>No Senado, a Comiss\u00e3o de Constitui\u00e7\u00e3o, Justi\u00e7a e Cidadania aprovou em maio uma outra proposta que vai na mesma linha. A diferen\u00e7a \u00e9 que a elei\u00e7\u00e3o direta s\u00f3 n\u00e3o ocorreria se a dupla vac\u00e2ncia ocorrer no \u00faltimo ano do mandato.<\/p>\n<p>Atualmente, a Constitui\u00e7\u00e3o prev\u00ea elei\u00e7\u00e3o direta de presidente e vice-presidente em caso de vac\u00e2ncia apenas nos dois primeiros anos do mandato. Nos dois \u00faltimos anos, a elei\u00e7\u00e3o \u00e9 indireta, e os nomes s\u00e3o escolhidos em sess\u00e3o conjunta do Congresso Nacional (513 deputados e 81 senadores).<\/p>\n<p><strong>CARIRI EM A\u00c7\u00c3O<\/strong><\/p>\n<p><em>Com Ag\u00eancia C\u00e2mara \/Foto: C\u00e2mara dos Deputados<\/em><\/p>\n<p><strong>Leia mais not\u00edcias em\u00a0<\/strong><a href=\"http:\/\/www.caririemacao.com\/\"><strong>caririemacao.com<\/strong><\/a><strong>, siga nossa p\u00e1gina no\u00a0<\/strong><a href=\"https:\/\/www.facebook.com\/CaririEmAcao\/?ref=aymt_homepage_panel\"><strong>Facebook<\/strong><\/a>,<strong>\u00a0<\/strong><a href=\"https:\/\/www.instagram.com\/cariri_em_acao\/?hl=pt-br\"><strong>Instagram<\/strong><\/a><strong>\u00a0e <\/strong><a href=\"https:\/\/www.youtube.com\/channel\/UCAptA0jQuYQy8vMhLt2m4qg\"><strong>Youtube<\/strong><\/a><strong>\u00a0e veja nossas mat\u00e9rias, v\u00eddeos e fotos. Voc\u00ea tamb\u00e9m pode enviar informa\u00e7\u00f5es \u00e0 Reda\u00e7\u00e3o do Portal Cariri em A\u00e7\u00e3o pelo WhatsApp (83) 9 9634.5791, (83) 9 9601-1162.<\/strong><\/p>\n","protected":false},"excerpt":{"rendered":"<p>A Comiss\u00e3o de Constitui\u00e7\u00e3o e Justi\u00e7a e de Cidadania aprovou proposta de emenda \u00e0 Constitui\u00e7\u00e3o (PEC\u00a0227\/16) que prev\u00ea elei\u00e7\u00f5es diretas no caso de vac\u00e2ncia da&hellip; <\/p>\n","protected":false},"author":2,"featured_media":34656,"comment_status":"closed","ping_status":"closed","sticky":false,"template":"","format":"standard","meta":{"sfsi_plus_gutenberg_text_before_share":"","sfsi_plus_gutenberg_show_text_before_share":"","sfsi_plus_gutenberg_icon_type":"","sfsi_plus_gutenberg_icon_alignemt":"","sfsi_plus_gutenburg_max_per_row":"","footnotes":""},"categories":[2],"tags":[],"class_list":["post-34655","post","type-post","status-publish","format-standard","has-post-thumbnail","hentry","category-geral"],"_links":{"self":[{"href":"https:\/\/www.caririemacao.com\/1\/wp-json\/wp\/v2\/posts\/34655","targetHints":{"allow":["GET"]}}],"collection":[{"href":"https:\/\/www.caririemacao.com\/1\/wp-json\/wp\/v2\/posts"}],"about":[{"href":"https:\/\/www.caririemacao.com\/1\/wp-json\/wp\/v2\/types\/post"}],"author":[{"embeddable":true,"href":"https:\/\/www.caririemacao.com\/1\/wp-json\/wp\/v2\/users\/2"}],"replies":[{"embeddable":true,"href":"https:\/\/www.caririemacao.com\/1\/wp-json\/wp\/v2\/comments?post=34655"}],"version-history":[{"count":0,"href":"https:\/\/www.caririemacao.com\/1\/wp-json\/wp\/v2\/posts\/34655\/revisions"}],"wp:featuredmedia":[{"embeddable":true,"href":"https:\/\/www.caririemacao.com\/1\/wp-json\/wp\/v2\/media\/34656"}],"wp:attachment":[{"href":"https:\/\/www.caririemacao.com\/1\/wp-json\/wp\/v2\/media?parent=34655"}],"wp:term":[{"taxonomy":"category","embeddable":true,"href":"https:\/\/www.caririemacao.com\/1\/wp-json\/wp\/v2\/categories?post=34655"},{"taxonomy":"post_tag","embeddable":true,"href":"https:\/\/www.caririemacao.com\/1\/wp-json\/wp\/v2\/tags?post=34655"}],"curies":[{"name":"wp","href":"https:\/\/api.w.org\/{rel}","templated":true}]}}