{"id":34658,"date":"2017-12-07T09:48:04","date_gmt":"2017-12-07T12:48:04","guid":{"rendered":"http:\/\/caririemacao.com\/1\/?p=34658"},"modified":"2017-12-07T09:48:04","modified_gmt":"2017-12-07T12:48:04","slug":"camara-aumenta-para-ate-oito-anos-prisao-para-bebado-que-dirige-e-mata","status":"publish","type":"post","link":"https:\/\/www.caririemacao.com\/1\/2017\/12\/07\/camara-aumenta-para-ate-oito-anos-prisao-para-bebado-que-dirige-e-mata\/","title":{"rendered":"C\u00e2mara aumenta para at\u00e9 oito anos pris\u00e3o para b\u00eabado que dirige e mata"},"content":{"rendered":"<p>A C\u00e2mara dos Deputados aprovou nesta quarta-feira (6) o aumento da pena para motoristas sob efeito de \u00e1lcool ou drogas que provocar acidente com morte. Pelo texto, a puni\u00e7\u00e3o para o crime ser\u00e1 de reclus\u00e3o de cinco a oito anos. O Projeto de Lei 5568\/13, de autoria da deputada Keiko Ota (PSB-SP), j\u00e1 passou pelo Senado e agora segue para san\u00e7\u00e3o presidencial.<\/p>\n<p>O texto original da C\u00e2mara, aprovado em setembro de 2015, estabelecia pena de deten\u00e7\u00e3o de dois a quatro anos. Com o prazo alterado pelo Senado, a mat\u00e9ria precisou retornar para vota\u00e7\u00e3o pelos deputados. A atual penalidade administrativa de suspens\u00e3o ou proibi\u00e7\u00e3o de se obter a permiss\u00e3o ou a habilita\u00e7\u00e3o para dirigir ve\u00edculo automotor continua valendo.<\/p>\n<p>No plen\u00e1rio, os deputados rejeitaram duas altera\u00e7\u00f5es ao texto feitas pelo Senado, uma delas a que acabava com o limite m\u00e1ximo de \u00e1lcool a partir do qual o condutor flagrado pode ser condenado a pena de deten\u00e7\u00e3o de seis meses a tr\u00eas anos, multa e suspens\u00e3o da carteira ou proibi\u00e7\u00e3o de obt\u00ea-la. Atualmente, \u00e9 prevista pena para o condutor flagrado dirigindo com concentra\u00e7\u00e3o igual ou superior a 6 decigramas de \u00e1lcool por litro de sangue ou igual ou superior a 0,3 miligrama de \u00e1lcool por litro de ar nos pulm\u00f5es.<\/p>\n<p>As novas regras entrar\u00e3o em vigor ap\u00f3s 120 dias da publica\u00e7\u00e3o da lei.<\/p>\n<div class=\"td-a-rec td-a-rec-id-content_bottom  td_uid_1_5a29370188393_rand td_block_template_1\">\n<div id=\"div-gpt-ad-1510753744454-4\" data-google-query-id=\"CNDBxJ3299cCFQSEkQodxnQGDQ\">\n<div id=\"google_ads_iframe_\/19487587\/PORTALCORREIO\/homepage_728x90_banner_bot_0__container__\">\n<p><strong>CARIRI EM A\u00c7\u00c3O<\/strong><\/p>\n<p><em>Com Ag\u00eancia Brasil\u00a0\/Foto: Google\u00a0\u00a0 <\/em><\/p>\n<p><strong>Leia mais not\u00edcias em\u00a0<\/strong><a href=\"http:\/\/www.caririemacao.com\/\"><strong>caririemacao.com<\/strong><\/a><strong>, siga nossa p\u00e1gina no\u00a0<\/strong><a href=\"https:\/\/www.facebook.com\/CaririEmAcao\/?ref=aymt_homepage_panel\"><strong>Facebook<\/strong><\/a>,<strong>\u00a0<\/strong><a href=\"https:\/\/www.instagram.com\/cariri_em_acao\/?hl=pt-br\"><strong>Instagram<\/strong><\/a><strong>\u00a0e <\/strong><a href=\"https:\/\/www.youtube.com\/channel\/UCAptA0jQuYQy8vMhLt2m4qg\"><strong>Youtube<\/strong><\/a><strong>\u00a0e veja nossas mat\u00e9rias, v\u00eddeos e fotos. Voc\u00ea tamb\u00e9m pode enviar informa\u00e7\u00f5es \u00e0 Reda\u00e7\u00e3o do Portal Cariri em A\u00e7\u00e3o pelo WhatsApp (83) 9 9634.5791, (83) 9 9601-1162.<\/strong><\/p>\n<\/div>\n<\/div>\n<\/div>\n","protected":false},"excerpt":{"rendered":"<p>A C\u00e2mara dos Deputados aprovou nesta quarta-feira (6) o aumento da pena para motoristas sob efeito de \u00e1lcool ou drogas que provocar acidente com morte.&hellip; <\/p>\n","protected":false},"author":2,"featured_media":34659,"comment_status":"closed","ping_status":"closed","sticky":false,"template":"","format":"standard","meta":{"sfsi_plus_gutenberg_text_before_share":"","sfsi_plus_gutenberg_show_text_before_share":"","sfsi_plus_gutenberg_icon_type":"","sfsi_plus_gutenberg_icon_alignemt":"","sfsi_plus_gutenburg_max_per_row":"","footnotes":""},"categories":[12],"tags":[],"class_list":["post-34658","post","type-post","status-publish","format-standard","has-post-thumbnail","hentry","category-policia"],"_links":{"self":[{"href":"https:\/\/www.caririemacao.com\/1\/wp-json\/wp\/v2\/posts\/34658","targetHints":{"allow":["GET"]}}],"collection":[{"href":"https:\/\/www.caririemacao.com\/1\/wp-json\/wp\/v2\/posts"}],"about":[{"href":"https:\/\/www.caririemacao.com\/1\/wp-json\/wp\/v2\/types\/post"}],"author":[{"embeddable":true,"href":"https:\/\/www.caririemacao.com\/1\/wp-json\/wp\/v2\/users\/2"}],"replies":[{"embeddable":true,"href":"https:\/\/www.caririemacao.com\/1\/wp-json\/wp\/v2\/comments?post=34658"}],"version-history":[{"count":0,"href":"https:\/\/www.caririemacao.com\/1\/wp-json\/wp\/v2\/posts\/34658\/revisions"}],"wp:featuredmedia":[{"embeddable":true,"href":"https:\/\/www.caririemacao.com\/1\/wp-json\/wp\/v2\/media\/34659"}],"wp:attachment":[{"href":"https:\/\/www.caririemacao.com\/1\/wp-json\/wp\/v2\/media?parent=34658"}],"wp:term":[{"taxonomy":"category","embeddable":true,"href":"https:\/\/www.caririemacao.com\/1\/wp-json\/wp\/v2\/categories?post=34658"},{"taxonomy":"post_tag","embeddable":true,"href":"https:\/\/www.caririemacao.com\/1\/wp-json\/wp\/v2\/tags?post=34658"}],"curies":[{"name":"wp","href":"https:\/\/api.w.org\/{rel}","templated":true}]}}