{"id":34799,"date":"2017-12-11T09:42:20","date_gmt":"2017-12-11T12:42:20","guid":{"rendered":"http:\/\/caririemacao.com\/1\/?p=34799"},"modified":"2017-12-11T09:48:33","modified_gmt":"2017-12-11T12:48:33","slug":"senado-fara-esforco-concentrado-para-votar-propostas-as-vesperas-do-recesso","status":"publish","type":"post","link":"https:\/\/www.caririemacao.com\/1\/2017\/12\/11\/senado-fara-esforco-concentrado-para-votar-propostas-as-vesperas-do-recesso\/","title":{"rendered":"Senado far\u00e1 esfor\u00e7o concentrado para votar propostas \u00e0s v\u00e9speras do recesso"},"content":{"rendered":"<p>\u00c0s v\u00e9speras do recesso legislativo, que oficialmente come\u00e7a no dia 23, os pr\u00f3ximos 10 dias \u00fateis de trabalho no Senado devem ser de esfor\u00e7o concentrado. O presidente da Casa, senador Eun\u00edcio Oliveira (PMDB-CE), adiantou que al\u00e9m de apreciar medidas provis\u00f3rias (MPs) que trancam a pauta, ele quer votar na semana que vem no plen\u00e1rio uma pauta positiva de propostas nas \u00e1reas de economia e seguran\u00e7a p\u00fablica. A pr\u00f3xima sess\u00e3o deliberativa do Senado foi convocada para ter\u00e7a-feira, \u00e0s 11h. Apesar do esfor\u00e7o, Eun\u00edcio admite que algumas propostas ficar\u00e3o para o ano que vem.<\/p>\n<p>\u201cComo estamos perto do recesso, quero deixar uma pauta pronta para as primeiras semanas do pr\u00f3ximo ano, tanto na quest\u00e3o da microeconomia \u2014 aquilo que n\u00e3o puder ser discutido este ano \u2014 quanto na quest\u00e3o da seguran\u00e7a p\u00fablica. Mas vamos aprovar todas as mat\u00e9rias poss\u00edveis neste momento\u201d afirmou o senador.<\/p>\n<p><strong>Reclama\u00e7\u00e3o<\/strong><\/p>\n<p>O presidente do Senado, que tamb\u00e9m deve apresentar nos pr\u00f3ximos dias um balan\u00e7o das mat\u00e9rias aprovadas em 2017, lamentou mais uma vez que as MPs cheguem trancando a pauta da Casa e reclamou da demora dos deputados em aprovar a proposta de emenda \u00e0 Constitui\u00e7\u00e3o (PEC) que muda o rito das MPs na C\u00e2mara e no Senado. \u201cMais uma vez fiz um apelo ao presidente da C\u00e2mara, Rodrigo Maia, para que aprove a PEC que est\u00e1 l\u00e1 h\u00e1 mais de tr\u00eas anos sob pena de eu ter que devolver as medidas provis\u00f3rias que v\u00e3o chegar ao Senado para que a gente tenha condi\u00e7\u00e3o de votar\u201d, reclamou.<\/p>\n<p>Atualmente, uma MP s\u00f3 vai ao plen\u00e1rio da C\u00e2mara depois de aprova\u00e7\u00e3o por uma comiss\u00e3o especial mista. J\u00e1 a PEC defendida por Eun\u00edcio estabelece que a medida provis\u00f3ria deve ser discutida por uma comiss\u00e3o especial em cada Casa (C\u00e2mara e Senado) e v\u00e1 direto ao plen\u00e1rio se for esgotado o prazo no colegiado. A PEC est\u00e1 na pauta da C\u00e2mara, mas ainda n\u00e3o h\u00e1 acordo para a vota\u00e7\u00e3o.<\/p>\n<p><strong>Congresso<\/strong><\/p>\n<p>Eun\u00edcio Oliveira tamb\u00e9m convocou sess\u00e3o do Congresso Nacional para esta ter\u00e7a-feira (12), \u00e0s 14h. Para abrir caminho para a vota\u00e7\u00e3o da Lei Or\u00e7ament\u00e1ria de 2018 (PLN 20\/2017), est\u00e3o na pauta sete vetos presidenciais pendentes e 17 projetos de lei. O primeiro veto a ser analisado ser\u00e1 o do projeto que permite o porte de armas a agentes de tr\u00e2nsito.<\/p>\n<p>Vencida essa pauta, o presidente do Congresso j\u00e1 adiantou que pretende votar a Lei Or\u00e7ament\u00e1ria na quinta-feira (14), mesmo dia em que o relat\u00f3rio do deputado Cac\u00e1 Le\u00e3o (PP-BA) deve ser votado na Comiss\u00e3o Mista de Or\u00e7amento.<\/p>\n<p>No entanto, esse cronograma ainda \u00e9 incerto, j\u00e1 que poderia atrapalhar as negocia\u00e7\u00f5es para vota\u00e7\u00e3o da proposta de\u00a0reforma da Previd\u00eancia na C\u00e2mara. O receio se justifica porque, tradicionalmente, o Congresso fica esvaziado ap\u00f3s a vota\u00e7\u00e3o do Or\u00e7amento. Eun\u00edcio afirma que essa n\u00e3o \u00e9 a inten\u00e7\u00e3o e que o calend\u00e1rio das duas vota\u00e7\u00f5es n\u00e3o est\u00e1 ligado. A vota\u00e7\u00e3o da LOA, na semana que vem, acredita, poderia at\u00e9 liberar os deputados para se dedicarem exclusivamente \u00e0 reforma.<\/p>\n<p><strong>CARIRI EM A\u00c7\u00c3O<\/strong><\/p>\n<p><em>Com\u00a0<\/em><em>Ag\u00eancia Brasil\u00a0<\/em><em>com\u00a0<\/em><em>Ag\u00eancia EFE<\/em><em>\u00a0\/Foto: Google\u00a0\u00a0<\/em><\/p>\n<p><strong>Leia mais not\u00edcias em\u00a0<\/strong><a href=\"http:\/\/www.caririemacao.com\/\"><strong>caririemacao.com<\/strong><\/a><strong>, siga nossa p\u00e1gina no\u00a0<\/strong><a href=\"https:\/\/www.facebook.com\/CaririEmAcao\/?ref=aymt_homepage_panel\"><strong>Facebook<\/strong><\/a>,<strong>\u00a0<\/strong><a href=\"https:\/\/www.instagram.com\/cariri_em_acao\/?hl=pt-br\"><strong>Instagram<\/strong><\/a><strong>\u00a0e <\/strong><a href=\"https:\/\/www.youtube.com\/channel\/UCAptA0jQuYQy8vMhLt2m4qg\"><strong>Youtube<\/strong><\/a><strong>\u00a0e veja nossas mat\u00e9rias, v\u00eddeos e fotos. Voc\u00ea tamb\u00e9m pode enviar informa\u00e7\u00f5es \u00e0 Reda\u00e7\u00e3o do Portal Cariri em A\u00e7\u00e3o pelo WhatsApp (83) 9 9634.5791, (83) 9 9601-1162.<\/strong><\/p>\n","protected":false},"excerpt":{"rendered":"<p>\u00c0s v\u00e9speras do recesso legislativo, que oficialmente come\u00e7a no dia 23, os pr\u00f3ximos 10 dias \u00fateis de trabalho no Senado devem ser de esfor\u00e7o concentrado.&hellip; <\/p>\n","protected":false},"author":2,"featured_media":33762,"comment_status":"closed","ping_status":"closed","sticky":false,"template":"","format":"standard","meta":{"sfsi_plus_gutenberg_text_before_share":"","sfsi_plus_gutenberg_show_text_before_share":"","sfsi_plus_gutenberg_icon_type":"","sfsi_plus_gutenberg_icon_alignemt":"","sfsi_plus_gutenburg_max_per_row":"","footnotes":""},"categories":[11],"tags":[],"class_list":["post-34799","post","type-post","status-publish","format-standard","has-post-thumbnail","hentry","category-politica"],"_links":{"self":[{"href":"https:\/\/www.caririemacao.com\/1\/wp-json\/wp\/v2\/posts\/34799","targetHints":{"allow":["GET"]}}],"collection":[{"href":"https:\/\/www.caririemacao.com\/1\/wp-json\/wp\/v2\/posts"}],"about":[{"href":"https:\/\/www.caririemacao.com\/1\/wp-json\/wp\/v2\/types\/post"}],"author":[{"embeddable":true,"href":"https:\/\/www.caririemacao.com\/1\/wp-json\/wp\/v2\/users\/2"}],"replies":[{"embeddable":true,"href":"https:\/\/www.caririemacao.com\/1\/wp-json\/wp\/v2\/comments?post=34799"}],"version-history":[{"count":0,"href":"https:\/\/www.caririemacao.com\/1\/wp-json\/wp\/v2\/posts\/34799\/revisions"}],"wp:featuredmedia":[{"embeddable":true,"href":"https:\/\/www.caririemacao.com\/1\/wp-json\/wp\/v2\/media\/33762"}],"wp:attachment":[{"href":"https:\/\/www.caririemacao.com\/1\/wp-json\/wp\/v2\/media?parent=34799"}],"wp:term":[{"taxonomy":"category","embeddable":true,"href":"https:\/\/www.caririemacao.com\/1\/wp-json\/wp\/v2\/categories?post=34799"},{"taxonomy":"post_tag","embeddable":true,"href":"https:\/\/www.caririemacao.com\/1\/wp-json\/wp\/v2\/tags?post=34799"}],"curies":[{"name":"wp","href":"https:\/\/api.w.org\/{rel}","templated":true}]}}