{"id":34974,"date":"2017-12-13T12:08:58","date_gmt":"2017-12-13T15:08:58","guid":{"rendered":"http:\/\/caririemacao.com\/1\/?p=34974"},"modified":"2017-12-13T10:59:54","modified_gmt":"2017-12-13T13:59:54","slug":"divulgado-resultado-preliminar-da-selecao-para-cursos-tecnicos-do-ifpb","status":"publish","type":"post","link":"https:\/\/www.caririemacao.com\/1\/2017\/12\/13\/divulgado-resultado-preliminar-da-selecao-para-cursos-tecnicos-do-ifpb\/","title":{"rendered":"Divulgado resultado preliminar da sele\u00e7\u00e3o para cursos t\u00e9cnicos do IFPB"},"content":{"rendered":"<div class=\"mc-column content-media content-media--normal  content-photo\" data-block-type=\"backstage-photo\" data-block-id=\"0\">\n<div class=\"content-media__container\">\n<div class=\"content-media__description-centered \">\n<p class=\"content-media__description\">Foi divulgado, nesta ter\u00e7a-feira (12), o resultado preliminar do Processo Seletivo para os Cursos T\u00e9cnicos (PSCT 2018) do Instituto Federal de Educa\u00e7\u00e3o Ci\u00eancia e Tecnologia da Para\u00edba (IFPB). Ainda podem ser interpostos recursos contestando esse resultado nos dias 13 e 14 de dezembro, exclusivamente no ambiente das inscri\u00e7\u00f5es, por meio de login e senha.<\/p>\n<\/div>\n<\/div>\n<\/div>\n<div class=\"mc-column content-text active-extra-styles\" data-block-type=\"raw\" data-block-weight=\"25\" data-block-id=\"3\">\n<ul class=\"content-unordered-list\">\n<li><a href=\"https:\/\/estudante.ifpb.edu.br\/editais\/44\/RESULTADO\/view\" target=\"_blank\" rel=\"noopener\">Veja a lista do Ensino M\u00e9dio Integrado ao T\u00e9cnico<\/a><\/li>\n<li><a href=\"https:\/\/estudante.ifpb.edu.br\/editais\/45\/RESULTADO\/view\" target=\"_blank\" rel=\"noopener\">Veja a lista do Ensino T\u00e9cnico Subsequente<\/a><\/li>\n<li><a href=\"https:\/\/estudante.ifpb.edu.br\/editais\/46\/RESULTADO\/view\" target=\"_blank\" rel=\"noopener\">Veja a lista do Ensino T\u00e9cnico Subsequente (Campina Grande)<\/a><\/li>\n<\/ul>\n<\/div>\n<div class=\"mc-column content-text active-extra-styles \" data-block-type=\"unstyled\" data-block-weight=\"44\" data-block-id=\"4\">\n<p class=\"content-text__container \" data-track-category=\"Link no Texto\" data-track-links=\"\">Ap\u00f3s a an\u00e1lise dos recursos, o resultado final dos aprovados deve ser divulgado em 19 de dezembro. Em caso de candidatos empatados, o desempate se dar\u00e1 em favor daquele que, nesta ordem, obtiver: maior m\u00e9dia em L\u00edngua Portuguesa; maior m\u00e9dia em Matem\u00e1tica; maior idade.<\/p>\n<\/div>\n<div class=\"mc-column content-text active-extra-styles \" data-block-type=\"unstyled\" data-block-weight=\"39\" data-block-id=\"5\">\n<p class=\"content-text__container \" data-track-category=\"Link no Texto\" data-track-links=\"\">O PSCT 2018 oferta 3355 vagas em 20 campi. S\u00e3o 1735 vagas para os cursos t\u00e9cnicos integrados ao Ensino M\u00e9dio e 1620 vagas para o t\u00e9cnico subsequente. A respons\u00e1vel pela sele\u00e7\u00e3o \u00e9 a Comiss\u00e3o Permanente de Concursos P\u00fablicos (Compec).<\/p>\n<\/div>\n<div class=\"mc-column content-text active-extra-styles \" data-block-type=\"unstyled\" data-block-weight=\"34\" data-block-id=\"6\">\n<p class=\"content-text__container \" data-track-category=\"Link no Texto\" data-track-links=\"\">H\u00e1 vagas nos campi Cabedelo, Cabedelo Centro, Campina Grande, Cajazeiras, Catol\u00e9 do Rocha, Esperan\u00e7a, Guarabira, Itabaiana, Itaporanga, Jo\u00e3o Pessoa, Monteiro, Patos, Picu\u00ed, Princesa Isabel, Santa Rita, Sousa, Areia, Jo\u00e3o Pessoa\/Mangabeira, Santa Luzia e Soledade.<\/p>\n<\/div>\n<div data-track-category=\"fim do conteudo\" data-track-action=\"ultimo chunk conteudo\" data-track-noninteraction=\"false\" data-track-scroll=\"entrada completa viewport\">\n<div class=\"mc-column content-text active-extra-styles \" data-block-type=\"unstyled\" data-block-weight=\"61\" data-block-id=\"7\">\n<p class=\"content-text__container \" data-track-category=\"Link no Texto\" data-track-links=\"\">Os cursos ofertados no PSCT 2018 s\u00e3o: Automa\u00e7\u00e3o Industrial, Controle Ambiental, Contabilidade, Seguran\u00e7a no Trabalho, Geologia, Agroind\u00fastria, Recursos Pesqueiros, Multim\u00eddia, Inform\u00e1tica, Minera\u00e7\u00e3o, Petr\u00f3leo e G\u00e1s, Qu\u00edmica, Edifica\u00e7\u00f5es, Servi\u00e7os de Restaurante e Bar, Meio Ambiente, Servi\u00e7os Jur\u00eddicos, Transa\u00e7\u00f5es Imobili\u00e1rias, Guia de Turismo, Eletromec\u00e2nica, Manuten\u00e7\u00e3o e Suporte em Inform\u00e1tica, Eletr\u00f4nica, Equipamentos Biom\u00e9dicos, Secretariado, Mec\u00e2nica, Eletrot\u00e9cnica, Instrumento Musical, Eletr\u00f4nica, Cuidados de Idosos e Agropecu\u00e1ria.<\/p>\n<p><strong>CARIRI EM A\u00c7\u00c3O<\/strong><\/p>\n<p><em>Com G1 \/Foto: Google\u00a0\u00a0 <\/em><\/p>\n<p><strong>Leia mais not\u00edcias em\u00a0<\/strong><a href=\"http:\/\/www.caririemacao.com\/\"><strong>caririemacao.com<\/strong><\/a><strong>, siga nossa p\u00e1gina no\u00a0<\/strong><a href=\"https:\/\/www.facebook.com\/CaririEmAcao\/?ref=aymt_homepage_panel\"><strong>Facebook<\/strong><\/a>,<strong>\u00a0<\/strong><a href=\"https:\/\/www.instagram.com\/cariri_em_acao\/?hl=pt-br\"><strong>Instagram<\/strong><\/a><strong>\u00a0e <\/strong><a href=\"https:\/\/www.youtube.com\/channel\/UCAptA0jQuYQy8vMhLt2m4qg\"><strong>Youtube<\/strong><\/a><strong>\u00a0e veja nossas mat\u00e9rias, v\u00eddeos e fotos. Voc\u00ea tamb\u00e9m pode enviar informa\u00e7\u00f5es \u00e0 Reda\u00e7\u00e3o do Portal Cariri em A\u00e7\u00e3o pelo WhatsApp (83) 9 9634.5791, (83) 9 9601-1162.<\/strong><\/p>\n<\/div>\n<\/div>\n","protected":false},"excerpt":{"rendered":"<p>Foi divulgado, nesta ter\u00e7a-feira (12), o resultado preliminar do Processo Seletivo para os Cursos T\u00e9cnicos (PSCT 2018) do Instituto Federal de Educa\u00e7\u00e3o Ci\u00eancia e Tecnologia&hellip; <\/p>\n","protected":false},"author":2,"featured_media":12778,"comment_status":"closed","ping_status":"closed","sticky":false,"template":"","format":"standard","meta":{"sfsi_plus_gutenberg_text_before_share":"","sfsi_plus_gutenberg_show_text_before_share":"","sfsi_plus_gutenberg_icon_type":"","sfsi_plus_gutenberg_icon_alignemt":"","sfsi_plus_gutenburg_max_per_row":"","footnotes":""},"categories":[2],"tags":[],"class_list":["post-34974","post","type-post","status-publish","format-standard","has-post-thumbnail","hentry","category-geral"],"_links":{"self":[{"href":"https:\/\/www.caririemacao.com\/1\/wp-json\/wp\/v2\/posts\/34974","targetHints":{"allow":["GET"]}}],"collection":[{"href":"https:\/\/www.caririemacao.com\/1\/wp-json\/wp\/v2\/posts"}],"about":[{"href":"https:\/\/www.caririemacao.com\/1\/wp-json\/wp\/v2\/types\/post"}],"author":[{"embeddable":true,"href":"https:\/\/www.caririemacao.com\/1\/wp-json\/wp\/v2\/users\/2"}],"replies":[{"embeddable":true,"href":"https:\/\/www.caririemacao.com\/1\/wp-json\/wp\/v2\/comments?post=34974"}],"version-history":[{"count":0,"href":"https:\/\/www.caririemacao.com\/1\/wp-json\/wp\/v2\/posts\/34974\/revisions"}],"wp:featuredmedia":[{"embeddable":true,"href":"https:\/\/www.caririemacao.com\/1\/wp-json\/wp\/v2\/media\/12778"}],"wp:attachment":[{"href":"https:\/\/www.caririemacao.com\/1\/wp-json\/wp\/v2\/media?parent=34974"}],"wp:term":[{"taxonomy":"category","embeddable":true,"href":"https:\/\/www.caririemacao.com\/1\/wp-json\/wp\/v2\/categories?post=34974"},{"taxonomy":"post_tag","embeddable":true,"href":"https:\/\/www.caririemacao.com\/1\/wp-json\/wp\/v2\/tags?post=34974"}],"curies":[{"name":"wp","href":"https:\/\/api.w.org\/{rel}","templated":true}]}}