{"id":34976,"date":"2017-12-13T11:02:17","date_gmt":"2017-12-13T14:02:17","guid":{"rendered":"http:\/\/caririemacao.com\/1\/?p=34976"},"modified":"2017-12-13T11:02:17","modified_gmt":"2017-12-13T14:02:17","slug":"copa-integracao-de-futebol-realiza-cerimonia-de-premiacao-os-melhores-da-copa","status":"publish","type":"post","link":"https:\/\/www.caririemacao.com\/1\/2017\/12\/13\/copa-integracao-de-futebol-realiza-cerimonia-de-premiacao-os-melhores-da-copa\/","title":{"rendered":"Copa Integra\u00e7\u00e3o de Futebol realiza cerim\u00f4nia de premia\u00e7\u00e3o &#8220;Os Melhores da Copa&#8221;"},"content":{"rendered":"<div>A Copa Integra\u00e7\u00e3o de Futebol do Cariri, para fechar o ano com seu objetivo que \u00e9 justamente inovar dentro do futebol do Cariri. Para concluir o ano ser\u00e1 realizado um evento pioneiro dentro do cariri e regi\u00e3o. Premio do Trof\u00e9u dos melhores da Copa Integra\u00e7\u00e3o 2017.<\/div>\n<div><\/div>\n<div>Na oportunidade ser\u00e3o homenageados al\u00e9m da sele\u00e7\u00e3o da copa, como tamb\u00e9m outros seguimentos da copa como empresa de radio, blogs e demais rede social, colaboradores, representante das equipes, ex-profissionais em destaque na copa, destaque das equipes, coordena\u00e7\u00e3o de arbitragem, revela\u00e7\u00e3o da copa, craque da copa e sele\u00e7\u00e3o.<\/div>\n<div><\/div>\n<div>Esse evento ser\u00e1 realizado na pr\u00f3xima sexta feira dia 15 de dezembro, a partir das 20 horas no Balne\u00e1rio Beira Rio em S\u00e3o Jo\u00e3o do Cariri -PB.<\/div>\n<div><\/div>\n<div>Uma forte estrutura est\u00e1 sendo preparada pela o Coordenador Flavio Leonardo e sua equipe de apoio para que os homenageados e publico no geral tenha para curti em alto estilo o evento.<\/div>\n<div><\/div>\n<div>A expectativa \u00e9 bastante grande para o momento impar no futebol do cariri e a integra\u00e7\u00e3o das cidades continue e seus objetivos de valoriza\u00e7\u00e3o a prata de casa e com isso fortalecer os atletas novos com chance de seguir sua carreira profissional nesta Copa que \u00e9 uma vitrine para o futebol amador do cariri paraibano.<\/div>\n<div>Com Ascom<\/div>\n<p><strong>CARIRI EM A\u00c7\u00c3O<\/strong><\/p>\n<p><em>Com G1 \/Foto: Google\u00a0\u00a0 <\/em><\/p>\n<p><strong>Leia mais not\u00edcias em\u00a0<\/strong><a href=\"http:\/\/www.caririemacao.com\/\"><strong>caririemacao.com<\/strong><\/a><strong>, siga nossa p\u00e1gina no\u00a0<\/strong><a href=\"https:\/\/www.facebook.com\/CaririEmAcao\/?ref=aymt_homepage_panel\"><strong>Facebook<\/strong><\/a>,<strong>\u00a0<\/strong><a href=\"https:\/\/www.instagram.com\/cariri_em_acao\/?hl=pt-br\"><strong>Instagram<\/strong><\/a><strong>\u00a0e <\/strong><a href=\"https:\/\/www.youtube.com\/channel\/UCAptA0jQuYQy8vMhLt2m4qg\"><strong>Youtube<\/strong><\/a><strong>\u00a0e veja nossas mat\u00e9rias, v\u00eddeos e fotos. Voc\u00ea tamb\u00e9m pode enviar informa\u00e7\u00f5es \u00e0 Reda\u00e7\u00e3o do Portal Cariri em A\u00e7\u00e3o pelo WhatsApp (83) 9 9634.5791, (83) 9 9601-1162.<\/strong><\/p>\n","protected":false},"excerpt":{"rendered":"<p>A Copa Integra\u00e7\u00e3o de Futebol do Cariri, para fechar o ano com seu objetivo que \u00e9 justamente inovar dentro do futebol do Cariri. Para concluir&hellip; <\/p>\n","protected":false},"author":2,"featured_media":34977,"comment_status":"closed","ping_status":"closed","sticky":false,"template":"","format":"standard","meta":{"sfsi_plus_gutenberg_text_before_share":"","sfsi_plus_gutenberg_show_text_before_share":"","sfsi_plus_gutenberg_icon_type":"","sfsi_plus_gutenberg_icon_alignemt":"","sfsi_plus_gutenburg_max_per_row":"","footnotes":""},"categories":[13],"tags":[],"class_list":["post-34976","post","type-post","status-publish","format-standard","has-post-thumbnail","hentry","category-esportes"],"_links":{"self":[{"href":"https:\/\/www.caririemacao.com\/1\/wp-json\/wp\/v2\/posts\/34976","targetHints":{"allow":["GET"]}}],"collection":[{"href":"https:\/\/www.caririemacao.com\/1\/wp-json\/wp\/v2\/posts"}],"about":[{"href":"https:\/\/www.caririemacao.com\/1\/wp-json\/wp\/v2\/types\/post"}],"author":[{"embeddable":true,"href":"https:\/\/www.caririemacao.com\/1\/wp-json\/wp\/v2\/users\/2"}],"replies":[{"embeddable":true,"href":"https:\/\/www.caririemacao.com\/1\/wp-json\/wp\/v2\/comments?post=34976"}],"version-history":[{"count":0,"href":"https:\/\/www.caririemacao.com\/1\/wp-json\/wp\/v2\/posts\/34976\/revisions"}],"wp:featuredmedia":[{"embeddable":true,"href":"https:\/\/www.caririemacao.com\/1\/wp-json\/wp\/v2\/media\/34977"}],"wp:attachment":[{"href":"https:\/\/www.caririemacao.com\/1\/wp-json\/wp\/v2\/media?parent=34976"}],"wp:term":[{"taxonomy":"category","embeddable":true,"href":"https:\/\/www.caririemacao.com\/1\/wp-json\/wp\/v2\/categories?post=34976"},{"taxonomy":"post_tag","embeddable":true,"href":"https:\/\/www.caririemacao.com\/1\/wp-json\/wp\/v2\/tags?post=34976"}],"curies":[{"name":"wp","href":"https:\/\/api.w.org\/{rel}","templated":true}]}}