{"id":34979,"date":"2017-12-13T11:09:27","date_gmt":"2017-12-13T14:09:27","guid":{"rendered":"http:\/\/caririemacao.com\/1\/?p=34979"},"modified":"2017-12-13T11:09:27","modified_gmt":"2017-12-13T14:09:27","slug":"campinense-confirma-primeiro-jogo-treino-da-pre-temporada","status":"publish","type":"post","link":"https:\/\/www.caririemacao.com\/1\/2017\/12\/13\/campinense-confirma-primeiro-jogo-treino-da-pre-temporada\/","title":{"rendered":"Campinense confirma primeiro jogo-treino da pr\u00e9-temporada"},"content":{"rendered":"<p>O Campinense confirmou oficialmente a realiza\u00e7\u00e3o do primeiro jogo-treino da temporada 2018. O confronto ser\u00e1 no pr\u00f3ximo s\u00e1bado, dia 16, contra o selecionado de Galante, \u00e0s 15h30, no est\u00e1dio Renat\u00e3o, em Campina Grande.<\/p>\n<p>O teste serve de prepara\u00e7\u00e3o para o Campeonato Paraibano, marcado para iniciar em 07 de Janeiro, diante da Desportiva Guarabira, no est\u00e1dio Silvio Porto. Neste primeiro jogo-treino, o t\u00e9cnico Celso Teixeira deve utilizar grande parte do elenco que est\u00e1 \u00e0 disposi\u00e7\u00e3o.<\/p>\n<p>&nbsp;<\/p>\n<p><strong>CARIRI EM A\u00c7\u00c3O<\/strong><\/p>\n<p><em>Com PB Esportes \/Foto: Google\u00a0\u00a0 <\/em><\/p>\n<p><strong>Leia mais not\u00edcias em\u00a0<\/strong><a href=\"http:\/\/www.caririemacao.com\/\"><strong>caririemacao.com<\/strong><\/a><strong>, siga nossa p\u00e1gina no\u00a0<\/strong><a href=\"https:\/\/www.facebook.com\/CaririEmAcao\/?ref=aymt_homepage_panel\"><strong>Facebook<\/strong><\/a>,<strong>\u00a0<\/strong><a href=\"https:\/\/www.instagram.com\/cariri_em_acao\/?hl=pt-br\"><strong>Instagram<\/strong><\/a><strong>\u00a0e <\/strong><a href=\"https:\/\/www.youtube.com\/channel\/UCAptA0jQuYQy8vMhLt2m4qg\"><strong>Youtube<\/strong><\/a><strong>\u00a0e veja nossas mat\u00e9rias, v\u00eddeos e fotos. Voc\u00ea tamb\u00e9m pode enviar informa\u00e7\u00f5es \u00e0 Reda\u00e7\u00e3o do Portal Cariri em A\u00e7\u00e3o pelo WhatsApp (83) 9 9634.5791, (83) 9 9601-1162.<\/strong><\/p>\n","protected":false},"excerpt":{"rendered":"<p>O Campinense confirmou oficialmente a realiza\u00e7\u00e3o do primeiro jogo-treino da temporada 2018. O confronto ser\u00e1 no pr\u00f3ximo s\u00e1bado, dia 16, contra o selecionado de Galante,&hellip; <\/p>\n","protected":false},"author":2,"featured_media":34980,"comment_status":"closed","ping_status":"closed","sticky":false,"template":"","format":"standard","meta":{"sfsi_plus_gutenberg_text_before_share":"","sfsi_plus_gutenberg_show_text_before_share":"","sfsi_plus_gutenberg_icon_type":"","sfsi_plus_gutenberg_icon_alignemt":"","sfsi_plus_gutenburg_max_per_row":"","footnotes":""},"categories":[13],"tags":[],"class_list":["post-34979","post","type-post","status-publish","format-standard","has-post-thumbnail","hentry","category-esportes"],"_links":{"self":[{"href":"https:\/\/www.caririemacao.com\/1\/wp-json\/wp\/v2\/posts\/34979","targetHints":{"allow":["GET"]}}],"collection":[{"href":"https:\/\/www.caririemacao.com\/1\/wp-json\/wp\/v2\/posts"}],"about":[{"href":"https:\/\/www.caririemacao.com\/1\/wp-json\/wp\/v2\/types\/post"}],"author":[{"embeddable":true,"href":"https:\/\/www.caririemacao.com\/1\/wp-json\/wp\/v2\/users\/2"}],"replies":[{"embeddable":true,"href":"https:\/\/www.caririemacao.com\/1\/wp-json\/wp\/v2\/comments?post=34979"}],"version-history":[{"count":0,"href":"https:\/\/www.caririemacao.com\/1\/wp-json\/wp\/v2\/posts\/34979\/revisions"}],"wp:featuredmedia":[{"embeddable":true,"href":"https:\/\/www.caririemacao.com\/1\/wp-json\/wp\/v2\/media\/34980"}],"wp:attachment":[{"href":"https:\/\/www.caririemacao.com\/1\/wp-json\/wp\/v2\/media?parent=34979"}],"wp:term":[{"taxonomy":"category","embeddable":true,"href":"https:\/\/www.caririemacao.com\/1\/wp-json\/wp\/v2\/categories?post=34979"},{"taxonomy":"post_tag","embeddable":true,"href":"https:\/\/www.caririemacao.com\/1\/wp-json\/wp\/v2\/tags?post=34979"}],"curies":[{"name":"wp","href":"https:\/\/api.w.org\/{rel}","templated":true}]}}